{"id":87928,"date":"2018-08-22T05:04:52","date_gmt":"2018-08-22T09:04:52","guid":{"rendered":"http:\/\/www.eltrabajo.cl\/2017\/?p=87928"},"modified":"2018-08-22T05:04:52","modified_gmt":"2018-08-22T09:04:52","slug":"hondo-drama-viven-joven-madre-noruega-y-su-hijo-inserto-en-casa-de-acogida","status":"publish","type":"post","link":"https:\/\/eltrabajo.cl\/portal\/hondo-drama-viven-joven-madre-noruega-y-su-hijo-inserto-en-casa-de-acogida\/","title":{"rendered":"Hondo drama viven joven madre noruega y su hijo inserto en Casa de Acogida"},"content":{"rendered":"<figure id=\"attachment_87929\" aria-describedby=\"caption-attachment-87929\" style=\"width: 580px\" class=\"wp-caption alignnone\"><img data-recalc-dims=\"1\" loading=\"lazy\" decoding=\"async\" class=\"size-full wp-image-87929\" src=\"https:\/\/i0.wp.com\/www.eltrabajo.cl\/2017\/wp-content\/uploads\/2018\/08\/Noruega_Hege-Therese-Rangvaldsen.jpg?resize=580%2C563\" alt=\"Hege Therese Rangvaldsen, madre europea que solicita al Tribunal de Familia un cambio de Familia Cuidadora para poder acceder a su hijo.\" width=\"580\" height=\"563\" srcset=\"https:\/\/i0.wp.com\/eltrabajo.cl\/portal\/wp-content\/uploads\/2018\/08\/Noruega_Hege-Therese-Rangvaldsen.jpg?w=580&amp;ssl=1 580w, https:\/\/i0.wp.com\/eltrabajo.cl\/portal\/wp-content\/uploads\/2018\/08\/Noruega_Hege-Therese-Rangvaldsen.jpg?resize=155%2C150&amp;ssl=1 155w, https:\/\/i0.wp.com\/eltrabajo.cl\/portal\/wp-content\/uploads\/2018\/08\/Noruega_Hege-Therese-Rangvaldsen.jpg?resize=300%2C291&amp;ssl=1 300w, https:\/\/i0.wp.com\/eltrabajo.cl\/portal\/wp-content\/uploads\/2018\/08\/Noruega_Hege-Therese-Rangvaldsen.jpg?resize=400%2C388&amp;ssl=1 400w\" sizes=\"auto, (max-width: 580px) 100vw, 580px\" \/><figcaption id=\"caption-attachment-87929\" class=\"wp-caption-text\">Hege Therese Rangvaldsen, madre europea que solicita al Tribunal de Familia un cambio de Familia Cuidadora para poder acceder a su hijo.<\/figcaption><\/figure>\n<p><span style=\"color: #ff0000;\"><strong>Le quitaron a su hijo para dejarlo en casa de su excu\u00f1ado:<\/strong><\/span><\/p>\n<ul>\n<li><strong>Programa FAE asegura que \u2018no tiene por qu\u00e9 responder a Diario El Trabajo, y s\u00f3lo rinde cuentas a sus superiores\u2019. El menor y su madre son noruegos, situaci\u00f3n que podr\u00eda gatillar incidente internacional si embajada europea interviene. <\/strong><\/li>\n<\/ul>\n<p>Imaginemos que una joven madre noruega deje, por las razones que sea, su pa\u00eds para venir a Chile a buscar la felicidad y formar un hogar; imaginemos luego que las cosas no salen bien, ya est\u00e1 en otro pa\u00eds, no se rinde, busca rehacer su vida para encontrar ese derecho humano: La Felicidad.<br \/>\nDicho esto, para entrar en esa \u2018Dimensi\u00f3n Desconocida\u2019, imaginemos tambi\u00e9n, por absurdo que pueda parecer, que ella llega a separarse en malos t\u00e9rminos de su \u00faltima pareja, y tras eso, en esa ruptura pierde a uno de sus hijos, un ni\u00f1o nacido en Noruega como ella. Por razones determinadas, justificadas o no, pierde la tutela de su hijo; imaginemos para agravar esta historia, que un Juez de Familia y un equipo de psic\u00f3logos del Programa de Familia de Acogida Especializada (FAE) de San Felipe, determinaron que dejar a ese menor europeo bajo la tutela de familiares directos del Ex de la chica, es la mejor opci\u00f3n para hacerse cargo del menor.<br \/>\nEs aqu\u00ed donde la noruega Hege Therese Rangvaldsen, luego que presuntamente recibiera amenazas de muerte y humillaciones para que no se acerque a la casa de acogida donde est\u00e1 su hijo, y luego tambi\u00e9n de solicitar en varias ocasiones al equipo t\u00e9cnico a cargo del proceso del ni\u00f1o, que por favor le asignen a otra familia de acogida en donde s\u00ed le permitan tener las visitas a su hijo, y tras no recibir respuesta a tal pedido, decidi\u00f3 buscar voz en Diario El Trabajo, argumentando que ella tiene trabajo, ama a sus hijos, pero que no comprende por qu\u00e9 el juez de Familia no asigna a otra familia cuidadora, en lugar de una familia a la que su Ex tiene acceso total.<br \/>\n\u00abQuiero recuperar a mi hijo, quiero que vuelva conmigo, o bien quiero que \u00e9l pueda estar en casa de una cuidadora con la que yo pueda acceder a mi hijo cuando sean las citas que el Juzgado me asigne, actualmente mi hijo est\u00e1 en casa de un hermano de mi expololo y no puedo siquiera tener una colaci\u00f3n con mi hijo, creo que es un da\u00f1o que me quieren hacer porque yo dej\u00e9 a su hermano, fui para hablar con los psic\u00f3logos de la FAE pero me dicen que tienen que trabajar con el ni\u00f1o, ya han pasado cuatro meses y nada ha pasado, el Tribunal determin\u00f3 que yo tengo que mantener mi visita a mi hijo, pero la familia de mi Ex, la cuidadora, no me permiten hacerlo (\u2026) mi hijo cuando puede, en la escuela logra que alg\u00fan compa\u00f1ero le ayude a hablar conmigo, \u00e9l me pide que lo visite, que me quiere mucho, pero que no revelen que habl\u00f3 conmigo, \u00bfc\u00f3mo a un ni\u00f1o se le puede prohibir que hable con su madre?, recibo llamadas donde mi ex me amenaza para que no llegue yo a visitar a mi hijo (en Diario El Trabajo tenemos los audios)\u00bb, coment\u00f3 la joven Hege Therese.<\/p>\n<p><span style=\"color: #ff0000;\"><strong>CUIDADOR RESPONDE<\/strong><\/span><br \/>\nDiario El Trabajo pudo hablar con el padre cuidador, empresario sanfelipe\u00f1o que tiene a su cargo al menor europeo. El hombre reconoce e identifica positivamente la voz y amenazas de muerte escritas por su hermano hacia la madre extranjera, pero argumenta tambi\u00e9n que su hermano s\u00f3lo lo hizo por rabia y que eso es parte del pasado.<br \/>\n\u00abMi hermano anduvo con esta dama, \u00e9l le cri\u00f3 sus tres hijos durante alg\u00fan tiempo, la aliment\u00f3, le dio trabajo, se le dio ayuda y cuid\u00f3 a sus tres hijos, esto es un tema de que mi hermano se encontr\u00f3 con una mujer bella y se enamor\u00f3 (\u2026) cuando ella amenaz\u00f3 con dejarlo, es cierto, \u00e9l la amenaz\u00f3, estaba muy molesto, con rabia, pero hace m\u00e1s de siete meses que \u00e9l est\u00e1 trabajando en San Antonio y no hay alguna denuncia similar o de maltrato, \u00e9l viene solamente a mi casa cuando le toca venirse a San Felipe (\u2026) en cuanto a que mi hermano tenga acceso a mi casa, donde est\u00e1 el ni\u00f1o, s\u00ed, \u00e9l tiene acceso a mi casa porque trabaja en mi empresa, si \u00e9l es mi hermano claro que tiene acceso, en cuanto a la madre del ni\u00f1o, ella no tiene acceso a mi casa para ver su ni\u00f1o, si desea tener visita, debe ser en las oficinas del FAE, en San Felipe, visitas supervisadas por trabajadores sociales\u00bb, dijo el empresario y cuidador del ni\u00f1o.<\/p>\n<p><span style=\"color: #ff0000;\"><strong>AS\u00cd RESPONDE FAE<\/strong><\/span><br \/>\nNuestro medio busc\u00f3 respuestas en la oficina FAE Aconcagua, aqu\u00ed en San Felipe, una vez que tomaron conocimiento de nuestra solicitud a responder a la pregunta \u00bfPor qu\u00e9 un juez de Familia, y por qu\u00e9 un equipo de psic\u00f3logos determinaron que este ni\u00f1o est\u00e1 bajo la influencia territorial de el exc\u00f3nyuge de la madre del ni\u00f1o y no bajo el abrigo de una familia cuidadora neutral?, ante esta y otras preguntas que hizo Diario El Trabajo, la respuesta fue \u00e9sta: \u00abNosotros no tenemos por qu\u00e9 responder a ning\u00fan Diario, s\u00f3lo rendimos cuenta al Tribunal y al Sename\u00bb.<\/p>\n<p><span style=\"color: #ff0000;\"><strong>SENAME RESPONDE<\/strong><\/span><br \/>\nTambi\u00e9n Diario El Trabajo solicit\u00f3 respuestas a la Direcci\u00f3n Regional de Valpara\u00edso del Sename, desde donde se nos inform\u00f3 que: \u00abPara ser familia de acogida no es necesario tener un v\u00ednculo consangu\u00edneo con el ni\u00f1o que est\u00e1 bajo su cuidado. Son los Tribunales de Familia los que determinan las medidas de protecci\u00f3n en este tipo de casos, y el que estableci\u00f3 en la \u00faltima audiencia es que debe existir un r\u00e9gimen de visitas\u00bb.<\/p>\n<p><span style=\"color: #ff0000;\"><strong>LA RESOLUCI\u00d3N<\/strong><\/span><br \/>\nEs tambi\u00e9n importante se\u00f1alar a nuestros lectores y a toda la opini\u00f3n p\u00fablica, que estos audios, amenazas y otros datos sensibles en torno a esta historia, es de pleno conocimiento del Tribunal de Familia de San Felipe, pero a\u00fan as\u00ed y de acuerdo a la Resoluci\u00f3n del 13 de agosto pasado de este ente judicial dict\u00f3 lo siguiente:<br \/>\n\u00abQue se mantiene la medida de protecci\u00f3n de ingreso del ni\u00f1o (\u2026) ya individualizado, en el programa de Familias de Acogida Especializada (\u2026) que se mantiene el r\u00e9gimen comunicacional entre el ni\u00f1o (\u2026) y su madre Hege Therese Rangvaldsen, aprobado en audiencia celebrada con fecha 11 de junio de 2018 (medida que la familia de acogida no estar\u00eda cumpliendo, seg\u00fan lo reclama la madre)\u00bb.<\/p>\n<p><span style=\"color: #ff0000;\"><strong>TRISTE EP\u00cdLOGO<\/strong><\/span><br \/>\nFinalmente y entendiendo que no contamos con todos los elementos de juicio de esta historia en virtud del hermetismo de las autoridades a cargo, como medio de comunicaci\u00f3n consideramos que, a lo menos, existen dudas razonables para pensar que los derechos del ni\u00f1o pudieran estar siendo vulnerados por las entidades llamadas precisamente a velar por su cuidado, ya que el menor tiene derecho a mantener el v\u00ednculo con su madre, lo que no se estar\u00eda respetando; que por lo dem\u00e1s el menor es un ciudadano noruego residente en Chile, cuyos derechos podr\u00edan estar siendo vulnerados con la complicidad -por error u omisi\u00f3n- de organismos del Estado de Chile; y por \u00faltimo, que personal del FAE se atribuya una condici\u00f3n \u00fanica en el mundo al considerarse libre del escrutinio p\u00fablico. Nuestro medio dar\u00e1 seguimiento a esta historia, la cual esperamos tenga un final positivo atendido el inter\u00e9s superior del ni\u00f1o.<br \/>\n<strong>Roberto Gonz\u00e1lez Short<\/strong><\/p>\n<figure id=\"attachment_87930\" aria-describedby=\"caption-attachment-87930\" style=\"width: 580px\" class=\"wp-caption alignnone\"><img data-recalc-dims=\"1\" loading=\"lazy\" decoding=\"async\" class=\"size-full wp-image-87930\" src=\"https:\/\/i0.wp.com\/www.eltrabajo.cl\/2017\/wp-content\/uploads\/2018\/08\/Noruega1.jpg?resize=580%2C399\" alt=\"FAE EN SILENCIO.- Diario El Trabajo busc\u00f3 respuestas en la oficina del FAE Aconcagua, pero la respuesta fue m\u00e1s que tajante: \u00abNosotros no tenemos por qu\u00e9 responder a ning\u00fan Diario, s\u00f3lo rendimos cuenta al Tribunal y al Sename\u00bb.\" width=\"580\" height=\"399\" srcset=\"https:\/\/i0.wp.com\/eltrabajo.cl\/portal\/wp-content\/uploads\/2018\/08\/Noruega1.jpg?w=580&amp;ssl=1 580w, https:\/\/i0.wp.com\/eltrabajo.cl\/portal\/wp-content\/uploads\/2018\/08\/Noruega1.jpg?resize=200%2C138&amp;ssl=1 200w, https:\/\/i0.wp.com\/eltrabajo.cl\/portal\/wp-content\/uploads\/2018\/08\/Noruega1.jpg?resize=300%2C206&amp;ssl=1 300w, https:\/\/i0.wp.com\/eltrabajo.cl\/portal\/wp-content\/uploads\/2018\/08\/Noruega1.jpg?resize=218%2C150&amp;ssl=1 218w, https:\/\/i0.wp.com\/eltrabajo.cl\/portal\/wp-content\/uploads\/2018\/08\/Noruega1.jpg?resize=400%2C275&amp;ssl=1 400w\" sizes=\"auto, (max-width: 580px) 100vw, 580px\" \/><figcaption id=\"caption-attachment-87930\" class=\"wp-caption-text\">FAE EN SILENCIO.- Diario El Trabajo busc\u00f3 respuestas en la oficina del FAE Aconcagua, pero la respuesta fue m\u00e1s que tajante: \u00abNosotros no tenemos por qu\u00e9 responder a ning\u00fan Diario, s\u00f3lo rendimos cuenta al Tribunal y al Sename\u00bb.<\/figcaption><\/figure>\n","protected":false},"excerpt":{"rendered":"<p>Le quitaron a su hijo para dejarlo en casa de su excu\u00f1ado: Programa FAE asegura que \u2018no tiene por qu\u00e9 responder a Diario El Trabajo, y s\u00f3lo rinde cuentas a sus superiores\u2019&#8230;.<\/p>\n","protected":false},"author":1,"featured_media":87931,"comment_status":"open","ping_status":"open","sticky":false,"template":"","format":"standard","meta":{"advanced_seo_description":"","jetpack_seo_html_title":"","jetpack_seo_noindex":false,"_jetpack_memberships_contains_paid_content":false,"footnotes":""},"categories":[15],"tags":[],"class_list":["post-87928","post","type-post","status-publish","format-standard","has-post-thumbnail","hentry","category-comunidad"],"jetpack_featured_media_url":"https:\/\/i0.wp.com\/eltrabajo.cl\/portal\/wp-content\/uploads\/2018\/08\/Noruega_Hege-Therese-Rangvaldsen1.jpg?fit=580%2C400&ssl=1","jetpack_sharing_enabled":true,"jetpack_likes_enabled":true,"jetpack-related-posts":[],"_links":{"self":[{"href":"https:\/\/eltrabajo.cl\/portal\/wp-json\/wp\/v2\/posts\/87928","targetHints":{"allow":["GET"]}}],"collection":[{"href":"https:\/\/eltrabajo.cl\/portal\/wp-json\/wp\/v2\/posts"}],"about":[{"href":"https:\/\/eltrabajo.cl\/portal\/wp-json\/wp\/v2\/types\/post"}],"author":[{"embeddable":true,"href":"https:\/\/eltrabajo.cl\/portal\/wp-json\/wp\/v2\/users\/1"}],"replies":[{"embeddable":true,"href":"https:\/\/eltrabajo.cl\/portal\/wp-json\/wp\/v2\/comments?post=87928"}],"version-history":[{"count":0,"href":"https:\/\/eltrabajo.cl\/portal\/wp-json\/wp\/v2\/posts\/87928\/revisions"}],"wp:featuredmedia":[{"embeddable":true,"href":"https:\/\/eltrabajo.cl\/portal\/wp-json\/wp\/v2\/media\/87931"}],"wp:attachment":[{"href":"https:\/\/eltrabajo.cl\/portal\/wp-json\/wp\/v2\/media?parent=87928"}],"wp:term":[{"taxonomy":"category","embeddable":true,"href":"https:\/\/eltrabajo.cl\/portal\/wp-json\/wp\/v2\/categories?post=87928"},{"taxonomy":"post_tag","embeddable":true,"href":"https:\/\/eltrabajo.cl\/portal\/wp-json\/wp\/v2\/tags?post=87928"}],"curies":[{"name":"wp","href":"https:\/\/api.w.org\/{rel}","templated":true}]}}