{"id":87959,"date":"2018-08-24T05:01:22","date_gmt":"2018-08-24T09:01:22","guid":{"rendered":"http:\/\/www.eltrabajo.cl\/2017\/?p=87959"},"modified":"2018-08-24T05:01:22","modified_gmt":"2018-08-24T09:01:22","slug":"en-una-semana-se-jugara-la-iv-copa-de-ajedrez-diario-el-trabajo-2018","status":"publish","type":"post","link":"https:\/\/eltrabajo.cl\/portal\/en-una-semana-se-jugara-la-iv-copa-de-ajedrez-diario-el-trabajo-2018\/","title":{"rendered":"En una semana se jugar\u00e1 la IV Copa de Ajedrez Diario El Trabajo 2018"},"content":{"rendered":"<figure id=\"attachment_87960\" aria-describedby=\"caption-attachment-87960\" style=\"width: 580px\" class=\"wp-caption alignnone\"><img data-recalc-dims=\"1\" loading=\"lazy\" decoding=\"async\" class=\"size-full wp-image-87960\" src=\"https:\/\/i0.wp.com\/www.eltrabajo.cl\/2017\/wp-content\/uploads\/2018\/08\/Copa1.jpg?resize=580%2C400\" alt=\"QUE SE REPITA.- As\u00ed fue el cierre de la Copa Diario El Trabajo 2017, organizada por la Escuela Jos\u00e9 de San Mart\u00edn.\" width=\"580\" height=\"400\" srcset=\"https:\/\/i0.wp.com\/eltrabajo.cl\/portal\/wp-content\/uploads\/2018\/08\/Copa1.jpg?w=580&amp;ssl=1 580w, https:\/\/i0.wp.com\/eltrabajo.cl\/portal\/wp-content\/uploads\/2018\/08\/Copa1.jpg?resize=200%2C138&amp;ssl=1 200w, https:\/\/i0.wp.com\/eltrabajo.cl\/portal\/wp-content\/uploads\/2018\/08\/Copa1.jpg?resize=300%2C207&amp;ssl=1 300w, https:\/\/i0.wp.com\/eltrabajo.cl\/portal\/wp-content\/uploads\/2018\/08\/Copa1.jpg?resize=218%2C150&amp;ssl=1 218w, https:\/\/i0.wp.com\/eltrabajo.cl\/portal\/wp-content\/uploads\/2018\/08\/Copa1.jpg?resize=400%2C276&amp;ssl=1 400w\" sizes=\"auto, (max-width: 580px) 100vw, 580px\" \/><figcaption id=\"caption-attachment-87960\" class=\"wp-caption-text\">QUE SE REPITA.- As\u00ed fue el cierre de la Copa Diario El Trabajo 2017, organizada por la Escuela Jos\u00e9 de San Mart\u00edn.<\/figcaption><\/figure>\n<p><strong><span style=\"color: #ff0000;\">Organizado por la Escuela Jos\u00e9 de San Mart\u00edn:<\/span><\/strong><\/p>\n<p>Regresar\u00e1 en serio la acci\u00f3n ajedrec\u00edstica este viernes 31 de agosto a la Escuela Jos\u00e9 de San Mart\u00edn, en la cuarta edici\u00f3n de la Copa Diario El Trabajo 2018, jornada de \u2018cerebros\u2019 en la que se ver\u00e1n las caras los mejores jugadores del Deporte Ciencia del Valle de Aconcagua para disputarse la copa principal del torneo.<br \/>\nSe trata de una iniciativa desarrollada por cuarto a\u00f1o consecutivo por la directora de esta casa educativa, Ximena Baquedano, y el instructor de ajedrez Guillermo Quijanes Villarreal. Es importante tambi\u00e9n recordar a nuestros lectores que el campe\u00f3n 2017 fue Alexander P\u00e9rez.<br \/>\n\u00abEn el marco del Aniversario 175 de la Escuela Jos\u00e9 de San Mart\u00edn, estaremos desarrollando la cuarta versi\u00f3n del torneo de ajedrez Copa Diario El Trabajo 2018, instancia que a\u00f1o tras a\u00f1o permite a j\u00f3venes exponentes del ajedrez el participar de tan apreciado campeonato. Los estudiantes de nuestra escuela cuentan con sus polerones de ajedrecista, especialmente dise\u00f1ados por los alumnos y obtenidos mediante el financiamiento de la Ley SEP. Es de real importancia para la escuela brindar diversas oportunidades a sus estudiantes que permitan desarrollarse de manera \u00edntegra, fortaleciendo de esta forma su autoestima acad\u00e9mica, mediante un dise\u00f1o de aprendizaje desafiante, pero posible de alcanzar. Tambi\u00e9n agradecemos a Diario El Trabajo todo el apoyo a nuestra escuela\u00bb, coment\u00f3 la directora Ximena Baquedano.<\/p>\n<p><span style=\"color: #ff0000;\"><strong>POR INVITACI\u00d3N<\/strong><\/span><br \/>\nNuestro medio tambi\u00e9n habl\u00f3 con Guillermo Quijanes, fiel promotor de este torneo y tambi\u00e9n del ajedrez en todo Aconcagua.<br \/>\n\u00abUn nuevo desaf\u00edo deportivo es el que enfrentaremos este pr\u00f3ximo viernes en nuestra escuela, en primera instancia deseo dar las gracias a mi directora Ximena Baquedano, por el apoyo en esta gesti\u00f3n conmemorativa para hacer este torneo, al mismo Diario El Trabajo, por la gran promoci\u00f3n a nuestro trabajo y al deporte estudiantil no s\u00f3lo de nuestra escuela, sino tambi\u00e9n en todo el valle. Este a\u00f1o se participar\u00e1 en la Copa Diario El Trabajo s\u00f3lo por invitaci\u00f3n, y las escuelas invitadas son: Escuela Industrial de San Felipe; Escuela Agr\u00edcola; Escuela Espa\u00f1a, de Los Andes; Colegio Alem\u00e1n, de San Felipe; Colegio Curim\u00f3n; Liceo Roberto Humeres y nosotros Escuela Jos\u00e9 de San Mart\u00edn, como escuela anfitriona. Este torneo iniciar\u00e1 a las 14:30 horas\u00bb, dijo a nuestro medio el organizador e instructor de ajedrez, Quijanes.<\/p>\n<p><span style=\"color: #ff0000;\"><strong>\u00bfQUI\u00c9N ES QUIJANES?<\/strong><\/span><br \/>\nTambi\u00e9n hoy compartimos con nuestros lectores una breve rese\u00f1a de Guillermo Quijanes, instructor de ajedrez que desde que ten\u00eda 11 a\u00f1os de edad empez\u00f3 a practicar este complejo juego de mesa.<br \/>\n<strong>&#8211; \u00bfC\u00f3mo te convertiste en instructor de ajedrez?<\/strong><br \/>\n&#8211; Bueno, tengo 44 a\u00f1os de edad, soy el mayor de dos hermanos, Julio y yo, aprend\u00ed a jugar ajedrez a mis 11 a\u00f1os, s\u00f3lo por diversi\u00f3n. Recuerdo que siendo estudiante jugaba mucho en el colegio, as\u00ed creci\u00f3 en m\u00ed esta pasi\u00f3n por el juego, por mejorar y aprender m\u00e1s.<br \/>\n<strong>&#8211; \u00bfC\u00f3mo te perfilaste para ser instructor y formador de ni\u00f1os ajedrecistas?<\/strong><br \/>\n&#8211; Recuerdo que en esos a\u00f1os, a\u00f1os de estudiante, fund\u00e9 un club de ajedrez, se llamaba Club de Ajedrez Pe\u00f3n Al Paso, funcion\u00f3 desde el a\u00f1o 2000 a 2008, ya no existe, pero durante todo ese tiempo sirvi\u00f3 para llevar a ni\u00f1os a competencias en toda la V Regi\u00f3n y a Santiago, as\u00ed, cuando en 2003 incorporaron la Jornada Completa en las escuelas, el ajedrez pas\u00f3 a ser una materia m\u00e1s, o al menos los talleres que yo impart\u00eda tomaron m\u00e1s fuerza.<br \/>\n<strong>&#8211; \u00bfLogros obtenidos para sus alumnos a nivel de participaci\u00f3n?<\/strong><br \/>\n&#8211; S\u00ed. Muchos. Primero decir que ellos, mis alumnos, nunca olvidar\u00e1n c\u00f3mo se juega, ellos aprendieron a crear estrategias no solamente para jugar, aprendieron an\u00e1lisis, memoria espacial, planificaci\u00f3n, ejecuci\u00f3n y concentraci\u00f3n proyectada, a nivel de competencias, llegaron a participar en torneos dentro de Santiago y la V Regi\u00f3n, fueron al Sudamericano 2018 y al Panamericano 2018, ambos en Santiago.<br \/>\n<strong>Roberto Gonz\u00e1lez Short<\/strong><\/p>\n<figure id=\"attachment_87961\" aria-describedby=\"caption-attachment-87961\" style=\"width: 580px\" class=\"wp-caption alignnone\"><img data-recalc-dims=\"1\" loading=\"lazy\" decoding=\"async\" class=\"size-full wp-image-87961\" src=\"https:\/\/i0.wp.com\/www.eltrabajo.cl\/2017\/wp-content\/uploads\/2018\/08\/Copa2.jpg?resize=580%2C399\" alt=\"J\u00d3VENES DEL AJEDREZ.- Fueron instantes de nervios, alegr\u00edas y frustraciones durante la jornada de la III Copa de Ajedrez Diario El Trabajo 2017.\" width=\"580\" height=\"399\" srcset=\"https:\/\/i0.wp.com\/eltrabajo.cl\/portal\/wp-content\/uploads\/2018\/08\/Copa2.jpg?w=580&amp;ssl=1 580w, https:\/\/i0.wp.com\/eltrabajo.cl\/portal\/wp-content\/uploads\/2018\/08\/Copa2.jpg?resize=200%2C138&amp;ssl=1 200w, https:\/\/i0.wp.com\/eltrabajo.cl\/portal\/wp-content\/uploads\/2018\/08\/Copa2.jpg?resize=300%2C206&amp;ssl=1 300w, https:\/\/i0.wp.com\/eltrabajo.cl\/portal\/wp-content\/uploads\/2018\/08\/Copa2.jpg?resize=218%2C150&amp;ssl=1 218w, https:\/\/i0.wp.com\/eltrabajo.cl\/portal\/wp-content\/uploads\/2018\/08\/Copa2.jpg?resize=400%2C275&amp;ssl=1 400w\" sizes=\"auto, (max-width: 580px) 100vw, 580px\" \/><figcaption id=\"caption-attachment-87961\" class=\"wp-caption-text\">J\u00d3VENES DEL AJEDREZ.- Fueron instantes de nervios, alegr\u00edas y frustraciones durante la jornada de la III Copa de Ajedrez Diario El Trabajo 2017.<\/figcaption><\/figure>\n<figure id=\"attachment_87962\" aria-describedby=\"caption-attachment-87962\" style=\"width: 580px\" class=\"wp-caption alignnone\"><img data-recalc-dims=\"1\" loading=\"lazy\" decoding=\"async\" class=\"size-full wp-image-87962\" src=\"https:\/\/i0.wp.com\/www.eltrabajo.cl\/2017\/wp-content\/uploads\/2018\/08\/Copa3.jpg?resize=580%2C400\" alt=\"LOS GESTORES.- Guillermo Quijanes, Ang\u00e9lica Juri, Ximena Baquedano y el director de Diario El Trabajo, Marco Antonio Juri, posaron en su momento para nuestras c\u00e1maras con la copa simb\u00f3lica del torneo.\" width=\"580\" height=\"400\" srcset=\"https:\/\/i0.wp.com\/eltrabajo.cl\/portal\/wp-content\/uploads\/2018\/08\/Copa3.jpg?w=580&amp;ssl=1 580w, https:\/\/i0.wp.com\/eltrabajo.cl\/portal\/wp-content\/uploads\/2018\/08\/Copa3.jpg?resize=200%2C138&amp;ssl=1 200w, https:\/\/i0.wp.com\/eltrabajo.cl\/portal\/wp-content\/uploads\/2018\/08\/Copa3.jpg?resize=300%2C207&amp;ssl=1 300w, https:\/\/i0.wp.com\/eltrabajo.cl\/portal\/wp-content\/uploads\/2018\/08\/Copa3.jpg?resize=218%2C150&amp;ssl=1 218w, https:\/\/i0.wp.com\/eltrabajo.cl\/portal\/wp-content\/uploads\/2018\/08\/Copa3.jpg?resize=400%2C276&amp;ssl=1 400w\" sizes=\"auto, (max-width: 580px) 100vw, 580px\" \/><figcaption id=\"caption-attachment-87962\" class=\"wp-caption-text\">LOS GESTORES.- Guillermo Quijanes, Ang\u00e9lica Juri, Ximena Baquedano y el director de Diario El Trabajo, Marco Antonio Juri, posaron en su momento para nuestras c\u00e1maras con la copa simb\u00f3lica del torneo.<\/figcaption><\/figure>\n","protected":false},"excerpt":{"rendered":"<p>Organizado por la Escuela Jos\u00e9 de San Mart\u00edn: Regresar\u00e1 en serio la acci\u00f3n ajedrec\u00edstica este viernes 31 de agosto a la Escuela Jos\u00e9 de San Mart\u00edn, en la cuarta edici\u00f3n de la&#8230;<\/p>\n","protected":false},"author":1,"featured_media":87961,"comment_status":"open","ping_status":"open","sticky":false,"template":"","format":"standard","meta":{"advanced_seo_description":"","jetpack_seo_html_title":"","jetpack_seo_noindex":false,"_jetpack_memberships_contains_paid_content":false,"footnotes":""},"categories":[15],"tags":[],"class_list":["post-87959","post","type-post","status-publish","format-standard","has-post-thumbnail","hentry","category-comunidad"],"jetpack_featured_media_url":"https:\/\/i0.wp.com\/eltrabajo.cl\/portal\/wp-content\/uploads\/2018\/08\/Copa2.jpg?fit=580%2C399&ssl=1","jetpack_sharing_enabled":true,"jetpack_likes_enabled":true,"jetpack-related-posts":[],"_links":{"self":[{"href":"https:\/\/eltrabajo.cl\/portal\/wp-json\/wp\/v2\/posts\/87959","targetHints":{"allow":["GET"]}}],"collection":[{"href":"https:\/\/eltrabajo.cl\/portal\/wp-json\/wp\/v2\/posts"}],"about":[{"href":"https:\/\/eltrabajo.cl\/portal\/wp-json\/wp\/v2\/types\/post"}],"author":[{"embeddable":true,"href":"https:\/\/eltrabajo.cl\/portal\/wp-json\/wp\/v2\/users\/1"}],"replies":[{"embeddable":true,"href":"https:\/\/eltrabajo.cl\/portal\/wp-json\/wp\/v2\/comments?post=87959"}],"version-history":[{"count":0,"href":"https:\/\/eltrabajo.cl\/portal\/wp-json\/wp\/v2\/posts\/87959\/revisions"}],"wp:featuredmedia":[{"embeddable":true,"href":"https:\/\/eltrabajo.cl\/portal\/wp-json\/wp\/v2\/media\/87961"}],"wp:attachment":[{"href":"https:\/\/eltrabajo.cl\/portal\/wp-json\/wp\/v2\/media?parent=87959"}],"wp:term":[{"taxonomy":"category","embeddable":true,"href":"https:\/\/eltrabajo.cl\/portal\/wp-json\/wp\/v2\/categories?post=87959"},{"taxonomy":"post_tag","embeddable":true,"href":"https:\/\/eltrabajo.cl\/portal\/wp-json\/wp\/v2\/tags?post=87959"}],"curies":[{"name":"wp","href":"https:\/\/api.w.org\/{rel}","templated":true}]}}