{"id":87964,"date":"2018-08-24T05:02:34","date_gmt":"2018-08-24T09:02:34","guid":{"rendered":"http:\/\/www.eltrabajo.cl\/2017\/?p=87964"},"modified":"2018-08-24T05:02:34","modified_gmt":"2018-08-24T09:02:34","slug":"dos-mil-doscientas-personas-quedaron-exentas-de-pagar-derecho-de-aseo","status":"publish","type":"post","link":"https:\/\/eltrabajo.cl\/portal\/dos-mil-doscientas-personas-quedaron-exentas-de-pagar-derecho-de-aseo\/","title":{"rendered":"Dos mil doscientas personas quedaron exentas de pagar derecho de aseo"},"content":{"rendered":"<figure id=\"attachment_87965\" aria-describedby=\"caption-attachment-87965\" style=\"width: 580px\" class=\"wp-caption alignnone\"><img data-recalc-dims=\"1\" loading=\"lazy\" decoding=\"async\" class=\"size-full wp-image-87965\" src=\"https:\/\/i0.wp.com\/www.eltrabajo.cl\/2017\/wp-content\/uploads\/2018\/08\/Guerra.jpg?resize=580%2C400\" alt=\"Margarita Guerra, primera de derecha a izquierda, durante su visita a la \u00faltima sesi\u00f3n del Concejo.\" width=\"580\" height=\"400\" srcset=\"https:\/\/i0.wp.com\/eltrabajo.cl\/portal\/wp-content\/uploads\/2018\/08\/Guerra.jpg?w=580&amp;ssl=1 580w, https:\/\/i0.wp.com\/eltrabajo.cl\/portal\/wp-content\/uploads\/2018\/08\/Guerra.jpg?resize=200%2C138&amp;ssl=1 200w, https:\/\/i0.wp.com\/eltrabajo.cl\/portal\/wp-content\/uploads\/2018\/08\/Guerra.jpg?resize=300%2C207&amp;ssl=1 300w, https:\/\/i0.wp.com\/eltrabajo.cl\/portal\/wp-content\/uploads\/2018\/08\/Guerra.jpg?resize=218%2C150&amp;ssl=1 218w, https:\/\/i0.wp.com\/eltrabajo.cl\/portal\/wp-content\/uploads\/2018\/08\/Guerra.jpg?resize=400%2C276&amp;ssl=1 400w\" sizes=\"auto, (max-width: 580px) 100vw, 580px\" \/><figcaption id=\"caption-attachment-87965\" class=\"wp-caption-text\">Margarita Guerra, primera de derecha a izquierda, durante su visita a la \u00faltima sesi\u00f3n del Concejo.<\/figcaption><\/figure>\n<p>Dos mil doscientas personas -de las cuales el 80% corresponde a adultos mayores- quedaron exentas de pagar el derecho de aseo correspondiente a la tercera y cuarta cuota.<br \/>\nLa informaci\u00f3n fue entregada por la jefa de Rentas de la Municipalidad de San Felipe, Margarita Guerra, quien record\u00f3 los aplazamientos que hubo para que las personas postularan a este beneficio de liberarse del pago de derecho aseo.<br \/>\n\u201cHubo dos aplazamientos para que las personas pudieran postular al beneficio, el primero fue el 17 de julio y posteriormente se ampli\u00f3 el plazo hasta el 31 de julio. Estamos pidiendo al Concejo Municipal que nos permita cobrar la tercera cuota con fecha 30 de septiembre\u201d, dijo Margarita Guerra.<br \/>\n<strong>&#8211; \u00bfQu\u00e9 pas\u00f3 con todas las personas que postularon, cu\u00e1ntos beneficiados hubo producto de esos aplazamientos?<\/strong><br \/>\n&#8211; Ah\u00ed hay alrededor de dos mil doscientos beneficiados.<br \/>\n<strong>&#8211; \u00bfQu\u00e9 significa eso en la pr\u00e1ctica, que van a pagar o no van a pagar, van a quedar exentos?<\/strong><br \/>\n&#8211; La mayor parte de postulantes la obtuvo, el adulto mayor, que son alrededor de un 80%, ellos quedan exentos en un 100% de la tercera y cuarta cuota, mientras que la segunda cuota est\u00e1 en estudio.<br \/>\n<strong>&#8211; \u00bfSe sigue a la espera de la Contralor\u00eda sobre la exenci\u00f3n del pago de la primera cuota?, porque se hab\u00eda dicho que esa no se iba a pagar.<\/strong><br \/>\n&#8211; Efectivamente, Jur\u00eddico est\u00e1 a la espera del informe de Contralor\u00eda para definir.<br \/>\n<strong>&#8211; En el caso que las personas queden exentas de pagar la primera cuota y ya la hab\u00edan pagado, \u00bfa ellos se les va a devolver el dinero cancelado?<\/strong><br \/>\n&#8211; Pero tenemos que tener primero el informe de Contralor\u00eda.<\/p>\n<p><span style=\"color: #ff0000;\"><strong>DATOS<\/strong><\/span><br \/>\nQuedaron fuera de percibir este beneficio unas 130 personas que no contaban con el requisito principal como era estar inscrito en el Registro Nacional de Hogares.<br \/>\nEn San Felipe, con estas 2.200 personas exentas de pagar el derecho de aseo la 3\u00aa y 4\u00aa cuota quedar\u00e1n pagando un poco m\u00e1s de 14 mil contribuyentes.<\/p>\n<p><span style=\"color: #ff0000;\"><strong>\u00bfCu\u00e1les eran los requisitos que deb\u00edan cumplir las personas para postular al beneficio de la exenci\u00f3n?<\/strong><\/span><br \/>\n&#8211; El jefe de hogar o su c\u00f3nyuge que registra discapacidad al 50% o m\u00e1s, debidamente acreditada con la credencial o certificado.<br \/>\n&#8211; C\u00f3nyuge sobreviviente del jefe de hogar que fallezca durante el segundo semestre del 2018.<br \/>\n&#8211; Jefa de hogar que sea v\u00edctima de destrucci\u00f3n total del inmueble a causa de incendio, diluvio, anegamiento, terremoto u otro desastre natural.<br \/>\n&#8211; V\u00edctima de una enfermedad catastr\u00f3fica, acreditado mediante certificado del Departamento de Salud Municipal.<br \/>\n&#8211; Jefe o jefa de hogar que se encuentre cesante por un periodo no inferior a tres meses.<br \/>\nEstos requisitos fueron informados en su momento por el Director Jur\u00eddico de la Municipalidad de San Felipe, Jorge Jara Catal\u00e1n.<\/p>\n","protected":false},"excerpt":{"rendered":"<p>Dos mil doscientas personas -de las cuales el 80% corresponde a adultos mayores- quedaron exentas de pagar el derecho de aseo correspondiente a la tercera y cuarta cuota. La informaci\u00f3n fue entregada&#8230;<\/p>\n","protected":false},"author":1,"featured_media":87965,"comment_status":"open","ping_status":"open","sticky":false,"template":"","format":"standard","meta":{"advanced_seo_description":"","jetpack_seo_html_title":"","jetpack_seo_noindex":false,"_jetpack_memberships_contains_paid_content":false,"footnotes":""},"categories":[1],"tags":[],"class_list":["post-87964","post","type-post","status-publish","format-standard","has-post-thumbnail","hentry","category-cronica"],"jetpack_featured_media_url":"https:\/\/i0.wp.com\/eltrabajo.cl\/portal\/wp-content\/uploads\/2018\/08\/Guerra.jpg?fit=580%2C400&ssl=1","jetpack_sharing_enabled":true,"jetpack_likes_enabled":true,"jetpack-related-posts":[],"_links":{"self":[{"href":"https:\/\/eltrabajo.cl\/portal\/wp-json\/wp\/v2\/posts\/87964","targetHints":{"allow":["GET"]}}],"collection":[{"href":"https:\/\/eltrabajo.cl\/portal\/wp-json\/wp\/v2\/posts"}],"about":[{"href":"https:\/\/eltrabajo.cl\/portal\/wp-json\/wp\/v2\/types\/post"}],"author":[{"embeddable":true,"href":"https:\/\/eltrabajo.cl\/portal\/wp-json\/wp\/v2\/users\/1"}],"replies":[{"embeddable":true,"href":"https:\/\/eltrabajo.cl\/portal\/wp-json\/wp\/v2\/comments?post=87964"}],"version-history":[{"count":0,"href":"https:\/\/eltrabajo.cl\/portal\/wp-json\/wp\/v2\/posts\/87964\/revisions"}],"wp:featuredmedia":[{"embeddable":true,"href":"https:\/\/eltrabajo.cl\/portal\/wp-json\/wp\/v2\/media\/87965"}],"wp:attachment":[{"href":"https:\/\/eltrabajo.cl\/portal\/wp-json\/wp\/v2\/media?parent=87964"}],"wp:term":[{"taxonomy":"category","embeddable":true,"href":"https:\/\/eltrabajo.cl\/portal\/wp-json\/wp\/v2\/categories?post=87964"},{"taxonomy":"post_tag","embeddable":true,"href":"https:\/\/eltrabajo.cl\/portal\/wp-json\/wp\/v2\/tags?post=87964"}],"curies":[{"name":"wp","href":"https:\/\/api.w.org\/{rel}","templated":true}]}}