{"id":87972,"date":"2018-08-24T05:04:53","date_gmt":"2018-08-24T09:04:53","guid":{"rendered":"http:\/\/www.eltrabajo.cl\/2017\/?p=87972"},"modified":"2018-08-24T05:04:53","modified_gmt":"2018-08-24T09:04:53","slug":"como-detectar-a-traves-de-dibujos-si-un-nino-esta-siendo-abusado","status":"publish","type":"post","link":"https:\/\/eltrabajo.cl\/portal\/como-detectar-a-traves-de-dibujos-si-un-nino-esta-siendo-abusado\/","title":{"rendered":"C\u00f3mo detectar a trav\u00e9s de dibujos si un ni\u00f1o est\u00e1 siendo abusado"},"content":{"rendered":"<figure id=\"attachment_87973\" aria-describedby=\"caption-attachment-87973\" style=\"width: 580px\" class=\"wp-caption alignnone\"><img data-recalc-dims=\"1\" loading=\"lazy\" decoding=\"async\" class=\"size-full wp-image-87973\" src=\"https:\/\/i0.wp.com\/www.eltrabajo.cl\/2017\/wp-content\/uploads\/2018\/08\/charla-grafologa.jpg?resize=580%2C399\" alt=\"De izquierda a derecha M\u00f3nica Cabrera, Erika \u00c1lvarez, Paola Mendoza M\u00e9ndez (graf\u00f3loga) y Marianela Rocco.\" width=\"580\" height=\"399\" srcset=\"https:\/\/i0.wp.com\/eltrabajo.cl\/portal\/wp-content\/uploads\/2018\/08\/charla-grafologa.jpg?w=580&amp;ssl=1 580w, https:\/\/i0.wp.com\/eltrabajo.cl\/portal\/wp-content\/uploads\/2018\/08\/charla-grafologa.jpg?resize=200%2C138&amp;ssl=1 200w, https:\/\/i0.wp.com\/eltrabajo.cl\/portal\/wp-content\/uploads\/2018\/08\/charla-grafologa.jpg?resize=300%2C206&amp;ssl=1 300w, https:\/\/i0.wp.com\/eltrabajo.cl\/portal\/wp-content\/uploads\/2018\/08\/charla-grafologa.jpg?resize=218%2C150&amp;ssl=1 218w, https:\/\/i0.wp.com\/eltrabajo.cl\/portal\/wp-content\/uploads\/2018\/08\/charla-grafologa.jpg?resize=400%2C275&amp;ssl=1 400w\" sizes=\"auto, (max-width: 580px) 100vw, 580px\" \/><figcaption id=\"caption-attachment-87973\" class=\"wp-caption-text\">De izquierda a derecha M\u00f3nica Cabrera, Erika \u00c1lvarez, Paola Mendoza M\u00e9ndez (graf\u00f3loga) y Marianela Rocco.<\/figcaption><\/figure>\n<p><span style=\"color: #ff0000;\"><strong>Graf\u00f3loga mexicana dictar\u00e1 charla:<\/strong><\/span><\/p>\n<p>La Escuela \u2018La Raz\u00f3n Del Dirigente\u2019 que preside Marianela Rocco, est\u00e1 invitando a toda la comunidad a participar de una charla sobre el abuso infantil dictada por la graf\u00f3loga mexicana Paola Mendoza M\u00e9ndez. La actividad se va a realizar hoy a contar de las 19:00 horas en el Sal\u00f3n de Honor de la Municipalidad de San Felipe.<br \/>\nAl respecto la profesional mexicana, Paola Mendoza M\u00e9ndez, dijo: \u201cVamos a dar una charla sobre el abuso infantil; f\u00edsico, emocional, sexual por medio del dibujo de los ni\u00f1os, estaremos hablando de c\u00f3mo se dan estas interpretaciones, c\u00f3mo una persona normal, un padre de familia, un profesor, cualquier persona puede darse cuenta de ciertos rasgos que los ni\u00f1os arrojan al momento de dibujar, como se pueden interpretar de una manera m\u00e1s correcta\u201d, manifest\u00f3 la profesional<br \/>\n<strong>&#8211; Es decir, a trav\u00e9s del dibujo se pueden dar cuenta si un ni\u00f1o est\u00e1 siendo abusado.<\/strong><br \/>\n&#8211; S\u00ed, yo soy perito graf\u00f3logo y para nosotros son estudios m\u00e1s extensos, m\u00e1s complicados, pero hay rasgos que cualquier persona puede ver a simple vista, de una manera m\u00e1s sencilla, puede dar ciertos indicadores.<br \/>\n<strong>&#8211; \u00bfCu\u00e1l es el objetivo principal de dictar este tipo de charlas?<\/strong><br \/>\n&#8211; Evitar, ahora que se han dados estos casos de abuso infantil, pues bien, tratar de evitarlos, prevenir o ver por ejemplo muchas veces podemos ver el dibujo de nuestros hijos, a lo mejor est\u00e1n sufriendo bullying en el colegio y nosotros no sabemos, o puede que los ni\u00f1os tengan alguna parte de presi\u00f3n que tampoco nosotros podemos ver. La intenci\u00f3n de la charla es prevenir.<br \/>\nPara realizar la charla, la profesional dijo que se van a utilizar diapositivas, habr\u00e1 explicaci\u00f3n m\u00e1s detallada de parte suya para que los pap\u00e1s que asistan puedan entender y darse cuenta de ciertos rasgos que pueden dar luz que un ni\u00f1o est\u00e1 siendo abusado o maltratado.<br \/>\nPor su parte Marianela Rocco, de la Escuela \u2018La Raz\u00f3n del Dirigente\u2019, record\u00f3 que la actividad es hoy a las 19:00 horas en el sal\u00f3n municipal. \u201cEst\u00e1n invitadas todas las personas que quieran asistir, es una capacitaci\u00f3n que nosotros ya la tuvimos como escuela y vemos que es muy buena, muy exitosa para toda la junta de vecinos que quieran invitar a Paola, tambi\u00e9n estamos invitando a Uniones Comunales como Putaendo, Panquehue, Santa Mar\u00eda y esperamos que venga bastante gente, va a ser en el sal\u00f3n de honor y siempre con el apoyo del alcalde Freire Canto\u201d, se\u00f1al\u00f3.<br \/>\nTambi\u00e9n la dirigente Erika \u00c1lvarez se refiri\u00f3 a la importancia que reviste para ellos como directiva: \u201cPara nosotros haberse contactado con la se\u00f1orita Paola es sumamente importante para la comunidad, porque es un beneficio para ellos, adem\u00e1s que es gratuito; as\u00ed es que esperamos ojal\u00e1 el sal\u00f3n lleno ma\u00f1ana (hoy) porque hay muchas personas que trabajan con ni\u00f1os, para que est\u00e9n atentos a sus conductas. En el fondo es una manera de poner ojo en el asunto, agradecemos infinitamente y esperamos hoy a toda la comunidad\u201d, indic\u00f3 la dirigente.<br \/>\nOtra que hizo la invitaci\u00f3n especialmente a las madres fue la presidenta de la Nueva Junta de Vecinas Pedro Aguirre Cerda, M\u00f3nica Cabrera, y presidenta del Comit\u00e9 emblem\u00e1tico de Pavimentaci\u00f3n La Gruta: \u201cEstoy muy contenta que Marianela me haya invitado ac\u00e1 a conocer a la se\u00f1orita Paola, graf\u00f3loga, porque a m\u00ed me interesa mucho el tema, porque yo tengo muchos ni\u00f1os chicos en mi poblaci\u00f3n, con quienes estamos trabajando en talleres deportivos y cultural. La vamos a invitar a que nos haga charla en mi barrio, es importante que nos hagamos presentes todas las mam\u00e1s\u2026 mam\u00e1s de San Felipe yo las llamo a todas a que vengan al seminario de hoy en la tarde en el sal\u00f3n de honor de la Ilustre Municipalidad de San Felipe, para interiorizarnos bien en el tema, porque esto nunca ha sido trabajado en el Valle de Aconcagua y como mam\u00e1 es s\u00faper importante, as\u00ed es que yo apoyo esta actividad, apoyo al se\u00f1or alcalde y dejo invitada a toda la comunidad a esta gran actividad\u201d, indic\u00f3.<\/p>\n","protected":false},"excerpt":{"rendered":"<p>Graf\u00f3loga mexicana dictar\u00e1 charla: La Escuela \u2018La Raz\u00f3n Del Dirigente\u2019 que preside Marianela Rocco, est\u00e1 invitando a toda la comunidad a participar de una charla sobre el abuso infantil dictada por la&#8230;<\/p>\n","protected":false},"author":1,"featured_media":87973,"comment_status":"open","ping_status":"open","sticky":false,"template":"","format":"standard","meta":{"advanced_seo_description":"","jetpack_seo_html_title":"","jetpack_seo_noindex":false,"_jetpack_memberships_contains_paid_content":false,"footnotes":""},"categories":[1],"tags":[],"class_list":["post-87972","post","type-post","status-publish","format-standard","has-post-thumbnail","hentry","category-cronica"],"jetpack_featured_media_url":"https:\/\/i0.wp.com\/eltrabajo.cl\/portal\/wp-content\/uploads\/2018\/08\/charla-grafologa.jpg?fit=580%2C399&ssl=1","jetpack_sharing_enabled":true,"jetpack_likes_enabled":true,"jetpack-related-posts":[],"_links":{"self":[{"href":"https:\/\/eltrabajo.cl\/portal\/wp-json\/wp\/v2\/posts\/87972","targetHints":{"allow":["GET"]}}],"collection":[{"href":"https:\/\/eltrabajo.cl\/portal\/wp-json\/wp\/v2\/posts"}],"about":[{"href":"https:\/\/eltrabajo.cl\/portal\/wp-json\/wp\/v2\/types\/post"}],"author":[{"embeddable":true,"href":"https:\/\/eltrabajo.cl\/portal\/wp-json\/wp\/v2\/users\/1"}],"replies":[{"embeddable":true,"href":"https:\/\/eltrabajo.cl\/portal\/wp-json\/wp\/v2\/comments?post=87972"}],"version-history":[{"count":0,"href":"https:\/\/eltrabajo.cl\/portal\/wp-json\/wp\/v2\/posts\/87972\/revisions"}],"wp:featuredmedia":[{"embeddable":true,"href":"https:\/\/eltrabajo.cl\/portal\/wp-json\/wp\/v2\/media\/87973"}],"wp:attachment":[{"href":"https:\/\/eltrabajo.cl\/portal\/wp-json\/wp\/v2\/media?parent=87972"}],"wp:term":[{"taxonomy":"category","embeddable":true,"href":"https:\/\/eltrabajo.cl\/portal\/wp-json\/wp\/v2\/categories?post=87972"},{"taxonomy":"post_tag","embeddable":true,"href":"https:\/\/eltrabajo.cl\/portal\/wp-json\/wp\/v2\/tags?post=87972"}],"curies":[{"name":"wp","href":"https:\/\/api.w.org\/{rel}","templated":true}]}}