{"id":87978,"date":"2018-08-27T05:00:49","date_gmt":"2018-08-27T09:00:49","guid":{"rendered":"http:\/\/www.eltrabajo.cl\/2017\/?p=87978"},"modified":"2018-08-27T05:00:49","modified_gmt":"2018-08-27T09:00:49","slug":"entregan-a-ninos-del-hogar-pablo-vi-nuevas-obras-de-mejoramiento","status":"publish","type":"post","link":"https:\/\/eltrabajo.cl\/portal\/entregan-a-ninos-del-hogar-pablo-vi-nuevas-obras-de-mejoramiento\/","title":{"rendered":"Entregan a ni\u00f1os del Hogar Pablo VI nuevas obras de mejoramiento"},"content":{"rendered":"<figure id=\"attachment_87983\" aria-describedby=\"caption-attachment-87983\" style=\"width: 580px\" class=\"wp-caption alignnone\"><img data-recalc-dims=\"1\" loading=\"lazy\" decoding=\"async\" class=\"size-full wp-image-87983\" src=\"https:\/\/i0.wp.com\/www.eltrabajo.cl\/2017\/wp-content\/uploads\/2018\/08\/Hogar3.jpg?resize=580%2C384\" alt=\"SALA DE C\u00d3MPUTO.- El mismo viernes ya los peque\u00f1itos del Hogar Pablo VI tomaron posici\u00f3n y se dispusieron a jugar en su nueva sala de computaci\u00f3n.\" width=\"580\" height=\"384\" srcset=\"https:\/\/i0.wp.com\/eltrabajo.cl\/portal\/wp-content\/uploads\/2018\/08\/Hogar3.jpg?w=580&amp;ssl=1 580w, https:\/\/i0.wp.com\/eltrabajo.cl\/portal\/wp-content\/uploads\/2018\/08\/Hogar3.jpg?resize=200%2C132&amp;ssl=1 200w, https:\/\/i0.wp.com\/eltrabajo.cl\/portal\/wp-content\/uploads\/2018\/08\/Hogar3.jpg?resize=300%2C199&amp;ssl=1 300w, https:\/\/i0.wp.com\/eltrabajo.cl\/portal\/wp-content\/uploads\/2018\/08\/Hogar3.jpg?resize=227%2C150&amp;ssl=1 227w, https:\/\/i0.wp.com\/eltrabajo.cl\/portal\/wp-content\/uploads\/2018\/08\/Hogar3.jpg?resize=400%2C265&amp;ssl=1 400w\" sizes=\"auto, (max-width: 580px) 100vw, 580px\" \/><figcaption id=\"caption-attachment-87983\" class=\"wp-caption-text\">SALA DE C\u00d3MPUTO.- El mismo viernes ya los peque\u00f1itos del Hogar Pablo VI tomaron posici\u00f3n y se dispusieron a jugar en su nueva sala de computaci\u00f3n.<\/figcaption><\/figure>\n<p><span style=\"color: #ff0000;\"><strong>Estudiantes del Aiep con apoyo de empresas sanfelipe\u00f1as:<\/strong><\/span><\/p>\n<ul>\n<li><strong>Trabajos estar\u00edan valorados en unos $30 millones. Rutas de acceso a los dormitorios y un m\u00f3dulo abandonado ahora son obras de lujo. <\/strong><\/li>\n<\/ul>\n<p>M\u00e1s que motivados est\u00e1n los 40 ni\u00f1os y j\u00f3venes que de manera transitoria viven en el Hogar Pablo Sexto, en El Almendral, luego que este viernes se dieran por reinauguradas los m\u00f3dulos de estudio, iniciativa que inici\u00f3 a principios de 2018 y que fue desarrollada por estudiantes de la Escuela de Construcci\u00f3n e Ingenier\u00eda, del Aiep San Felipe, la cual cuenta con el apoyo de cinco escuelas, plan de la instituci\u00f3n que extender\u00e1 el v\u00ednculo a largo plazo por medio de capacitaciones y talleres para ni\u00f1os y docentes del hogar.<br \/>\nLuego de encabezar la entrega de las obras de mejoramiento al Hogar, Marcelo Lucero, director de la Escuela de Construcci\u00f3n e Ingenier\u00eda Aiep, recalc\u00f3 la importancia que tiene este tipo de iniciativas en la comunidad y c\u00f3mo se fue gestando este proyecto, \u00abeste Hogar se ha convertido en un s\u00edmbolo para nuestra comunidad estudiantil y, en este sentido nos hemos enfocado en la proyecci\u00f3n en el tiempo de esta iniciativa, este proyecto en realidad se ha logrado desarrollar con las empresas de la comuna de San Felipe, pinturas, brochas, madera y material did\u00e1ctico para los ni\u00f1os, fueron cerca de 100 estudiantes de distintas carreras del Aiep los que participaron en este proyecto de mejoramiento, los elementos mejorados y reparados fueron los sectores de acceso al Hogar y sus m\u00f3dulos, evitando ahora el problema del barro en invierno por ejemplo, y la recuperaci\u00f3n de un recinto abandonado que se ten\u00eda en el Hogar y se habilit\u00f3 para que los profesionales puedan trabajar con los menores, hay en \u00e9l biblioteca, sala de C\u00f3mputo y sala de juegos para los m\u00e1s chicos\u00bb, dijo el acad\u00e9mico.<\/p>\n<p><span style=\"color: #ff0000;\"><strong>MANOS AMIGAS<\/strong><\/span><br \/>\nAl acto de entrega de las obras asistieron la subsecretaria de la Ni\u00f1ez, Carol Bown; el Dideco de San Felipe Pablo Silva en representaci\u00f3n del alcalde de San Felipe Patricio Freire, y el alcalde de Santa Mar\u00eda, Claudio Zurita, quien a lo largo del proceso tambi\u00e9n brind\u00f3 apoyo en la gesti\u00f3n.<br \/>\n\u00abEl gobierno vecinal del alcalde Patricio Freire se enorgullece siempre de las coordinaciones entre las entidades sociales, en este caso el Hogar Pablo 6\u00ba se beneficia de este proyecto de j\u00f3venes estudiantes de construcci\u00f3n del Valle para adolescentes de la misma comuna, un privilegio que todos los aportes sean de esta magnitud ayudarnos entre todos, tambi\u00e9n destacar nuestra disposici\u00f3n a brindar apoyo para las siguientes etapas del proceso\u00bb, coment\u00f3 Pablo Silva.<br \/>\n\u00abYo m\u00e1s que nombrar lo que hicimos nosotros desde Santa Mar\u00eda, lo que quiero es felicitar al Aiep, es una tremenda obra la que est\u00e1n haciendo en el Hogar Pablo VI, creo que es muy importante que nos preocupemos de los ni\u00f1os, es una dicha que la Fundaci\u00f3n Mar\u00eda de la Luz y el Aiep est\u00e9n trabajando juntos\u00bb, dijo Zurita a Diario El Trabajo.<\/p>\n<p><span style=\"color: #ff0000;\"><strong>MILLONARIO REGALO<\/strong><\/span><br \/>\nTambi\u00e9n nuestro medio habl\u00f3 con la gerenta general de Fundaci\u00f3n Mar\u00eda de la Luz, que administra el Hogar Pablo VI, Lisette Allende, la profesional agradeci\u00f3 los aportes y a la vez coment\u00f3 qu<\/p>\n<figure id=\"attachment_87984\" aria-describedby=\"caption-attachment-87984\" style=\"width: 579px\" class=\"wp-caption alignnone\"><img data-recalc-dims=\"1\" loading=\"lazy\" decoding=\"async\" class=\"size-full wp-image-87984\" src=\"https:\/\/i0.wp.com\/www.eltrabajo.cl\/2017\/wp-content\/uploads\/2018\/08\/Hogar4.jpg?resize=579%2C356\" alt=\"GRANDE CHIQUILLOS.- Los chicos de Construcci\u00f3n y Electricidad no lo pensaron dos veces, la misi\u00f3n apenas empieza.\" width=\"579\" height=\"356\" srcset=\"https:\/\/i0.wp.com\/eltrabajo.cl\/portal\/wp-content\/uploads\/2018\/08\/Hogar4.jpg?w=579&amp;ssl=1 579w, https:\/\/i0.wp.com\/eltrabajo.cl\/portal\/wp-content\/uploads\/2018\/08\/Hogar4.jpg?resize=200%2C123&amp;ssl=1 200w, https:\/\/i0.wp.com\/eltrabajo.cl\/portal\/wp-content\/uploads\/2018\/08\/Hogar4.jpg?resize=300%2C184&amp;ssl=1 300w, https:\/\/i0.wp.com\/eltrabajo.cl\/portal\/wp-content\/uploads\/2018\/08\/Hogar4.jpg?resize=244%2C150&amp;ssl=1 244w, https:\/\/i0.wp.com\/eltrabajo.cl\/portal\/wp-content\/uploads\/2018\/08\/Hogar4.jpg?resize=400%2C246&amp;ssl=1 400w\" sizes=\"auto, (max-width: 579px) 100vw, 579px\" \/><figcaption id=\"caption-attachment-87984\" class=\"wp-caption-text\">GRANDE CHIQUILLOS.- Los chicos de Construcci\u00f3n y Electricidad no lo pensaron dos veces, la misi\u00f3n apenas empieza.<\/figcaption><\/figure>\n<figure id=\"attachment_87982\" aria-describedby=\"caption-attachment-87982\" style=\"width: 580px\" class=\"wp-caption alignnone\"><img data-recalc-dims=\"1\" loading=\"lazy\" decoding=\"async\" class=\"size-full wp-image-87982\" src=\"https:\/\/i0.wp.com\/www.eltrabajo.cl\/2017\/wp-content\/uploads\/2018\/08\/Hogar2.jpg?resize=580%2C368\" alt=\"MASIVA CONCURRENCIA.- La concurrencia fue m\u00e1s que masiva, varios medios regionales tomaron nota del aporte entregado a Fundaci\u00f3n Mar\u00eda de la luz.\" width=\"580\" height=\"368\" srcset=\"https:\/\/i0.wp.com\/eltrabajo.cl\/portal\/wp-content\/uploads\/2018\/08\/Hogar2.jpg?w=580&amp;ssl=1 580w, https:\/\/i0.wp.com\/eltrabajo.cl\/portal\/wp-content\/uploads\/2018\/08\/Hogar2.jpg?resize=200%2C127&amp;ssl=1 200w, https:\/\/i0.wp.com\/eltrabajo.cl\/portal\/wp-content\/uploads\/2018\/08\/Hogar2.jpg?resize=300%2C190&amp;ssl=1 300w, https:\/\/i0.wp.com\/eltrabajo.cl\/portal\/wp-content\/uploads\/2018\/08\/Hogar2.jpg?resize=236%2C150&amp;ssl=1 236w, https:\/\/i0.wp.com\/eltrabajo.cl\/portal\/wp-content\/uploads\/2018\/08\/Hogar2.jpg?resize=400%2C254&amp;ssl=1 400w\" sizes=\"auto, (max-width: 580px) 100vw, 580px\" \/><figcaption id=\"caption-attachment-87982\" class=\"wp-caption-text\">MASIVA CONCURRENCIA.- La concurrencia fue m\u00e1s que masiva, varios medios regionales tomaron nota del aporte entregado a Fundaci\u00f3n Mar\u00eda de la luz.<\/figcaption><\/figure>\n<figure id=\"attachment_87981\" aria-describedby=\"caption-attachment-87981\" style=\"width: 580px\" class=\"wp-caption alignnone\"><img data-recalc-dims=\"1\" loading=\"lazy\" decoding=\"async\" class=\"size-full wp-image-87981\" src=\"https:\/\/i0.wp.com\/www.eltrabajo.cl\/2017\/wp-content\/uploads\/2018\/08\/Hogar1.jpg?resize=580%2C376\" alt=\"OBRAS ENTREGADAS.- Autoridades de la Ni\u00f1ez, municipales y del Aiep San Felipe, cortaron la cinta a la entrada del nuevo m\u00f3dulo ya mejorado.\" width=\"580\" height=\"376\" srcset=\"https:\/\/i0.wp.com\/eltrabajo.cl\/portal\/wp-content\/uploads\/2018\/08\/Hogar1.jpg?w=580&amp;ssl=1 580w, https:\/\/i0.wp.com\/eltrabajo.cl\/portal\/wp-content\/uploads\/2018\/08\/Hogar1.jpg?resize=200%2C130&amp;ssl=1 200w, https:\/\/i0.wp.com\/eltrabajo.cl\/portal\/wp-content\/uploads\/2018\/08\/Hogar1.jpg?resize=300%2C194&amp;ssl=1 300w, https:\/\/i0.wp.com\/eltrabajo.cl\/portal\/wp-content\/uploads\/2018\/08\/Hogar1.jpg?resize=231%2C150&amp;ssl=1 231w, https:\/\/i0.wp.com\/eltrabajo.cl\/portal\/wp-content\/uploads\/2018\/08\/Hogar1.jpg?resize=400%2C259&amp;ssl=1 400w\" sizes=\"auto, (max-width: 580px) 100vw, 580px\" \/><figcaption id=\"caption-attachment-87981\" class=\"wp-caption-text\">OBRAS ENTREGADAS.- Autoridades de la Ni\u00f1ez, municipales y del Aiep San Felipe, cortaron la cinta a la entrada del nuevo m\u00f3dulo ya mejorado.<\/figcaption><\/figure>\n<figure id=\"attachment_87979\" aria-describedby=\"caption-attachment-87979\" style=\"width: 580px\" class=\"wp-caption alignnone\"><img data-recalc-dims=\"1\" loading=\"lazy\" decoding=\"async\" class=\"size-full wp-image-87979\" src=\"https:\/\/i0.wp.com\/www.eltrabajo.cl\/2017\/wp-content\/uploads\/2018\/08\/Hogar_Lisette-Allende.jpg?resize=580%2C511\" alt=\"Gerenta general de Fundaci\u00f3n Mar\u00eda de la Luz, Lisette Allende.\" width=\"580\" height=\"511\" srcset=\"https:\/\/i0.wp.com\/eltrabajo.cl\/portal\/wp-content\/uploads\/2018\/08\/Hogar_Lisette-Allende.jpg?w=580&amp;ssl=1 580w, https:\/\/i0.wp.com\/eltrabajo.cl\/portal\/wp-content\/uploads\/2018\/08\/Hogar_Lisette-Allende.jpg?resize=170%2C150&amp;ssl=1 170w, https:\/\/i0.wp.com\/eltrabajo.cl\/portal\/wp-content\/uploads\/2018\/08\/Hogar_Lisette-Allende.jpg?resize=300%2C264&amp;ssl=1 300w, https:\/\/i0.wp.com\/eltrabajo.cl\/portal\/wp-content\/uploads\/2018\/08\/Hogar_Lisette-Allende.jpg?resize=400%2C352&amp;ssl=1 400w\" sizes=\"auto, (max-width: 580px) 100vw, 580px\" \/><figcaption id=\"caption-attachment-87979\" class=\"wp-caption-text\">Gerenta general de Fundaci\u00f3n Mar\u00eda de la Luz, Lisette Allende.<\/figcaption><\/figure>\n<figure id=\"attachment_87980\" aria-describedby=\"caption-attachment-87980\" style=\"width: 580px\" class=\"wp-caption alignnone\"><img data-recalc-dims=\"1\" loading=\"lazy\" decoding=\"async\" class=\"size-full wp-image-87980\" src=\"https:\/\/i0.wp.com\/www.eltrabajo.cl\/2017\/wp-content\/uploads\/2018\/08\/Hogar_Marcelo-Lucero.jpg?resize=580%2C524\" alt=\"Marcelo Lucero, director de la Escuela de Construcci\u00f3n e Ingenier\u00eda Aiep.\" width=\"580\" height=\"524\" srcset=\"https:\/\/i0.wp.com\/eltrabajo.cl\/portal\/wp-content\/uploads\/2018\/08\/Hogar_Marcelo-Lucero.jpg?w=580&amp;ssl=1 580w, https:\/\/i0.wp.com\/eltrabajo.cl\/portal\/wp-content\/uploads\/2018\/08\/Hogar_Marcelo-Lucero.jpg?resize=166%2C150&amp;ssl=1 166w, https:\/\/i0.wp.com\/eltrabajo.cl\/portal\/wp-content\/uploads\/2018\/08\/Hogar_Marcelo-Lucero.jpg?resize=300%2C271&amp;ssl=1 300w, https:\/\/i0.wp.com\/eltrabajo.cl\/portal\/wp-content\/uploads\/2018\/08\/Hogar_Marcelo-Lucero.jpg?resize=400%2C361&amp;ssl=1 400w\" sizes=\"auto, (max-width: 580px) 100vw, 580px\" \/><figcaption id=\"caption-attachment-87980\" class=\"wp-caption-text\">Marcelo Lucero, director de la Escuela de Construcci\u00f3n e Ingenier\u00eda Aiep.<\/figcaption><\/figure>\n<p>e \u00abpara nosotros es fundamental contar con este apoyo, ya que siempre los recursos son escasos, por ello el contar con esta instituci\u00f3n (Aiep) que viene a mejorar la infraestructura de nuestra residencia vemos que va en directo beneficio de los ni\u00f1os y funcionarios del Hogar. Importante se\u00f1alar que en esta Residencia el 40% de recursos ingresan por la v\u00eda Sename y el 60% lo cubrimos nosotros como fundaci\u00f3n a trav\u00e9s de donaciones de empresas y de privados (\u2026) si pudi\u00e9ramos valorar en pesos el valor del trabajo y recursos que nos han entregado con este proyecto \u2018Manos a la obra\u2019 del Aiep, y aunque no lo hemos estimado hasta ahora, me atrevo a especular que es cerca de $30 millones lo que vale este trabajo, muchas gracias a todos\u00bb, dijo Allende.<br \/>\n<strong>Roberto Gonz\u00e1lez Short<\/strong><\/p>\n<p>&nbsp;<\/p>\n","protected":false},"excerpt":{"rendered":"<p>Estudiantes del Aiep con apoyo de empresas sanfelipe\u00f1as: Trabajos estar\u00edan valorados en unos $30 millones. Rutas de acceso a los dormitorios y un m\u00f3dulo abandonado ahora son obras de lujo. M\u00e1s que&#8230;<\/p>\n","protected":false},"author":1,"featured_media":87984,"comment_status":"open","ping_status":"open","sticky":false,"template":"","format":"standard","meta":{"advanced_seo_description":"","jetpack_seo_html_title":"","jetpack_seo_noindex":false,"_jetpack_memberships_contains_paid_content":false,"footnotes":""},"categories":[15],"tags":[],"class_list":["post-87978","post","type-post","status-publish","format-standard","has-post-thumbnail","hentry","category-comunidad"],"jetpack_featured_media_url":"https:\/\/i0.wp.com\/eltrabajo.cl\/portal\/wp-content\/uploads\/2018\/08\/Hogar4.jpg?fit=579%2C356&ssl=1","jetpack_sharing_enabled":true,"jetpack_likes_enabled":true,"jetpack-related-posts":[],"_links":{"self":[{"href":"https:\/\/eltrabajo.cl\/portal\/wp-json\/wp\/v2\/posts\/87978","targetHints":{"allow":["GET"]}}],"collection":[{"href":"https:\/\/eltrabajo.cl\/portal\/wp-json\/wp\/v2\/posts"}],"about":[{"href":"https:\/\/eltrabajo.cl\/portal\/wp-json\/wp\/v2\/types\/post"}],"author":[{"embeddable":true,"href":"https:\/\/eltrabajo.cl\/portal\/wp-json\/wp\/v2\/users\/1"}],"replies":[{"embeddable":true,"href":"https:\/\/eltrabajo.cl\/portal\/wp-json\/wp\/v2\/comments?post=87978"}],"version-history":[{"count":0,"href":"https:\/\/eltrabajo.cl\/portal\/wp-json\/wp\/v2\/posts\/87978\/revisions"}],"wp:featuredmedia":[{"embeddable":true,"href":"https:\/\/eltrabajo.cl\/portal\/wp-json\/wp\/v2\/media\/87984"}],"wp:attachment":[{"href":"https:\/\/eltrabajo.cl\/portal\/wp-json\/wp\/v2\/media?parent=87978"}],"wp:term":[{"taxonomy":"category","embeddable":true,"href":"https:\/\/eltrabajo.cl\/portal\/wp-json\/wp\/v2\/categories?post=87978"},{"taxonomy":"post_tag","embeddable":true,"href":"https:\/\/eltrabajo.cl\/portal\/wp-json\/wp\/v2\/tags?post=87978"}],"curies":[{"name":"wp","href":"https:\/\/api.w.org\/{rel}","templated":true}]}}