{"id":87986,"date":"2018-08-27T05:01:04","date_gmt":"2018-08-27T09:01:04","guid":{"rendered":"http:\/\/www.eltrabajo.cl\/2017\/?p=87986"},"modified":"2018-08-27T05:01:04","modified_gmt":"2018-08-27T09:01:04","slug":"comerciantes-de-feria-las-pulgas-temen-multas-por-vender-productos-nuevos","status":"publish","type":"post","link":"https:\/\/eltrabajo.cl\/portal\/comerciantes-de-feria-las-pulgas-temen-multas-por-vender-productos-nuevos\/","title":{"rendered":"Comerciantes de feria las pulgas temen multas por vender productos nuevos"},"content":{"rendered":"<figure id=\"attachment_87987\" aria-describedby=\"caption-attachment-87987\" style=\"width: 580px\" class=\"wp-caption alignnone\"><img data-recalc-dims=\"1\" loading=\"lazy\" decoding=\"async\" class=\"size-full wp-image-87987\" src=\"https:\/\/i0.wp.com\/www.eltrabajo.cl\/2017\/wp-content\/uploads\/2018\/08\/Pulgas1.jpg?resize=580%2C375\" alt=\"Miguel Torres presidente, junto a Juan Vega, comerciante feria de las pulgas.\" width=\"580\" height=\"375\" srcset=\"https:\/\/i0.wp.com\/eltrabajo.cl\/portal\/wp-content\/uploads\/2018\/08\/Pulgas1.jpg?w=580&amp;ssl=1 580w, https:\/\/i0.wp.com\/eltrabajo.cl\/portal\/wp-content\/uploads\/2018\/08\/Pulgas1.jpg?resize=200%2C129&amp;ssl=1 200w, https:\/\/i0.wp.com\/eltrabajo.cl\/portal\/wp-content\/uploads\/2018\/08\/Pulgas1.jpg?resize=300%2C194&amp;ssl=1 300w, https:\/\/i0.wp.com\/eltrabajo.cl\/portal\/wp-content\/uploads\/2018\/08\/Pulgas1.jpg?resize=232%2C150&amp;ssl=1 232w, https:\/\/i0.wp.com\/eltrabajo.cl\/portal\/wp-content\/uploads\/2018\/08\/Pulgas1.jpg?resize=400%2C259&amp;ssl=1 400w\" sizes=\"auto, (max-width: 580px) 100vw, 580px\" \/><figcaption id=\"caption-attachment-87987\" class=\"wp-caption-text\">Miguel Torres presidente, junto a Juan Vega, comerciante feria de las pulgas.<\/figcaption><\/figure>\n<p>Los integrantes de la Feria de Las Pulgas de San Felipe est\u00e1n con miedo a que en cualquier momento le cursen un parte por estar vendiendo productos nuevos, porque de acuerdo a la ordenanza N\u00ba 37 sobre el funcionamiento de la Feria de antig\u00fcedades y art\u00edculos usados Diego de Almagro, tienen prohibido vender art\u00edculos nuevos o sin uso. En el caso de esta feria su presidente Miguel Torres reconoce que hay un 90% que est\u00e1 vendiendo art\u00edculos nuevos, porque simplemente el usado no se vende. Al menos en su caso dice que vende juguetes de segunda mano o reciclados.<br \/>\nEl dirigente comenta que estuvo conversando con los concejales sobre algunas cosas nuevas que no se pueden vender en la feria, \u201cparticip\u00f3 la directiva de la feria de las pulgas, le mandamos una carta hace dos meses, esa misiva la estudiaron en el Concejo, se la mandaron al se\u00f1or Jara, no han dado respuesta, el comerciante tiene miedo que le puedan pasar un parte porque est\u00e1n vendiendo cosas nuevas y eso es lo que no queremos, porque todos queremos surgir, porque las cosas usadas ya no se venden, es por eso que el 90% de los comerciantes est\u00e1n vendiendo cosas nuevas\u201d, se\u00f1ala Torres.<br \/>\n<strong>&#8211; \u00bfQu\u00e9 necesitan ustedes ahora?<\/strong><br \/>\n&#8211; Hicimos reuni\u00f3n con la verdura y bazar, ellos quieren que paguemos patente igual que ellos, ellos nos apoyan que paguemos patente para poder vender cosas nuevas, es decir pagar derecho como todos los comerciantes.<br \/>\n<strong>&#8211; \u00bfCu\u00e1nto pagan ustedes?<\/strong><br \/>\n&#8211; Nosotros pagamos como siete mil y tanto.<br \/>\n<strong>&#8211; \u00bfCu\u00e1nto debieran pagar entonces para vender productos nuevos?<\/strong><br \/>\n&#8211; Son como sesenta mil y algo cada seis meses, pero a lo mejor si no se puede pagar la patente, se pueden pagar diez mil pesos mensuales, eso es igual en otra zona o comunas, donde se pagan los permisos nuevos, de todas maneras a la municipalidad le conviene, porque si sacamos cuentas diez mil pesos mensuales en seis meses son 60 mil pesos y van a salir 55 mil las patentes, les conviene m\u00e1s el permiso.<\/p>\n<figure id=\"attachment_87988\" aria-describedby=\"caption-attachment-87988\" style=\"width: 579px\" class=\"wp-caption alignnone\"><img data-recalc-dims=\"1\" loading=\"lazy\" decoding=\"async\" class=\"size-full wp-image-87988\" src=\"https:\/\/i0.wp.com\/www.eltrabajo.cl\/2017\/wp-content\/uploads\/2018\/08\/Pulgas2.jpg?resize=579%2C927\" alt=\"Ac\u00e1 vemos el n\u00famero de la ordenanza que rige a los comerciantes que venden productos usados.\" width=\"579\" height=\"927\" srcset=\"https:\/\/i0.wp.com\/eltrabajo.cl\/portal\/wp-content\/uploads\/2018\/08\/Pulgas2.jpg?w=579&amp;ssl=1 579w, https:\/\/i0.wp.com\/eltrabajo.cl\/portal\/wp-content\/uploads\/2018\/08\/Pulgas2.jpg?resize=94%2C150&amp;ssl=1 94w, https:\/\/i0.wp.com\/eltrabajo.cl\/portal\/wp-content\/uploads\/2018\/08\/Pulgas2.jpg?resize=187%2C300&amp;ssl=1 187w, https:\/\/i0.wp.com\/eltrabajo.cl\/portal\/wp-content\/uploads\/2018\/08\/Pulgas2.jpg?resize=400%2C640&amp;ssl=1 400w\" sizes=\"auto, (max-width: 579px) 100vw, 579px\" \/><figcaption id=\"caption-attachment-87988\" class=\"wp-caption-text\">Ac\u00e1 vemos el n\u00famero de la ordenanza que rige a los comerciantes que venden productos usados.<\/figcaption><\/figure>\n<figure id=\"attachment_87989\" aria-describedby=\"caption-attachment-87989\" style=\"width: 579px\" class=\"wp-caption alignnone\"><img data-recalc-dims=\"1\" loading=\"lazy\" decoding=\"async\" class=\"size-full wp-image-87989\" src=\"https:\/\/i0.wp.com\/www.eltrabajo.cl\/2017\/wp-content\/uploads\/2018\/08\/Pulgas3.jpg?resize=579%2C740\" alt=\"Ac\u00e1 vemos algunos art\u00edculos los horarios de funcionamientos.\" width=\"579\" height=\"740\" srcset=\"https:\/\/i0.wp.com\/eltrabajo.cl\/portal\/wp-content\/uploads\/2018\/08\/Pulgas3.jpg?w=579&amp;ssl=1 579w, https:\/\/i0.wp.com\/eltrabajo.cl\/portal\/wp-content\/uploads\/2018\/08\/Pulgas3.jpg?resize=117%2C150&amp;ssl=1 117w, https:\/\/i0.wp.com\/eltrabajo.cl\/portal\/wp-content\/uploads\/2018\/08\/Pulgas3.jpg?resize=235%2C300&amp;ssl=1 235w, https:\/\/i0.wp.com\/eltrabajo.cl\/portal\/wp-content\/uploads\/2018\/08\/Pulgas3.jpg?resize=400%2C511&amp;ssl=1 400w\" sizes=\"auto, (max-width: 579px) 100vw, 579px\" \/><figcaption id=\"caption-attachment-87989\" class=\"wp-caption-text\">Ac\u00e1 vemos algunos art\u00edculos los horarios de funcionamientos.<\/figcaption><\/figure>\n","protected":false},"excerpt":{"rendered":"<p>Los integrantes de la Feria de Las Pulgas de San Felipe est\u00e1n con miedo a que en cualquier momento le cursen un parte por estar vendiendo productos nuevos, porque de acuerdo a&#8230;<\/p>\n","protected":false},"author":1,"featured_media":87987,"comment_status":"open","ping_status":"open","sticky":false,"template":"","format":"standard","meta":{"advanced_seo_description":"","jetpack_seo_html_title":"","jetpack_seo_noindex":false,"_jetpack_memberships_contains_paid_content":false,"footnotes":""},"categories":[1],"tags":[],"class_list":["post-87986","post","type-post","status-publish","format-standard","has-post-thumbnail","hentry","category-cronica"],"jetpack_featured_media_url":"https:\/\/i0.wp.com\/eltrabajo.cl\/portal\/wp-content\/uploads\/2018\/08\/Pulgas1.jpg?fit=580%2C375&ssl=1","jetpack_sharing_enabled":true,"jetpack_likes_enabled":true,"jetpack-related-posts":[],"_links":{"self":[{"href":"https:\/\/eltrabajo.cl\/portal\/wp-json\/wp\/v2\/posts\/87986","targetHints":{"allow":["GET"]}}],"collection":[{"href":"https:\/\/eltrabajo.cl\/portal\/wp-json\/wp\/v2\/posts"}],"about":[{"href":"https:\/\/eltrabajo.cl\/portal\/wp-json\/wp\/v2\/types\/post"}],"author":[{"embeddable":true,"href":"https:\/\/eltrabajo.cl\/portal\/wp-json\/wp\/v2\/users\/1"}],"replies":[{"embeddable":true,"href":"https:\/\/eltrabajo.cl\/portal\/wp-json\/wp\/v2\/comments?post=87986"}],"version-history":[{"count":0,"href":"https:\/\/eltrabajo.cl\/portal\/wp-json\/wp\/v2\/posts\/87986\/revisions"}],"wp:featuredmedia":[{"embeddable":true,"href":"https:\/\/eltrabajo.cl\/portal\/wp-json\/wp\/v2\/media\/87987"}],"wp:attachment":[{"href":"https:\/\/eltrabajo.cl\/portal\/wp-json\/wp\/v2\/media?parent=87986"}],"wp:term":[{"taxonomy":"category","embeddable":true,"href":"https:\/\/eltrabajo.cl\/portal\/wp-json\/wp\/v2\/categories?post=87986"},{"taxonomy":"post_tag","embeddable":true,"href":"https:\/\/eltrabajo.cl\/portal\/wp-json\/wp\/v2\/tags?post=87986"}],"curies":[{"name":"wp","href":"https:\/\/api.w.org\/{rel}","templated":true}]}}