{"id":87994,"date":"2018-08-27T05:03:25","date_gmt":"2018-08-27T09:03:25","guid":{"rendered":"http:\/\/www.eltrabajo.cl\/2017\/?p=87994"},"modified":"2018-08-27T05:03:25","modified_gmt":"2018-08-27T09:03:25","slug":"en-8-minutos-roban-camioneta-en-calle-aledana-a-feria-diego-de-almagro","status":"publish","type":"post","link":"https:\/\/eltrabajo.cl\/portal\/en-8-minutos-roban-camioneta-en-calle-aledana-a-feria-diego-de-almagro\/","title":{"rendered":"En 8 minutos roban camioneta en calle aleda\u00f1a a Feria Diego de Almagro"},"content":{"rendered":"<figure id=\"attachment_87996\" aria-describedby=\"caption-attachment-87996\" style=\"width: 578px\" class=\"wp-caption alignnone\"><img data-recalc-dims=\"1\" loading=\"lazy\" decoding=\"async\" class=\"size-full wp-image-87996\" src=\"https:\/\/i0.wp.com\/www.eltrabajo.cl\/2017\/wp-content\/uploads\/2018\/08\/Camioneta01.jpg?resize=578%2C199\" alt=\"ROBOS CONTIN\u00daAN.- La secuencia fotogr\u00e1fica registra la llegada y abordaje de los delincuentes al veh\u00edculo. Este robo se viene a unir otros de similares caracter\u00edsticas como son camionetas.\" width=\"578\" height=\"199\" srcset=\"https:\/\/i0.wp.com\/eltrabajo.cl\/portal\/wp-content\/uploads\/2018\/08\/Camioneta01.jpg?w=578&amp;ssl=1 578w, https:\/\/i0.wp.com\/eltrabajo.cl\/portal\/wp-content\/uploads\/2018\/08\/Camioneta01.jpg?resize=200%2C69&amp;ssl=1 200w, https:\/\/i0.wp.com\/eltrabajo.cl\/portal\/wp-content\/uploads\/2018\/08\/Camioneta01.jpg?resize=300%2C103&amp;ssl=1 300w, https:\/\/i0.wp.com\/eltrabajo.cl\/portal\/wp-content\/uploads\/2018\/08\/Camioneta01.jpg?resize=400%2C138&amp;ssl=1 400w\" sizes=\"auto, (max-width: 578px) 100vw, 578px\" \/><figcaption id=\"caption-attachment-87996\" class=\"wp-caption-text\">ROBOS CONTIN\u00daAN.- La secuencia fotogr\u00e1fica registra la llegada y abordaje de los delincuentes al veh\u00edculo. Este robo se viene a unir otros de similares caracter\u00edsticas como son camionetas.<\/figcaption><\/figure>\n<p>En aproximadamente ocho minutos, una familia fue v\u00edctima del robo de su camioneta este domingo en San Felipe, en una calle aleda\u00f1a a la Feria Diego de Almagro.<br \/>\n\u201cEsto pas\u00f3 en Calle Daniel Caldera, cerca de la Feria Diego de Almagro, a eso de las 10:30 horas, cuando se acerc\u00f3 un sujeto primero, despu\u00e9s el otro, se subieron en la camioneta y salieron hacia la alameda, se supone que forzaron la chapa de la puerta\u201d, dice la v\u00edctima, Byron Mu\u00f1oz.<br \/>\nAgrega el afectado que bajaron a comprar unas empanadas: \u201cFue el \u00fanico lugar que encontramos para estacionar, es nuestro medio de transporte para ir a trabajar, ya que vivimos lejos en la orilla del cerro en La Troya, mi pap\u00e1 trabaja de temporero y yo soy param\u00e9dico y trabajo en la UAC\u201d, dice Mu\u00f1oz.<br \/>\nLa patente de la camioneta KA- 6090 eran nuevas, \u201cno las ten\u00eda puestas, pero es f\u00e1cil reconocerla ya que no es roja intenso sino que es un color rojo deste\u00f1ido y el pick up no est\u00e1 muy bueno y tiene madera por dentro, las llantas son valiosas, creo que eso les llam\u00f3 la atenci\u00f3n\u201d, se\u00f1ala la v\u00edctima.<br \/>\nAl finalizar sostuvo que llam\u00f3 a los carabineros, quienes se demoraron unos 30 minutos en llegar.<\/p>\n<figure id=\"attachment_87995\" aria-describedby=\"caption-attachment-87995\" style=\"width: 580px\" class=\"wp-caption alignnone\"><img data-recalc-dims=\"1\" loading=\"lazy\" decoding=\"async\" class=\"size-full wp-image-87995\" src=\"https:\/\/i0.wp.com\/www.eltrabajo.cl\/2017\/wp-content\/uploads\/2018\/08\/camioneta-robada-4.jpg?resize=580%2C409\" alt=\"OCHO MINUTOS.- S\u00f3lo ocho minutos les tom\u00f3 a estos sinverg\u00fcenzas apoderarse de la camioneta de una modesta familia.\" width=\"580\" height=\"409\" srcset=\"https:\/\/i0.wp.com\/eltrabajo.cl\/portal\/wp-content\/uploads\/2018\/08\/camioneta-robada-4.jpg?w=580&amp;ssl=1 580w, https:\/\/i0.wp.com\/eltrabajo.cl\/portal\/wp-content\/uploads\/2018\/08\/camioneta-robada-4.jpg?resize=200%2C141&amp;ssl=1 200w, https:\/\/i0.wp.com\/eltrabajo.cl\/portal\/wp-content\/uploads\/2018\/08\/camioneta-robada-4.jpg?resize=300%2C212&amp;ssl=1 300w, https:\/\/i0.wp.com\/eltrabajo.cl\/portal\/wp-content\/uploads\/2018\/08\/camioneta-robada-4.jpg?resize=213%2C150&amp;ssl=1 213w, https:\/\/i0.wp.com\/eltrabajo.cl\/portal\/wp-content\/uploads\/2018\/08\/camioneta-robada-4.jpg?resize=400%2C282&amp;ssl=1 400w\" sizes=\"auto, (max-width: 580px) 100vw, 580px\" \/><figcaption id=\"caption-attachment-87995\" class=\"wp-caption-text\">OCHO MINUTOS.- S\u00f3lo ocho minutos les tom\u00f3 a estos sinverg\u00fcenzas apoderarse de la camioneta de una modesta familia.<\/figcaption><\/figure>\n","protected":false},"excerpt":{"rendered":"<p>En aproximadamente ocho minutos, una familia fue v\u00edctima del robo de su camioneta este domingo en San Felipe, en una calle aleda\u00f1a a la Feria Diego de Almagro. \u201cEsto pas\u00f3 en Calle&#8230;<\/p>\n","protected":false},"author":1,"featured_media":87995,"comment_status":"open","ping_status":"open","sticky":false,"template":"","format":"standard","meta":{"advanced_seo_description":"","jetpack_seo_html_title":"","jetpack_seo_noindex":false,"_jetpack_memberships_contains_paid_content":false,"footnotes":""},"categories":[21],"tags":[],"class_list":["post-87994","post","type-post","status-publish","format-standard","has-post-thumbnail","hentry","category-policial"],"jetpack_featured_media_url":"https:\/\/i0.wp.com\/eltrabajo.cl\/portal\/wp-content\/uploads\/2018\/08\/camioneta-robada-4.jpg?fit=580%2C409&ssl=1","jetpack_sharing_enabled":true,"jetpack_likes_enabled":true,"jetpack-related-posts":[],"_links":{"self":[{"href":"https:\/\/eltrabajo.cl\/portal\/wp-json\/wp\/v2\/posts\/87994","targetHints":{"allow":["GET"]}}],"collection":[{"href":"https:\/\/eltrabajo.cl\/portal\/wp-json\/wp\/v2\/posts"}],"about":[{"href":"https:\/\/eltrabajo.cl\/portal\/wp-json\/wp\/v2\/types\/post"}],"author":[{"embeddable":true,"href":"https:\/\/eltrabajo.cl\/portal\/wp-json\/wp\/v2\/users\/1"}],"replies":[{"embeddable":true,"href":"https:\/\/eltrabajo.cl\/portal\/wp-json\/wp\/v2\/comments?post=87994"}],"version-history":[{"count":0,"href":"https:\/\/eltrabajo.cl\/portal\/wp-json\/wp\/v2\/posts\/87994\/revisions"}],"wp:featuredmedia":[{"embeddable":true,"href":"https:\/\/eltrabajo.cl\/portal\/wp-json\/wp\/v2\/media\/87995"}],"wp:attachment":[{"href":"https:\/\/eltrabajo.cl\/portal\/wp-json\/wp\/v2\/media?parent=87994"}],"wp:term":[{"taxonomy":"category","embeddable":true,"href":"https:\/\/eltrabajo.cl\/portal\/wp-json\/wp\/v2\/categories?post=87994"},{"taxonomy":"post_tag","embeddable":true,"href":"https:\/\/eltrabajo.cl\/portal\/wp-json\/wp\/v2\/tags?post=87994"}],"curies":[{"name":"wp","href":"https:\/\/api.w.org\/{rel}","templated":true}]}}