{"id":88002,"date":"2018-08-28T05:00:28","date_gmt":"2018-08-28T09:00:28","guid":{"rendered":"http:\/\/www.eltrabajo.cl\/2017\/?p=88002"},"modified":"2018-08-28T05:00:28","modified_gmt":"2018-08-28T09:00:28","slug":"en-nueve-meses-terminaran-mejoras-en-calle-abraham-ahumada","status":"publish","type":"post","link":"https:\/\/eltrabajo.cl\/portal\/en-nueve-meses-terminaran-mejoras-en-calle-abraham-ahumada\/","title":{"rendered":"En nueve meses terminar\u00e1n mejoras en Calle Abraham Ahumada"},"content":{"rendered":"<figure id=\"attachment_88006\" aria-describedby=\"caption-attachment-88006\" style=\"width: 578px\" class=\"wp-caption alignnone\"><img data-recalc-dims=\"1\" loading=\"lazy\" decoding=\"async\" class=\"size-full wp-image-88006\" src=\"https:\/\/i0.wp.com\/www.eltrabajo.cl\/2017\/wp-content\/uploads\/2018\/08\/Mejoras4.jpg?resize=578%2C386\" alt=\"ALCANTARILLADO NUEVO.- Esta arteria, Abraham Ahumada, cuenta con un nuevo ducto para aguas lluvias y aguas servidas del sector.\" width=\"578\" height=\"386\" srcset=\"https:\/\/i0.wp.com\/eltrabajo.cl\/portal\/wp-content\/uploads\/2018\/08\/Mejoras4.jpg?w=578&amp;ssl=1 578w, https:\/\/i0.wp.com\/eltrabajo.cl\/portal\/wp-content\/uploads\/2018\/08\/Mejoras4.jpg?resize=200%2C134&amp;ssl=1 200w, https:\/\/i0.wp.com\/eltrabajo.cl\/portal\/wp-content\/uploads\/2018\/08\/Mejoras4.jpg?resize=300%2C200&amp;ssl=1 300w, https:\/\/i0.wp.com\/eltrabajo.cl\/portal\/wp-content\/uploads\/2018\/08\/Mejoras4.jpg?resize=225%2C150&amp;ssl=1 225w, https:\/\/i0.wp.com\/eltrabajo.cl\/portal\/wp-content\/uploads\/2018\/08\/Mejoras4.jpg?resize=400%2C267&amp;ssl=1 400w\" sizes=\"auto, (max-width: 578px) 100vw, 578px\" \/><figcaption id=\"caption-attachment-88006\" class=\"wp-caption-text\">ALCANTARILLADO NUEVO.- Esta arteria, Abraham Ahumada, cuenta con un nuevo ducto para aguas lluvias y aguas servidas del sector.<\/figcaption><\/figure>\n<p><span style=\"color: #ff0000;\"><strong>Obras de mejoramiento contin\u00faan en gran parte de San Felipe:<\/strong><\/span><\/p>\n<ul>\n<li><strong>Nuevo sistema de drenaje de aguas lluvias, m\u00e1s etapas casi terminadas del Boulevard Calle Prat, finalizaci\u00f3n de Calle San Mart\u00edn y proyecto de circunvalaci\u00f3n en el primer tramo de Hermanos Carrera Oriente, totalizan inversi\u00f3n superior a los $10.000 millones, fondos Gore.<\/strong><\/li>\n<\/ul>\n<p>El invierno est\u00e1 por terminar y las obras de mejoramiento tanto en v\u00edas de tr\u00e1nsito vehicular como drenaje de aguas lluvias en las principales calles de San Felipe est\u00e1n en pleno desarrollo, son obras que se vienen ejecutando desde hace meses y buscan generar mejor conductividad por la ciudad, as\u00ed tambi\u00e9n el descongestionar algunas avenidas del damero sanfelipe\u00f1o.<\/p>\n<p><span style=\"color: #ff0000;\">$10.000 MILLONES<\/span><br \/>\nAs\u00ed lo confirm\u00f3 a Diario El Trabajo el Secplac de San Felipe, Claudio Paredes, quien nos explic\u00f3 parte del conjunto de obras de mejoramiento que ya se han terminado y otras que est\u00e1n en ejecuci\u00f3n.<br \/>\n\u00abEfectivamente uno de los lineamientos estrat\u00e9gicos del alcalde Patricio Freire ha sido el mejoramiento de las v\u00edas de conectividad vial, entre eso grandes proyectos que han permitido el mejor desplazamiento de los vecinos el interior de la comuna, entre esas obras destacan la apertura de Calle San Mart\u00edn que ya est\u00e1 terminada, el mejoramiento integral de Calle Julio Montero, en El Se\u00f1orial que est\u00e1 pronto a terminar, tambi\u00e9n el mejoramiento de Abraham Ahumada en el sector norte de nuestra comuna que se inici\u00f3 hace un par de semanas y terminar\u00e1 en unos nueve meses a partir de agosto; tambi\u00e9n lo que va a configurar su mejoramiento en la circulaci\u00f3n vehicular, pero tambi\u00e9n mejorar en el tema de evacuaci\u00f3n de aguas lluvias que es una problem\u00e1tica en el sector, en total estamos hablando de cerca de $3.700 millones de inversi\u00f3n en este caso como fuente financiera del Gobierno Regional de Valpara\u00edso, pero adem\u00e1s si incorporamos la licitaci\u00f3n del proyecto de circunvalaci\u00f3n en el primer tramo de Hermanos Carrera Oriente que involucra $6.200 millones, estamos entonces hablando de un monto superior a los $10.000 millones de inversi\u00f3n solamente en proyectos de v\u00edas u arterias viales de la comuna de San Felipe\u00bb, dijo el profesional.<br \/>\nLas c\u00e1maras de Diario El Trabajo realizaron un recorrido por algunos sectores en donde el Municipio contin\u00faa obras de reparaci\u00f3n a las v\u00edas y alcantarillado, en algunas calles el tr\u00e1nsito de veh\u00edculos es nulo, en otras ya los peatones se tomaron el libre paso por el boulevard, como es el caso de Calle Prat hacia Yungay.<br \/>\n<strong>Roberto Gonz\u00e1lez Short<\/strong><\/p>\n<figure id=\"attachment_88003\" aria-describedby=\"caption-attachment-88003\" style=\"width: 579px\" class=\"wp-caption alignnone\"><img data-recalc-dims=\"1\" loading=\"lazy\" decoding=\"async\" class=\"size-full wp-image-88003\" src=\"https:\/\/i0.wp.com\/www.eltrabajo.cl\/2017\/wp-content\/uploads\/2018\/08\/Mejoras1.jpg?resize=579%2C386\" alt=\"APENAS EMPIEZAN.- En pleno desarrollo est\u00e1n las obras de mejoramiento de algunas arterias de nuestra comuna, Abraham Ahumada estar\u00e1 lista en nueve meses m\u00e1s.\" width=\"579\" height=\"386\" srcset=\"https:\/\/i0.wp.com\/eltrabajo.cl\/portal\/wp-content\/uploads\/2018\/08\/Mejoras1.jpg?w=579&amp;ssl=1 579w, https:\/\/i0.wp.com\/eltrabajo.cl\/portal\/wp-content\/uploads\/2018\/08\/Mejoras1.jpg?resize=200%2C133&amp;ssl=1 200w, https:\/\/i0.wp.com\/eltrabajo.cl\/portal\/wp-content\/uploads\/2018\/08\/Mejoras1.jpg?resize=300%2C200&amp;ssl=1 300w, https:\/\/i0.wp.com\/eltrabajo.cl\/portal\/wp-content\/uploads\/2018\/08\/Mejoras1.jpg?resize=225%2C150&amp;ssl=1 225w, https:\/\/i0.wp.com\/eltrabajo.cl\/portal\/wp-content\/uploads\/2018\/08\/Mejoras1.jpg?resize=400%2C267&amp;ssl=1 400w\" sizes=\"auto, (max-width: 579px) 100vw, 579px\" \/><figcaption id=\"caption-attachment-88003\" class=\"wp-caption-text\">APENAS EMPIEZAN.- En pleno desarrollo est\u00e1n las obras de mejoramiento de algunas arterias de nuestra comuna, Abraham Ahumada estar\u00e1 lista en nueve meses m\u00e1s.<\/figcaption><\/figure>\n<figure id=\"attachment_88004\" aria-describedby=\"caption-attachment-88004\" style=\"width: 578px\" class=\"wp-caption alignnone\"><img data-recalc-dims=\"1\" loading=\"lazy\" decoding=\"async\" class=\"size-full wp-image-88004\" src=\"https:\/\/i0.wp.com\/www.eltrabajo.cl\/2017\/wp-content\/uploads\/2018\/08\/Mejoras2.jpg?resize=578%2C386\" alt=\"ESPERAN SU BOULEVARD.- El Boulevard de Prat, tramo Coimas Yungay, aunque no se ha terminado de hacer, ya est\u00e1 siendo usado por los sanfelipe\u00f1os.\" width=\"578\" height=\"386\" srcset=\"https:\/\/i0.wp.com\/eltrabajo.cl\/portal\/wp-content\/uploads\/2018\/08\/Mejoras2.jpg?w=578&amp;ssl=1 578w, https:\/\/i0.wp.com\/eltrabajo.cl\/portal\/wp-content\/uploads\/2018\/08\/Mejoras2.jpg?resize=200%2C134&amp;ssl=1 200w, https:\/\/i0.wp.com\/eltrabajo.cl\/portal\/wp-content\/uploads\/2018\/08\/Mejoras2.jpg?resize=300%2C200&amp;ssl=1 300w, https:\/\/i0.wp.com\/eltrabajo.cl\/portal\/wp-content\/uploads\/2018\/08\/Mejoras2.jpg?resize=225%2C150&amp;ssl=1 225w, https:\/\/i0.wp.com\/eltrabajo.cl\/portal\/wp-content\/uploads\/2018\/08\/Mejoras2.jpg?resize=400%2C267&amp;ssl=1 400w\" sizes=\"auto, (max-width: 578px) 100vw, 578px\" \/><figcaption id=\"caption-attachment-88004\" class=\"wp-caption-text\">ESPERAN SU BOULEVARD.- El Boulevard de Prat, tramo Coimas Yungay, aunque no se ha terminado de hacer, ya est\u00e1 siendo usado por los sanfelipe\u00f1os.<\/figcaption><\/figure>\n<figure id=\"attachment_88005\" aria-describedby=\"caption-attachment-88005\" style=\"width: 578px\" class=\"wp-caption alignnone\"><img data-recalc-dims=\"1\" loading=\"lazy\" decoding=\"async\" class=\"size-full wp-image-88005\" src=\"https:\/\/i0.wp.com\/www.eltrabajo.cl\/2017\/wp-content\/uploads\/2018\/08\/Mejoras3.jpg?resize=578%2C386\" alt=\"TENDR\u00c1N NUEVA CALLE.- Maquinaria pesada remov\u00eda ayer lunes el viejo pavimento de Abraham Ahumada, para dar as\u00ed espacio a una nueva calle.\" width=\"578\" height=\"386\" srcset=\"https:\/\/i0.wp.com\/eltrabajo.cl\/portal\/wp-content\/uploads\/2018\/08\/Mejoras3.jpg?w=578&amp;ssl=1 578w, https:\/\/i0.wp.com\/eltrabajo.cl\/portal\/wp-content\/uploads\/2018\/08\/Mejoras3.jpg?resize=200%2C134&amp;ssl=1 200w, https:\/\/i0.wp.com\/eltrabajo.cl\/portal\/wp-content\/uploads\/2018\/08\/Mejoras3.jpg?resize=300%2C200&amp;ssl=1 300w, https:\/\/i0.wp.com\/eltrabajo.cl\/portal\/wp-content\/uploads\/2018\/08\/Mejoras3.jpg?resize=225%2C150&amp;ssl=1 225w, https:\/\/i0.wp.com\/eltrabajo.cl\/portal\/wp-content\/uploads\/2018\/08\/Mejoras3.jpg?resize=400%2C267&amp;ssl=1 400w\" sizes=\"auto, (max-width: 578px) 100vw, 578px\" \/><figcaption id=\"caption-attachment-88005\" class=\"wp-caption-text\">TENDR\u00c1N NUEVA CALLE.- Maquinaria pesada remov\u00eda ayer lunes el viejo pavimento de Abraham Ahumada, para dar as\u00ed espacio a una nueva calle.<\/figcaption><\/figure>\n<figure id=\"attachment_88007\" aria-describedby=\"caption-attachment-88007\" style=\"width: 578px\" class=\"wp-caption alignnone\"><img data-recalc-dims=\"1\" loading=\"lazy\" decoding=\"async\" class=\"size-full wp-image-88007\" src=\"https:\/\/i0.wp.com\/www.eltrabajo.cl\/2017\/wp-content\/uploads\/2018\/08\/Mejoras5.jpg?resize=578%2C386\" alt=\"LISTA PARA INAUGURAR.- Calle San Mart\u00edn ya fue terminada, la maquinaria fue retirada de esa v\u00eda hace una semana.\" width=\"578\" height=\"386\" srcset=\"https:\/\/i0.wp.com\/eltrabajo.cl\/portal\/wp-content\/uploads\/2018\/08\/Mejoras5.jpg?w=578&amp;ssl=1 578w, https:\/\/i0.wp.com\/eltrabajo.cl\/portal\/wp-content\/uploads\/2018\/08\/Mejoras5.jpg?resize=200%2C134&amp;ssl=1 200w, https:\/\/i0.wp.com\/eltrabajo.cl\/portal\/wp-content\/uploads\/2018\/08\/Mejoras5.jpg?resize=300%2C200&amp;ssl=1 300w, https:\/\/i0.wp.com\/eltrabajo.cl\/portal\/wp-content\/uploads\/2018\/08\/Mejoras5.jpg?resize=225%2C150&amp;ssl=1 225w, https:\/\/i0.wp.com\/eltrabajo.cl\/portal\/wp-content\/uploads\/2018\/08\/Mejoras5.jpg?resize=400%2C267&amp;ssl=1 400w\" sizes=\"auto, (max-width: 578px) 100vw, 578px\" \/><figcaption id=\"caption-attachment-88007\" class=\"wp-caption-text\">LISTA PARA INAUGURAR.- Calle San Mart\u00edn ya fue terminada, la maquinaria fue retirada de esa v\u00eda hace una semana.<\/figcaption><\/figure>\n","protected":false},"excerpt":{"rendered":"<p>Obras de mejoramiento contin\u00faan en gran parte de San Felipe: Nuevo sistema de drenaje de aguas lluvias, m\u00e1s etapas casi terminadas del Boulevard Calle Prat, finalizaci\u00f3n de Calle San Mart\u00edn y proyecto&#8230;<\/p>\n","protected":false},"author":1,"featured_media":88003,"comment_status":"open","ping_status":"open","sticky":false,"template":"","format":"standard","meta":{"advanced_seo_description":"","jetpack_seo_html_title":"","jetpack_seo_noindex":false,"_jetpack_memberships_contains_paid_content":false,"footnotes":""},"categories":[1],"tags":[],"class_list":["post-88002","post","type-post","status-publish","format-standard","has-post-thumbnail","hentry","category-cronica"],"jetpack_featured_media_url":"https:\/\/i0.wp.com\/eltrabajo.cl\/portal\/wp-content\/uploads\/2018\/08\/Mejoras1.jpg?fit=579%2C386&ssl=1","jetpack_sharing_enabled":true,"jetpack_likes_enabled":true,"jetpack-related-posts":[],"_links":{"self":[{"href":"https:\/\/eltrabajo.cl\/portal\/wp-json\/wp\/v2\/posts\/88002","targetHints":{"allow":["GET"]}}],"collection":[{"href":"https:\/\/eltrabajo.cl\/portal\/wp-json\/wp\/v2\/posts"}],"about":[{"href":"https:\/\/eltrabajo.cl\/portal\/wp-json\/wp\/v2\/types\/post"}],"author":[{"embeddable":true,"href":"https:\/\/eltrabajo.cl\/portal\/wp-json\/wp\/v2\/users\/1"}],"replies":[{"embeddable":true,"href":"https:\/\/eltrabajo.cl\/portal\/wp-json\/wp\/v2\/comments?post=88002"}],"version-history":[{"count":0,"href":"https:\/\/eltrabajo.cl\/portal\/wp-json\/wp\/v2\/posts\/88002\/revisions"}],"wp:featuredmedia":[{"embeddable":true,"href":"https:\/\/eltrabajo.cl\/portal\/wp-json\/wp\/v2\/media\/88003"}],"wp:attachment":[{"href":"https:\/\/eltrabajo.cl\/portal\/wp-json\/wp\/v2\/media?parent=88002"}],"wp:term":[{"taxonomy":"category","embeddable":true,"href":"https:\/\/eltrabajo.cl\/portal\/wp-json\/wp\/v2\/categories?post=88002"},{"taxonomy":"post_tag","embeddable":true,"href":"https:\/\/eltrabajo.cl\/portal\/wp-json\/wp\/v2\/tags?post=88002"}],"curies":[{"name":"wp","href":"https:\/\/api.w.org\/{rel}","templated":true}]}}