{"id":88013,"date":"2018-08-28T05:02:33","date_gmt":"2018-08-28T09:02:33","guid":{"rendered":"http:\/\/www.eltrabajo.cl\/2017\/?p=88013"},"modified":"2018-08-28T05:02:33","modified_gmt":"2018-08-28T09:02:33","slug":"con-encuentro-deportivo-conmemoraran-a-hijo-ilustre-javier-munoz-delgado","status":"publish","type":"post","link":"https:\/\/eltrabajo.cl\/portal\/con-encuentro-deportivo-conmemoraran-a-hijo-ilustre-javier-munoz-delgado\/","title":{"rendered":"Con encuentro deportivo conmemorar\u00e1n a Hijo Ilustre Javier Mu\u00f1oz Delgado"},"content":{"rendered":"<figure id=\"attachment_88015\" aria-describedby=\"caption-attachment-88015\" style=\"width: 580px\" class=\"wp-caption alignnone\"><img data-recalc-dims=\"1\" loading=\"lazy\" decoding=\"async\" class=\"size-full wp-image-88015\" src=\"https:\/\/i0.wp.com\/www.eltrabajo.cl\/2017\/wp-content\/uploads\/2018\/08\/javier-mu%C3%B1oz-2.jpg?resize=580%2C403\" alt=\"El Hijo Ilustre, gran amigo, hombre humilde y sencillo, triunfador indiscutido, ser\u00e1 homenajeado al cumplirse el tercer a\u00f1o de su temprana partida.\" width=\"580\" height=\"403\" srcset=\"https:\/\/i0.wp.com\/eltrabajo.cl\/portal\/wp-content\/uploads\/2018\/08\/javier-mu%C3%B1oz-2.jpg?w=580&amp;ssl=1 580w, https:\/\/i0.wp.com\/eltrabajo.cl\/portal\/wp-content\/uploads\/2018\/08\/javier-mu%C3%B1oz-2.jpg?resize=200%2C139&amp;ssl=1 200w, https:\/\/i0.wp.com\/eltrabajo.cl\/portal\/wp-content\/uploads\/2018\/08\/javier-mu%C3%B1oz-2.jpg?resize=300%2C208&amp;ssl=1 300w, https:\/\/i0.wp.com\/eltrabajo.cl\/portal\/wp-content\/uploads\/2018\/08\/javier-mu%C3%B1oz-2.jpg?resize=216%2C150&amp;ssl=1 216w, https:\/\/i0.wp.com\/eltrabajo.cl\/portal\/wp-content\/uploads\/2018\/08\/javier-mu%C3%B1oz-2.jpg?resize=400%2C278&amp;ssl=1 400w\" sizes=\"auto, (max-width: 580px) 100vw, 580px\" \/><figcaption id=\"caption-attachment-88015\" class=\"wp-caption-text\">El Hijo Ilustre, gran amigo, hombre humilde y sencillo, triunfador indiscutido, ser\u00e1 homenajeado al cumplirse el tercer a\u00f1o de su temprana partida.<\/figcaption><\/figure>\n<ul>\n<li><strong>En una nueva versi\u00f3n del ya tradicional evento, participar\u00e1n sus colegas y amigos del Valle de Aconcagua versus compa\u00f1eros del Canal del F\u00fatbol.<\/strong><\/li>\n<\/ul>\n<p>Ma\u00f1ana mi\u00e9rcoles 29 de agosto se cumplen tres a\u00f1os de la partida del recordado relator deportivo Javier Francisco Mu\u00f1oz Delgado. En el tercer a\u00f1o del fallecimiento de la voz ancla del Canal del F\u00fatbol, se realizar\u00e1 nuevamente un encuentro deportivo en su memoria, partido de f\u00fatbol denominado \u2018Copa Aniversario Ciudad de San Felipe, Hijo Ilustre Javier Mu\u00f1oz Delgado\u2019 que se jugar\u00e1 desde las 17:00 horas en el Estadio Municipal de la ciudad.<br \/>\nEl talento y la perseverancia que siempre destac\u00f3 en \u2018Panchito\u2019, como se le conoc\u00eda en su natal localidad de El Tambo, lo catapultaron a ser parte del equipo del Canal del F\u00fatbol por cerca de diez a\u00f1os, recorrido que lo llev\u00f3 a ser voz del Chile Campe\u00f3n de Am\u00e9rica en TVN y su logro m\u00e1s importante: integrar el equipo de DirecTV Sports para las transmisiones del Mundial de Brasil 2014.<br \/>\nEn este contexto, tanto su familia como amigos han querido instaurar este homenaje a Javier en el tiempo, con una actividad que reflejara su pasi\u00f3n: el f\u00fatbol. En el encuentro \u2013inserto en el Mes Aniversario 278 de la Ciudad de San Felipe\u2013 se enfrentar\u00e1n sus colegas y amigos aconcag\u00fcinos versus sus compa\u00f1eros del Canal del F\u00fatbol.<br \/>\nEste mi\u00e9rcoles 29 a las 12:00 horas en la Catedral de San Felipe, se llevar\u00e1 a cabo una misa en recuerdo del tercer aniversario de la partida del comunicador sanfelipe\u00f1o. Luego, a las 17:00 horas, toda la comunidad est\u00e1 invitada al partido que se jugar\u00e1 en el Estadio Municipal, la \u2018Copa Aniversario Ciudad de San Felipe, Hijo Ilustre Javier Mu\u00f1oz Delgado\u2019, para recordar la vida y trayectoria profesional de uno los personajes m\u00e1s queridos en Aconcagua.<\/p>\n<figure id=\"attachment_88014\" aria-describedby=\"caption-attachment-88014\" style=\"width: 579px\" class=\"wp-caption alignnone\"><img data-recalc-dims=\"1\" loading=\"lazy\" decoding=\"async\" class=\"size-full wp-image-88014\" src=\"https:\/\/i0.wp.com\/www.eltrabajo.cl\/2017\/wp-content\/uploads\/2018\/08\/javier-mu%C3%B1oz-1.jpg?resize=579%2C886\" alt=\"El partido homenaje ser\u00e1 este mi\u00e9rcoles a las 17 horas en el Estadio Municipal de San Felipe.\" width=\"579\" height=\"886\" srcset=\"https:\/\/i0.wp.com\/eltrabajo.cl\/portal\/wp-content\/uploads\/2018\/08\/javier-mu%C3%B1oz-1.jpg?w=579&amp;ssl=1 579w, https:\/\/i0.wp.com\/eltrabajo.cl\/portal\/wp-content\/uploads\/2018\/08\/javier-mu%C3%B1oz-1.jpg?resize=98%2C150&amp;ssl=1 98w, https:\/\/i0.wp.com\/eltrabajo.cl\/portal\/wp-content\/uploads\/2018\/08\/javier-mu%C3%B1oz-1.jpg?resize=196%2C300&amp;ssl=1 196w, https:\/\/i0.wp.com\/eltrabajo.cl\/portal\/wp-content\/uploads\/2018\/08\/javier-mu%C3%B1oz-1.jpg?resize=400%2C612&amp;ssl=1 400w\" sizes=\"auto, (max-width: 579px) 100vw, 579px\" \/><figcaption id=\"caption-attachment-88014\" class=\"wp-caption-text\">El partido homenaje ser\u00e1 este mi\u00e9rcoles a las 17 horas en el Estadio Municipal de San Felipe.<\/figcaption><\/figure>\n","protected":false},"excerpt":{"rendered":"<p>En una nueva versi\u00f3n del ya tradicional evento, participar\u00e1n sus colegas y amigos del Valle de Aconcagua versus compa\u00f1eros del Canal del F\u00fatbol. Ma\u00f1ana mi\u00e9rcoles 29 de agosto se cumplen tres a\u00f1os&#8230;<\/p>\n","protected":false},"author":1,"featured_media":88015,"comment_status":"open","ping_status":"open","sticky":false,"template":"","format":"standard","meta":{"advanced_seo_description":"","jetpack_seo_html_title":"","jetpack_seo_noindex":false,"_jetpack_memberships_contains_paid_content":false,"footnotes":""},"categories":[15],"tags":[],"class_list":["post-88013","post","type-post","status-publish","format-standard","has-post-thumbnail","hentry","category-comunidad"],"jetpack_featured_media_url":"https:\/\/i0.wp.com\/eltrabajo.cl\/portal\/wp-content\/uploads\/2018\/08\/javier-mu%C3%B1oz-2.jpg?fit=580%2C403&ssl=1","jetpack_sharing_enabled":true,"jetpack_likes_enabled":true,"jetpack-related-posts":[],"_links":{"self":[{"href":"https:\/\/eltrabajo.cl\/portal\/wp-json\/wp\/v2\/posts\/88013","targetHints":{"allow":["GET"]}}],"collection":[{"href":"https:\/\/eltrabajo.cl\/portal\/wp-json\/wp\/v2\/posts"}],"about":[{"href":"https:\/\/eltrabajo.cl\/portal\/wp-json\/wp\/v2\/types\/post"}],"author":[{"embeddable":true,"href":"https:\/\/eltrabajo.cl\/portal\/wp-json\/wp\/v2\/users\/1"}],"replies":[{"embeddable":true,"href":"https:\/\/eltrabajo.cl\/portal\/wp-json\/wp\/v2\/comments?post=88013"}],"version-history":[{"count":0,"href":"https:\/\/eltrabajo.cl\/portal\/wp-json\/wp\/v2\/posts\/88013\/revisions"}],"wp:featuredmedia":[{"embeddable":true,"href":"https:\/\/eltrabajo.cl\/portal\/wp-json\/wp\/v2\/media\/88015"}],"wp:attachment":[{"href":"https:\/\/eltrabajo.cl\/portal\/wp-json\/wp\/v2\/media?parent=88013"}],"wp:term":[{"taxonomy":"category","embeddable":true,"href":"https:\/\/eltrabajo.cl\/portal\/wp-json\/wp\/v2\/categories?post=88013"},{"taxonomy":"post_tag","embeddable":true,"href":"https:\/\/eltrabajo.cl\/portal\/wp-json\/wp\/v2\/tags?post=88013"}],"curies":[{"name":"wp","href":"https:\/\/api.w.org\/{rel}","templated":true}]}}