{"id":88024,"date":"2018-08-29T05:00:34","date_gmt":"2018-08-29T09:00:34","guid":{"rendered":"http:\/\/www.eltrabajo.cl\/2017\/?p=88024"},"modified":"2018-08-29T05:00:34","modified_gmt":"2018-08-29T09:00:34","slug":"manana-arranca-el-iii-encuentro-nacional-de-payadores-san-felipe-2018","status":"publish","type":"post","link":"https:\/\/eltrabajo.cl\/portal\/manana-arranca-el-iii-encuentro-nacional-de-payadores-san-felipe-2018\/","title":{"rendered":"Ma\u00f1ana arranca el III Encuentro Nacional de Payadores San Felipe 2018"},"content":{"rendered":"<figure id=\"attachment_88027\" aria-describedby=\"caption-attachment-88027\" style=\"width: 578px\" class=\"wp-caption alignnone\"><img data-recalc-dims=\"1\" loading=\"lazy\" decoding=\"async\" class=\"size-full wp-image-88027\" src=\"https:\/\/i0.wp.com\/www.eltrabajo.cl\/2017\/wp-content\/uploads\/2018\/08\/Payadores2.jpg?resize=578%2C373\" alt=\"LOS MEJORES.- Los mejores payadores del momento, incluyendo a Los Madariaga, estar\u00e1n ma\u00f1ana jueves y el viernes en nuestra comuna.\" width=\"578\" height=\"373\" srcset=\"https:\/\/i0.wp.com\/eltrabajo.cl\/portal\/wp-content\/uploads\/2018\/08\/Payadores2.jpg?w=578&amp;ssl=1 578w, https:\/\/i0.wp.com\/eltrabajo.cl\/portal\/wp-content\/uploads\/2018\/08\/Payadores2.jpg?resize=200%2C129&amp;ssl=1 200w, https:\/\/i0.wp.com\/eltrabajo.cl\/portal\/wp-content\/uploads\/2018\/08\/Payadores2.jpg?resize=300%2C194&amp;ssl=1 300w, https:\/\/i0.wp.com\/eltrabajo.cl\/portal\/wp-content\/uploads\/2018\/08\/Payadores2.jpg?resize=232%2C150&amp;ssl=1 232w, https:\/\/i0.wp.com\/eltrabajo.cl\/portal\/wp-content\/uploads\/2018\/08\/Payadores2.jpg?resize=400%2C258&amp;ssl=1 400w\" sizes=\"auto, (max-width: 578px) 100vw, 578px\" \/><figcaption id=\"caption-attachment-88027\" class=\"wp-caption-text\">LOS MEJORES.- Los mejores payadores del momento, incluyendo a Los Madariaga, estar\u00e1n ma\u00f1ana jueves y el viernes en nuestra comuna.<\/figcaption><\/figure>\n<p><span style=\"color: #ff0000;\"><strong>Jueves y viernes en la Iglesia Buen Pastor, y en algunas escuelas:<\/strong><\/span><\/p>\n<p>Nuevamente este a\u00f1o se desarrollar\u00e1 en nuestra comuna el \u2018III Encuentro Nacional de Payadores en San Felipe, cinco maestros y cinco estudiantes\u2019, proyecto financiado por el Fondo Nacional de Desarrollo Cultural y las Artes, Convocatoria 2018. La jornada se vincula a varias presentaciones de estos artistas, locales y nacionales, en varias escuelas de nuestra provincia.<br \/>\nAs\u00ed lo confirm\u00f3 a Diario El Trabajo el encargado de la Casa Municipal de Cultura, Ricardo Ruiz Herrera: \u00abUna gran oportunidad para que los aconcag\u00fcinos puedan disfrutar y hasta participar en las \u2018Cl\u00ednicas de Canto a lo Poeta\u2019, en las que los escolares de nuestra comuna y p\u00fablico en general podr\u00e1n participar de estas cl\u00ednicas que se realizar\u00e1n en Fundaci\u00f3n Buen Pastor, los d\u00edas jueves 30 y viernes 31 de agosto, en horario de 16:00 a 18:00 horas. Los payadores que participar\u00e1n en estas jornadas son: Arnoldo Madariaga Encina, Arnoldo Madariaga L\u00f3pez (hijo); Domingo Pontigo Mel\u00e9ndez; Pedro Estay Tapia, Oscar Montenegro Montenegro; Carola L\u00f3pez Araya; Rub\u00e9n Tapia Salinas; Mario Mart\u00ednez Leiva; Paul Cast\u00e1n Cartagena y Luis Alberto Dur\u00e1n Avil\u00e9s\u00bb, inform\u00f3 Ruiz.<\/p>\n<p><strong><span style=\"color: #ff0000;\">EN DOS FECHAS<\/span><\/strong><br \/>\nSeg\u00fan inform\u00f3 el profesional, este encuentro de payadores 2018 es una invitaci\u00f3n abierta a la comunidad de San Felipe y otras comunas, para que participen en estos encuentros, los que se realizar\u00e1 en dos fechas.<br \/>\n\u00abPara el jueves 30, en horario de 19:00 a 21:00 horas, en Iglesia Buen Pastor se realizar\u00e1 una actividad especial con los adultos mayores y se invita al p\u00fablico en general a esta actividad, y para el viernes 31 de 19:00 a 21:00 horas tambi\u00e9n en Iglesia Buen Pastor, se realizar\u00e1 una actividad especial con los Pueblos Originarios de la zona, abierta a todo p\u00fablico. Adem\u00e1s, se desarrollar\u00e1n varias Cl\u00ednicas de Canto a lo Poeta en dos establecimientos educacionales de San Felipe; Escuela John Kennedy y Liceo Corina Urbina, este proyecto cuenta con el financiamiento del Ministerio de las Culturas, las Artes y el Patrimonio, con recursos que ascienden a los $2.579.530\u00bb, indic\u00f3 Ruiz.<br \/>\n<strong>Roberto Gonz\u00e1lez Short<\/strong><\/p>\n<figure id=\"attachment_88026\" aria-describedby=\"caption-attachment-88026\" style=\"width: 579px\" class=\"wp-caption alignnone\"><img data-recalc-dims=\"1\" loading=\"lazy\" decoding=\"async\" class=\"size-full wp-image-88026\" src=\"https:\/\/i0.wp.com\/www.eltrabajo.cl\/2017\/wp-content\/uploads\/2018\/08\/Payadores1.jpg?resize=579%2C213\" alt=\"NUESTROS PAYADORES.- Ellos son algunos de los m\u00e1s conocidos payadores aconcag\u00fcinos que estar\u00e1n haciendo de las suyas ma\u00f1ana jueves y el viernes.\" width=\"579\" height=\"213\" srcset=\"https:\/\/i0.wp.com\/eltrabajo.cl\/portal\/wp-content\/uploads\/2018\/08\/Payadores1.jpg?w=579&amp;ssl=1 579w, https:\/\/i0.wp.com\/eltrabajo.cl\/portal\/wp-content\/uploads\/2018\/08\/Payadores1.jpg?resize=200%2C74&amp;ssl=1 200w, https:\/\/i0.wp.com\/eltrabajo.cl\/portal\/wp-content\/uploads\/2018\/08\/Payadores1.jpg?resize=300%2C110&amp;ssl=1 300w, https:\/\/i0.wp.com\/eltrabajo.cl\/portal\/wp-content\/uploads\/2018\/08\/Payadores1.jpg?resize=400%2C147&amp;ssl=1 400w\" sizes=\"auto, (max-width: 579px) 100vw, 579px\" \/><figcaption id=\"caption-attachment-88026\" class=\"wp-caption-text\">NUESTROS PAYADORES.- Ellos son algunos de los m\u00e1s conocidos payadores aconcag\u00fcinos que estar\u00e1n haciendo de las suyas ma\u00f1ana jueves y el viernes.<\/figcaption><\/figure>\n<figure id=\"attachment_88025\" aria-describedby=\"caption-attachment-88025\" style=\"width: 579px\" class=\"wp-caption alignnone\"><img data-recalc-dims=\"1\" loading=\"lazy\" decoding=\"async\" class=\"size-full wp-image-88025\" src=\"https:\/\/i0.wp.com\/www.eltrabajo.cl\/2017\/wp-content\/uploads\/2018\/08\/Payadores_Ricardo-Ruiz.jpg?resize=579%2C609\" alt=\"Encargado de la Casa Municipal de Cultura, Ricardo Ruiz Herrera.\" width=\"579\" height=\"609\" srcset=\"https:\/\/i0.wp.com\/eltrabajo.cl\/portal\/wp-content\/uploads\/2018\/08\/Payadores_Ricardo-Ruiz.jpg?w=579&amp;ssl=1 579w, https:\/\/i0.wp.com\/eltrabajo.cl\/portal\/wp-content\/uploads\/2018\/08\/Payadores_Ricardo-Ruiz.jpg?resize=143%2C150&amp;ssl=1 143w, https:\/\/i0.wp.com\/eltrabajo.cl\/portal\/wp-content\/uploads\/2018\/08\/Payadores_Ricardo-Ruiz.jpg?resize=285%2C300&amp;ssl=1 285w, https:\/\/i0.wp.com\/eltrabajo.cl\/portal\/wp-content\/uploads\/2018\/08\/Payadores_Ricardo-Ruiz.jpg?resize=400%2C421&amp;ssl=1 400w\" sizes=\"auto, (max-width: 579px) 100vw, 579px\" \/><figcaption id=\"caption-attachment-88025\" class=\"wp-caption-text\">Encargado de la Casa Municipal de Cultura, Ricardo Ruiz Herrera.<\/figcaption><\/figure>\n","protected":false},"excerpt":{"rendered":"<p>Jueves y viernes en la Iglesia Buen Pastor, y en algunas escuelas: Nuevamente este a\u00f1o se desarrollar\u00e1 en nuestra comuna el \u2018III Encuentro Nacional de Payadores en San Felipe, cinco maestros y&#8230;<\/p>\n","protected":false},"author":1,"featured_media":88027,"comment_status":"closed","ping_status":"open","sticky":false,"template":"","format":"standard","meta":{"advanced_seo_description":"","jetpack_seo_html_title":"","jetpack_seo_noindex":false,"_jetpack_memberships_contains_paid_content":false,"footnotes":""},"categories":[20],"tags":[],"class_list":["post-88024","post","type-post","status-publish","format-standard","has-post-thumbnail","hentry","category-arte-y-cultura"],"jetpack_featured_media_url":"https:\/\/i0.wp.com\/eltrabajo.cl\/portal\/wp-content\/uploads\/2018\/08\/Payadores2.jpg?fit=578%2C373&ssl=1","jetpack_sharing_enabled":true,"jetpack_likes_enabled":true,"jetpack-related-posts":[],"_links":{"self":[{"href":"https:\/\/eltrabajo.cl\/portal\/wp-json\/wp\/v2\/posts\/88024","targetHints":{"allow":["GET"]}}],"collection":[{"href":"https:\/\/eltrabajo.cl\/portal\/wp-json\/wp\/v2\/posts"}],"about":[{"href":"https:\/\/eltrabajo.cl\/portal\/wp-json\/wp\/v2\/types\/post"}],"author":[{"embeddable":true,"href":"https:\/\/eltrabajo.cl\/portal\/wp-json\/wp\/v2\/users\/1"}],"replies":[{"embeddable":true,"href":"https:\/\/eltrabajo.cl\/portal\/wp-json\/wp\/v2\/comments?post=88024"}],"version-history":[{"count":0,"href":"https:\/\/eltrabajo.cl\/portal\/wp-json\/wp\/v2\/posts\/88024\/revisions"}],"wp:featuredmedia":[{"embeddable":true,"href":"https:\/\/eltrabajo.cl\/portal\/wp-json\/wp\/v2\/media\/88027"}],"wp:attachment":[{"href":"https:\/\/eltrabajo.cl\/portal\/wp-json\/wp\/v2\/media?parent=88024"}],"wp:term":[{"taxonomy":"category","embeddable":true,"href":"https:\/\/eltrabajo.cl\/portal\/wp-json\/wp\/v2\/categories?post=88024"},{"taxonomy":"post_tag","embeddable":true,"href":"https:\/\/eltrabajo.cl\/portal\/wp-json\/wp\/v2\/tags?post=88024"}],"curies":[{"name":"wp","href":"https:\/\/api.w.org\/{rel}","templated":true}]}}