{"id":88029,"date":"2018-08-29T05:01:45","date_gmt":"2018-08-29T09:01:45","guid":{"rendered":"http:\/\/www.eltrabajo.cl\/2017\/?p=88029"},"modified":"2018-08-29T05:01:45","modified_gmt":"2018-08-29T09:01:45","slug":"definitivamente-el-nuevo-estadio-para-san-felipe-no-sera-realidad","status":"publish","type":"post","link":"https:\/\/eltrabajo.cl\/portal\/definitivamente-el-nuevo-estadio-para-san-felipe-no-sera-realidad\/","title":{"rendered":"Definitivamente el nuevo estadio para San Felipe no ser\u00e1 realidad"},"content":{"rendered":"<figure id=\"attachment_88030\" aria-describedby=\"caption-attachment-88030\" style=\"width: 579px\" class=\"wp-caption alignnone\"><img data-recalc-dims=\"1\" loading=\"lazy\" decoding=\"async\" class=\"size-full wp-image-88030\" src=\"https:\/\/i0.wp.com\/www.eltrabajo.cl\/2017\/wp-content\/uploads\/2018\/08\/maqueta-nuevo-estadio.jpg?resize=579%2C326\" alt=\"Esta es la recordada maqueta del estadio.\" width=\"579\" height=\"326\" srcset=\"https:\/\/i0.wp.com\/eltrabajo.cl\/portal\/wp-content\/uploads\/2018\/08\/maqueta-nuevo-estadio.jpg?w=579&amp;ssl=1 579w, https:\/\/i0.wp.com\/eltrabajo.cl\/portal\/wp-content\/uploads\/2018\/08\/maqueta-nuevo-estadio.jpg?resize=200%2C113&amp;ssl=1 200w, https:\/\/i0.wp.com\/eltrabajo.cl\/portal\/wp-content\/uploads\/2018\/08\/maqueta-nuevo-estadio.jpg?resize=300%2C169&amp;ssl=1 300w, https:\/\/i0.wp.com\/eltrabajo.cl\/portal\/wp-content\/uploads\/2018\/08\/maqueta-nuevo-estadio.jpg?resize=266%2C150&amp;ssl=1 266w, https:\/\/i0.wp.com\/eltrabajo.cl\/portal\/wp-content\/uploads\/2018\/08\/maqueta-nuevo-estadio.jpg?resize=400%2C225&amp;ssl=1 400w\" sizes=\"auto, (max-width: 579px) 100vw, 579px\" \/><figcaption id=\"caption-attachment-88030\" class=\"wp-caption-text\">Esta es la recordada maqueta del estadio.<\/figcaption><\/figure>\n<ul>\n<li><strong>Ministerio del Desarrollo entrega lapidario informe t\u00e9cnico que hace injustificable su construcci\u00f3n, pues el proyecto fue mal formulado<\/strong><\/li>\n<\/ul>\n<p>El analista del Ministerio de Desarrollo Social, Carlos Riquelme Escobedo, fue lapidario en su informe sobre el proyecto del nuevo estadio para San Felipe.<br \/>\nEl analista en su informe se\u00f1ala que de acuerdo a lo planteado en las normas de inversi\u00f3n p\u00fablica, el presente proyecto se califica como OT (Objetado T\u00e9cnicamente), debido a que los antecedentes entregados permiten concluir que no es conveniente llevar a cabo las inversiones debido a las siguientes situaciones: \u00abLa iniciativa est\u00e1 mal formulada, no existe un problema correctamente identificado que afecte a los deportistas, de acuerdo a la metodolog\u00eda sectorial, el diagn\u00f3stico y an\u00e1lisis aportados, coherencia de la informaci\u00f3n, causas y efectos que resultan del problema \u00e1rea de estudio, \u00e1rea de influencia, poblaci\u00f3n, an\u00e1lisis de oferta, demanda y d\u00e9ficit no permiten concluir que existe un d\u00e9ficit de oferta deportiva que amerite la construcci\u00f3n de un estadio, menos con el est\u00e1ndar y tama\u00f1o que consulta el proyecto. El an\u00e1lisis desecha la optimizaci\u00f3n de la situaci\u00f3n actual, en lo fundamental debido a deficiencias que tendr\u00eda la instalaci\u00f3n existente en relaci\u00f3n a demandas que se experimentan en la comuna y provincia en el \u00e1rea social y cultural. Adem\u00e1s la evaluaci\u00f3n de alternativas no se realiza con apego a la metodolog\u00eda en la medida que el perfil del proyecto presente un an\u00e1lisis y evaluaci\u00f3n t\u00e9cnica-econ\u00f3mica que justifique su ejecuci\u00f3n. Deber\u00e1 complementar la carpeta del proyecto la siguiente documentaci\u00f3n: Visado t\u00e9cnico del IND, Plan de Gesti\u00f3n, definir correctamente gastos de operaci\u00f3n y mantenci\u00f3n y respaldar con carta compromiso. Revisar coherencia entre los valores presentados en ficha IDl carpeta de proyecto y planilla de indicadores. En ficha IDI corregir puntos 11, 12 y 22\u00bb, se\u00f1ala el analista.<br \/>\nEl alcalde Patricio Freire Canto, en su visita de todos los lunes a radio Aconcagua y al ser consultado sobre este informe, lo calific\u00f3 como falso: \u00abEs una falsedad absoluta, el proyecto est\u00e1 bien elaborado, desde el Ministerio del Transporte ya sali\u00f3, ese era el \u00faltimo paso a seguir; en este momento la elaboraci\u00f3n del nuevo estadio est\u00e1 en perfectas condiciones, lo que pasa es lo siguiente, nosotros estamos postergando el proyecto del estadio, pero en ning\u00fan caso hemos bajado el estadio, es decir nosotros como municipio de San Felipe no vamos a bajar la construcci\u00f3n de un nuevo estadio para la ciudad, desde el Ministerio del Transporte salieron aprobadas todas las obras de mitigaci\u00f3n, aqu\u00ed se pueden decir muchas cosas\u00bb.<br \/>\n<strong>&#8211; Seg\u00fan usted, alcalde, \u00bfel proyecto se cae s\u00f3lo por falta de financiamiento?<\/strong><br \/>\n&#8211; Solamente por falta de financiamiento, incluso la Ministra del Deporte dijo que es mucha plata, en estos momentos el pa\u00eds no est\u00e1 en condiciones de gastar 18 mil millones de pesos en este estadio, pero le ofrecemos un multideportivo que vale alrededor de cinco mil millones, adem\u00e1s le vamos a arreglar el estadio municipal.<br \/>\nAgreg\u00f3 que esto es la l\u00f3gica que se da en un cambio de gobierno, \u00abcuando no hay recursos buscan subterfugios t\u00e9cnicos, pero no est\u00e1 mal formulado el proyecto\u00bb, indic\u00f3 el alcalde.<\/p>\n<p><span style=\"color: #ff0000;\"><strong>DATOS<\/strong><\/span><br \/>\nEl proyecto fue postulado al Sistema Nacional de Inversiones el d\u00eda 26-03-2018 e ingres\u00f3 a ese mismo sistema el d\u00eda 03-04-2018.<br \/>\nEl informe del analista est\u00e1 fechado el d\u00eda 17-04-2018<br \/>\nMonto solicitado 20.000 millones de pesos.<br \/>\nCosto total 15.038 millones de pesos.<br \/>\nFecha de postulaci\u00f3n 26-03-2018.<br \/>\nOBJETADO T\u00c9CNICAMENTE: Resultado del an\u00e1lisis que indica que los antecedentes entregados permiten concluir que no es conveniente llevar a cabo una iniciativa de inversi\u00f3n.<\/p>\n","protected":false},"excerpt":{"rendered":"<p>Ministerio del Desarrollo entrega lapidario informe t\u00e9cnico que hace injustificable su construcci\u00f3n, pues el proyecto fue mal formulado El analista del Ministerio de Desarrollo Social, Carlos Riquelme Escobedo, fue lapidario en su&#8230;<\/p>\n","protected":false},"author":1,"featured_media":88030,"comment_status":"closed","ping_status":"open","sticky":false,"template":"","format":"standard","meta":{"advanced_seo_description":"","jetpack_seo_html_title":"","jetpack_seo_noindex":false,"_jetpack_memberships_contains_paid_content":false,"footnotes":""},"categories":[1],"tags":[],"class_list":["post-88029","post","type-post","status-publish","format-standard","has-post-thumbnail","hentry","category-cronica"],"jetpack_featured_media_url":"https:\/\/i0.wp.com\/eltrabajo.cl\/portal\/wp-content\/uploads\/2018\/08\/maqueta-nuevo-estadio.jpg?fit=579%2C326&ssl=1","jetpack_sharing_enabled":true,"jetpack_likes_enabled":true,"jetpack-related-posts":[],"_links":{"self":[{"href":"https:\/\/eltrabajo.cl\/portal\/wp-json\/wp\/v2\/posts\/88029","targetHints":{"allow":["GET"]}}],"collection":[{"href":"https:\/\/eltrabajo.cl\/portal\/wp-json\/wp\/v2\/posts"}],"about":[{"href":"https:\/\/eltrabajo.cl\/portal\/wp-json\/wp\/v2\/types\/post"}],"author":[{"embeddable":true,"href":"https:\/\/eltrabajo.cl\/portal\/wp-json\/wp\/v2\/users\/1"}],"replies":[{"embeddable":true,"href":"https:\/\/eltrabajo.cl\/portal\/wp-json\/wp\/v2\/comments?post=88029"}],"version-history":[{"count":0,"href":"https:\/\/eltrabajo.cl\/portal\/wp-json\/wp\/v2\/posts\/88029\/revisions"}],"wp:featuredmedia":[{"embeddable":true,"href":"https:\/\/eltrabajo.cl\/portal\/wp-json\/wp\/v2\/media\/88030"}],"wp:attachment":[{"href":"https:\/\/eltrabajo.cl\/portal\/wp-json\/wp\/v2\/media?parent=88029"}],"wp:term":[{"taxonomy":"category","embeddable":true,"href":"https:\/\/eltrabajo.cl\/portal\/wp-json\/wp\/v2\/categories?post=88029"},{"taxonomy":"post_tag","embeddable":true,"href":"https:\/\/eltrabajo.cl\/portal\/wp-json\/wp\/v2\/tags?post=88029"}],"curies":[{"name":"wp","href":"https:\/\/api.w.org\/{rel}","templated":true}]}}