{"id":88032,"date":"2018-08-29T05:02:11","date_gmt":"2018-08-29T09:02:11","guid":{"rendered":"http:\/\/www.eltrabajo.cl\/2017\/?p=88032"},"modified":"2018-08-29T05:02:11","modified_gmt":"2018-08-29T09:02:11","slug":"ayer-sepultaron-al-conocido-dentista-humberto-lepe-montenegro","status":"publish","type":"post","link":"https:\/\/eltrabajo.cl\/portal\/ayer-sepultaron-al-conocido-dentista-humberto-lepe-montenegro\/","title":{"rendered":"Ayer sepultaron al conocido dentista Humberto Lepe Montenegro"},"content":{"rendered":"<figure id=\"attachment_88036\" aria-describedby=\"caption-attachment-88036\" style=\"width: 579px\" class=\"wp-caption alignnone\"><img data-recalc-dims=\"1\" loading=\"lazy\" decoding=\"async\" class=\"size-full wp-image-88036\" src=\"https:\/\/i0.wp.com\/www.eltrabajo.cl\/2017\/wp-content\/uploads\/2018\/08\/Funerales1.jpg?resize=579%2C361\" alt=\"ADI\u00d3S \u2018DOSBERTO\u2019.- Familiares y amigos de Humberto Lepe Montenegro lo despidieron con cari\u00f1o, sus restos mortales descansan ya en el Cementerio Parque Almendral, en La Troya.\" width=\"579\" height=\"361\" srcset=\"https:\/\/i0.wp.com\/eltrabajo.cl\/portal\/wp-content\/uploads\/2018\/08\/Funerales1.jpg?w=579&amp;ssl=1 579w, https:\/\/i0.wp.com\/eltrabajo.cl\/portal\/wp-content\/uploads\/2018\/08\/Funerales1.jpg?resize=200%2C125&amp;ssl=1 200w, https:\/\/i0.wp.com\/eltrabajo.cl\/portal\/wp-content\/uploads\/2018\/08\/Funerales1.jpg?resize=300%2C187&amp;ssl=1 300w, https:\/\/i0.wp.com\/eltrabajo.cl\/portal\/wp-content\/uploads\/2018\/08\/Funerales1.jpg?resize=241%2C150&amp;ssl=1 241w, https:\/\/i0.wp.com\/eltrabajo.cl\/portal\/wp-content\/uploads\/2018\/08\/Funerales1.jpg?resize=400%2C249&amp;ssl=1 400w\" sizes=\"auto, (max-width: 579px) 100vw, 579px\" \/><figcaption id=\"caption-attachment-88036\" class=\"wp-caption-text\">ADI\u00d3S \u2018DOSBERTO\u2019.- Familiares y amigos de Humberto Lepe Montenegro lo despidieron con cari\u00f1o, sus restos mortales descansan ya en el Cementerio Parque Almendral, en La Troya.<\/figcaption><\/figure>\n<p><span style=\"color: #ff0000;\"><strong>Dedic\u00f3 su vida tambi\u00e9n a las obras sociales y de caridad:<\/strong><\/span><\/p>\n<p>Cerca de las 16:00 horas de ayer martes se desarrollaron las honras f\u00fanebres de quien fuera en vida el dentista cirujano Luis Humberto Lepe Montenegro, nacido el jueves 21 de junio de 1934, en San Felipe. Ten\u00eda 84 a\u00f1os de edad. La muerte de Lepe ocurri\u00f3 este lunes, y su velatorio se hizo en la Respetable Logia Patria y Libertad N\u00ba36. \u00c9l era mas\u00f3n.<br \/>\n\u00abObviamente nuestra tristeza en la familia es grande, nunca se est\u00e1 preparado para esto, me siento agradecido de haber compartido con nosotros, tambi\u00e9n pap\u00e1 supo entregarse a toda la comunidad aconcag\u00fcina y por muchas instituciones de beneficencia cuando pudo hacerlo, muchas personas, amigos de mi padre quienes para m\u00ed eran t\u00edos, todos ellos se han acercado a nuestra familia para brindarnos apoyo y cari\u00f1o en estos momentos tan dolorosos. Pap\u00e1 fue un hombre bueno, honesto, muy trabajador, siempre estuvo dispuesto a trabajar por aquellos proyectos de bien para los vecinos, para los ni\u00f1os, dentro y fuera del Club de Leones, la Escuela de Ciegos, los pensionados del Hospital de San Felipe, las Colonias Escolares y muchos otros proyectos sociales. A mi pap\u00e1 le dec\u00edamos cari\u00f1osamente \u2018Dosberto\u2019, pues abuelo tambi\u00e9n se llamaba Humberto, \u00e9l era el segundo, as\u00ed que siempre brome\u00e1bamos con ese detalle\u00bb, coment\u00f3 a Diario El Trabajo uno de los tres hijos de don Humberto, Jorge Lepe Tarrag\u00f3.<\/p>\n<p><span style=\"color: #ff0000;\"><strong>HERMANO GOLPEADO<\/strong><\/span><br \/>\nNuestro medio tambi\u00e9n habl\u00f3 con el ex consejero regional Edgardo Lepe, quien evidentemente dolido por la p\u00e9rdida de su hermano, nos coment\u00f3 que \u00aben el orden social Humberto se destac\u00f3 por ayudar en la gesti\u00f3n que permitiera crecimiento y mejoramiento del antiguo Hospital de San Felipe, en donde cre\u00f3 la secci\u00f3n de pensionados, que no exist\u00eda, logros que llegaron durante su gesti\u00f3n del Club de Leones de San Felipe. Fue un hombre de mucha fuerza. Mi hermano tambi\u00e9n de joven quiso incursionar en los deportes, pero un problema de salud le impidi\u00f3 continuar en ello, inclusive en su edad m\u00e1s madura se le dificult\u00f3 seguir como cirujano dentista, ninguno de sus hijos continu\u00f3 con su profesi\u00f3n, ellos se desarrollaron en campos diferentes\u00bb, coment\u00f3 Edgardo.<br \/>\nSe cas\u00f3 con Alicia Tarrag\u00f3 en 1960, Lepe fue tambi\u00e9n presidente del Club de Leones de San Felipe, y presidi\u00f3 esa ONG a nivel nacional. Los restos mortales de don Humberto Lepe descansan ya en el Cementerio Parque Almendral, en La Troya.<br \/>\n<strong>Roberto Gonz\u00e1lez Short<\/strong><\/p>\n<figure id=\"attachment_88035\" aria-describedby=\"caption-attachment-88035\" style=\"width: 580px\" class=\"wp-caption alignnone\"><img data-recalc-dims=\"1\" loading=\"lazy\" decoding=\"async\" class=\"size-full wp-image-88035\" src=\"https:\/\/i0.wp.com\/www.eltrabajo.cl\/2017\/wp-content\/uploads\/2018\/08\/Funerales_Jorge-Lepe.jpg?resize=580%2C526\" alt=\"Uno de los tres hijos de don Humberto, Jorge Lepe Tarrag\u00f3.\" width=\"580\" height=\"526\" srcset=\"https:\/\/i0.wp.com\/eltrabajo.cl\/portal\/wp-content\/uploads\/2018\/08\/Funerales_Jorge-Lepe.jpg?w=580&amp;ssl=1 580w, https:\/\/i0.wp.com\/eltrabajo.cl\/portal\/wp-content\/uploads\/2018\/08\/Funerales_Jorge-Lepe.jpg?resize=165%2C150&amp;ssl=1 165w, https:\/\/i0.wp.com\/eltrabajo.cl\/portal\/wp-content\/uploads\/2018\/08\/Funerales_Jorge-Lepe.jpg?resize=300%2C272&amp;ssl=1 300w, https:\/\/i0.wp.com\/eltrabajo.cl\/portal\/wp-content\/uploads\/2018\/08\/Funerales_Jorge-Lepe.jpg?resize=400%2C363&amp;ssl=1 400w\" sizes=\"auto, (max-width: 580px) 100vw, 580px\" \/><figcaption id=\"caption-attachment-88035\" class=\"wp-caption-text\">Uno de los tres hijos de don Humberto, Jorge Lepe Tarrag\u00f3.<\/figcaption><\/figure>\n<figure id=\"attachment_88033\" aria-describedby=\"caption-attachment-88033\" style=\"width: 580px\" class=\"wp-caption alignnone\"><img data-recalc-dims=\"1\" loading=\"lazy\" decoding=\"async\" class=\"size-full wp-image-88033\" src=\"https:\/\/i0.wp.com\/www.eltrabajo.cl\/2017\/wp-content\/uploads\/2018\/08\/Funerales_Edgardo-Lepe.jpg?resize=580%2C465\" alt=\"Edgardo Lepe Montenegro, hermano del hoy fallecido.\" width=\"580\" height=\"465\" srcset=\"https:\/\/i0.wp.com\/eltrabajo.cl\/portal\/wp-content\/uploads\/2018\/08\/Funerales_Edgardo-Lepe.jpg?w=580&amp;ssl=1 580w, https:\/\/i0.wp.com\/eltrabajo.cl\/portal\/wp-content\/uploads\/2018\/08\/Funerales_Edgardo-Lepe.jpg?resize=187%2C150&amp;ssl=1 187w, https:\/\/i0.wp.com\/eltrabajo.cl\/portal\/wp-content\/uploads\/2018\/08\/Funerales_Edgardo-Lepe.jpg?resize=300%2C241&amp;ssl=1 300w, https:\/\/i0.wp.com\/eltrabajo.cl\/portal\/wp-content\/uploads\/2018\/08\/Funerales_Edgardo-Lepe.jpg?resize=400%2C321&amp;ssl=1 400w\" sizes=\"auto, (max-width: 580px) 100vw, 580px\" \/><figcaption id=\"caption-attachment-88033\" class=\"wp-caption-text\">Edgardo Lepe Montenegro, hermano del hoy fallecido.<\/figcaption><\/figure>\n<figure id=\"attachment_88037\" aria-describedby=\"caption-attachment-88037\" style=\"width: 580px\" class=\"wp-caption alignnone\"><img data-recalc-dims=\"1\" loading=\"lazy\" decoding=\"async\" class=\"size-full wp-image-88037\" src=\"https:\/\/i0.wp.com\/www.eltrabajo.cl\/2017\/wp-content\/uploads\/2018\/08\/humberto-Foto-Extra.jpg?resize=580%2C578\" alt=\"Luis Humberto Lepe Montenegro, naci\u00f3 el jueves 21 de junio de 1934, falleci\u00f3 el lunes 27 de agosto de 2018.\" width=\"580\" height=\"578\" srcset=\"https:\/\/i0.wp.com\/eltrabajo.cl\/portal\/wp-content\/uploads\/2018\/08\/humberto-Foto-Extra.jpg?w=580&amp;ssl=1 580w, https:\/\/i0.wp.com\/eltrabajo.cl\/portal\/wp-content\/uploads\/2018\/08\/humberto-Foto-Extra.jpg?resize=151%2C150&amp;ssl=1 151w, https:\/\/i0.wp.com\/eltrabajo.cl\/portal\/wp-content\/uploads\/2018\/08\/humberto-Foto-Extra.jpg?resize=300%2C300&amp;ssl=1 300w, https:\/\/i0.wp.com\/eltrabajo.cl\/portal\/wp-content\/uploads\/2018\/08\/humberto-Foto-Extra.jpg?resize=400%2C399&amp;ssl=1 400w\" sizes=\"auto, (max-width: 580px) 100vw, 580px\" \/><figcaption id=\"caption-attachment-88037\" class=\"wp-caption-text\">Luis Humberto Lepe Montenegro, naci\u00f3 el jueves 21 de junio de 1934, falleci\u00f3 el lunes 27 de agosto de 2018.<\/figcaption><\/figure>\n<figure id=\"attachment_88034\" aria-describedby=\"caption-attachment-88034\" style=\"width: 580px\" class=\"wp-caption alignnone\"><img data-recalc-dims=\"1\" loading=\"lazy\" decoding=\"async\" class=\"size-full wp-image-88034\" src=\"https:\/\/i0.wp.com\/www.eltrabajo.cl\/2017\/wp-content\/uploads\/2018\/08\/Funerales_Humberto-Lepe.jpg?resize=580%2C522\" alt=\"Luis Humberto Lepe Montenegro, naci\u00f3 el jueves 21 de junio de 1934, falleci\u00f3 el lunes 27 de agosto de 2018.\" width=\"580\" height=\"522\" srcset=\"https:\/\/i0.wp.com\/eltrabajo.cl\/portal\/wp-content\/uploads\/2018\/08\/Funerales_Humberto-Lepe.jpg?w=580&amp;ssl=1 580w, https:\/\/i0.wp.com\/eltrabajo.cl\/portal\/wp-content\/uploads\/2018\/08\/Funerales_Humberto-Lepe.jpg?resize=167%2C150&amp;ssl=1 167w, https:\/\/i0.wp.com\/eltrabajo.cl\/portal\/wp-content\/uploads\/2018\/08\/Funerales_Humberto-Lepe.jpg?resize=300%2C270&amp;ssl=1 300w, https:\/\/i0.wp.com\/eltrabajo.cl\/portal\/wp-content\/uploads\/2018\/08\/Funerales_Humberto-Lepe.jpg?resize=400%2C360&amp;ssl=1 400w\" sizes=\"auto, (max-width: 580px) 100vw, 580px\" \/><figcaption id=\"caption-attachment-88034\" class=\"wp-caption-text\">Luis Humberto Lepe Montenegro, naci\u00f3 el jueves 21 de junio de 1934, falleci\u00f3 el lunes 27 de agosto de 2018.<\/figcaption><\/figure>\n","protected":false},"excerpt":{"rendered":"<p>Dedic\u00f3 su vida tambi\u00e9n a las obras sociales y de caridad: Cerca de las 16:00 horas de ayer martes se desarrollaron las honras f\u00fanebres de quien fuera en vida el dentista cirujano&#8230;<\/p>\n","protected":false},"author":1,"featured_media":88036,"comment_status":"closed","ping_status":"open","sticky":false,"template":"","format":"standard","meta":{"advanced_seo_description":"","jetpack_seo_html_title":"","jetpack_seo_noindex":false,"_jetpack_memberships_contains_paid_content":false,"footnotes":""},"categories":[15],"tags":[],"class_list":["post-88032","post","type-post","status-publish","format-standard","has-post-thumbnail","hentry","category-comunidad"],"jetpack_featured_media_url":"https:\/\/i0.wp.com\/eltrabajo.cl\/portal\/wp-content\/uploads\/2018\/08\/Funerales1.jpg?fit=579%2C361&ssl=1","jetpack_sharing_enabled":true,"jetpack_likes_enabled":true,"jetpack-related-posts":[],"_links":{"self":[{"href":"https:\/\/eltrabajo.cl\/portal\/wp-json\/wp\/v2\/posts\/88032","targetHints":{"allow":["GET"]}}],"collection":[{"href":"https:\/\/eltrabajo.cl\/portal\/wp-json\/wp\/v2\/posts"}],"about":[{"href":"https:\/\/eltrabajo.cl\/portal\/wp-json\/wp\/v2\/types\/post"}],"author":[{"embeddable":true,"href":"https:\/\/eltrabajo.cl\/portal\/wp-json\/wp\/v2\/users\/1"}],"replies":[{"embeddable":true,"href":"https:\/\/eltrabajo.cl\/portal\/wp-json\/wp\/v2\/comments?post=88032"}],"version-history":[{"count":0,"href":"https:\/\/eltrabajo.cl\/portal\/wp-json\/wp\/v2\/posts\/88032\/revisions"}],"wp:featuredmedia":[{"embeddable":true,"href":"https:\/\/eltrabajo.cl\/portal\/wp-json\/wp\/v2\/media\/88036"}],"wp:attachment":[{"href":"https:\/\/eltrabajo.cl\/portal\/wp-json\/wp\/v2\/media?parent=88032"}],"wp:term":[{"taxonomy":"category","embeddable":true,"href":"https:\/\/eltrabajo.cl\/portal\/wp-json\/wp\/v2\/categories?post=88032"},{"taxonomy":"post_tag","embeddable":true,"href":"https:\/\/eltrabajo.cl\/portal\/wp-json\/wp\/v2\/tags?post=88032"}],"curies":[{"name":"wp","href":"https:\/\/api.w.org\/{rel}","templated":true}]}}