{"id":88039,"date":"2018-08-29T05:03:38","date_gmt":"2018-08-29T09:03:38","guid":{"rendered":"http:\/\/www.eltrabajo.cl\/2017\/?p=88039"},"modified":"2018-08-29T05:03:38","modified_gmt":"2018-08-29T09:03:38","slug":"concejales-piden-a-freire-no-aplicar-plan-maestro-de-gestion-de-transito","status":"publish","type":"post","link":"https:\/\/eltrabajo.cl\/portal\/concejales-piden-a-freire-no-aplicar-plan-maestro-de-gestion-de-transito\/","title":{"rendered":"Concejales piden a Freire no aplicar Plan Maestro de Gesti\u00f3n de Tr\u00e1nsito"},"content":{"rendered":"<figure id=\"attachment_88040\" aria-describedby=\"caption-attachment-88040\" style=\"width: 578px\" class=\"wp-caption alignnone\"><img data-recalc-dims=\"1\" loading=\"lazy\" decoding=\"async\" class=\"size-full wp-image-88040\" src=\"https:\/\/i0.wp.com\/www.eltrabajo.cl\/2017\/wp-content\/uploads\/2018\/08\/Boffa.jpg?resize=578%2C347\" alt=\"La concejal Boffa lee la carta ante el concejo, donde se pide no aplicar el plan maestro de gesti\u00f3n de tr\u00e1nsito.\" width=\"578\" height=\"347\" srcset=\"https:\/\/i0.wp.com\/eltrabajo.cl\/portal\/wp-content\/uploads\/2018\/08\/Boffa.jpg?w=578&amp;ssl=1 578w, https:\/\/i0.wp.com\/eltrabajo.cl\/portal\/wp-content\/uploads\/2018\/08\/Boffa.jpg?resize=200%2C120&amp;ssl=1 200w, https:\/\/i0.wp.com\/eltrabajo.cl\/portal\/wp-content\/uploads\/2018\/08\/Boffa.jpg?resize=300%2C180&amp;ssl=1 300w, https:\/\/i0.wp.com\/eltrabajo.cl\/portal\/wp-content\/uploads\/2018\/08\/Boffa.jpg?resize=250%2C150&amp;ssl=1 250w, https:\/\/i0.wp.com\/eltrabajo.cl\/portal\/wp-content\/uploads\/2018\/08\/Boffa.jpg?resize=400%2C240&amp;ssl=1 400w\" sizes=\"auto, (max-width: 578px) 100vw, 578px\" \/><figcaption id=\"caption-attachment-88040\" class=\"wp-caption-text\">La concejal Boffa lee la carta ante el concejo, donde se pide no aplicar el plan maestro de gesti\u00f3n de tr\u00e1nsito.<\/figcaption><\/figure>\n<p><span style=\"color: #ff0000;\"><strong>Estiman que cambiar el sentido de algunas calles tendr\u00eda impacto negativo en la ciudad.<\/strong><\/span><\/p>\n<p>Ayer en la sesi\u00f3n del Concejo Municipal, en los puntos varios, la concejal Patricia Boffa, a nombre de otros ediles, entreg\u00f3 una carta al alcalde Patricio Freire Canto donde le pide no implementar el Plan Maestro de Gesti\u00f3n de Tr\u00e1nsito en la ciudad porque a su juicio va a provocar un fuerte impacto en la comunidad, especialmente en el comercio y la locomoci\u00f3n.<br \/>\nLa concejal Boffa dijo que tal como se plantea en la misiva, \u201cnos hemos reunido con los comerciantes, empresarios de la locomoci\u00f3n mayor y menor, con los dirigentes de organizaciones sociales, y ellos nos han dado a conocer que este plan de gesti\u00f3n de tr\u00e1nsito no debe implementarse en la ciudad de San Felipe porque no va a solucionar absolutamente nada; creemos que implementar este plan es sepultar al comercio de la ciudad, es congestionar a\u00fan m\u00e1s las calles del segundo anillo conc\u00e9ntrico que tienen las calles, porque recordemos que este plan tiene relaci\u00f3n con que las micros y los taxis colectivos debieran subir por Freire y Freire no tiene el ancho de las veredas ni de las calles para poder recibir toda esta cantidad de veh\u00edculos\u201d, se\u00f1ala la edil.<br \/>\nAl margen se pregunta d\u00f3nde se va a instalar la gente en los horarios punta que se ve frente al IPS, que ser\u00edan seg\u00fan se\u00f1ala, cerca de cien a doscientas personas: \u201cEn qu\u00e9 parte de la calle Freire se va a implementar este plan maestro de gesti\u00f3n de tr\u00e1nsito, y el proyecto de las ciclo v\u00edas yo creo que se trabaj\u00f3 entre cuatro paredes, nosotros estamos solicitando en lo que es el damero fundacional no se implemente, s\u00ed afuera, y que se comience a estudiar la implementaci\u00f3n de m\u00e1s ciclo v\u00edas desde los sectores rurales y espec\u00edficamente donde tenemos las universidades, Miraflores, La Troya, desde Curim\u00f3n, sector 21 de Mayo, El Asiento, porque ah\u00ed necesitamos implementar un tema de ciclo v\u00edas, pero hoy d\u00eda estamos viendo c\u00f3mo est\u00e1 colapsado el centro de la ciudad, ahora recuerden que la calle Merced es la \u00fanica que est\u00e1 inscrita en el Diario Oficial de nuestro pa\u00eds como una calle de servicio, y hoy la vamos a dejar como nada, hoy d\u00eda estamos poniendo en riesgo lo que es la infraestructura de nuestro damero fundacional, es por eso que le hemos solicitado al alcalde que esto no se implemente. Si \u00e9l no quiere le vamos a proponer hacer una consulta vinculante con todos los vecinos, porque estamos seguros que San Felipe va a decir no al plan maestro de gesti\u00f3n de tr\u00e1nsito\u201d, indica Boffa.<br \/>\nLas calles que cambian de sentido en el tr\u00e1nsito son Traslavi\u00f1a, Santo Domingo, Freire, Carlos Condell.<br \/>\nLa carta est\u00e1 firmada por cinco concejales; Patricia Boffa Casas, Juan Carlos Sabaj, Christian Beals Campos, Dante Rodr\u00edguez e Igor Carrasco.<\/p>\n<figure id=\"attachment_88041\" aria-describedby=\"caption-attachment-88041\" style=\"width: 579px\" class=\"wp-caption alignnone\"><img data-recalc-dims=\"1\" loading=\"lazy\" decoding=\"async\" class=\"size-full wp-image-88041\" src=\"https:\/\/i0.wp.com\/www.eltrabajo.cl\/2017\/wp-content\/uploads\/2018\/08\/Carta.jpg?resize=579%2C773\" alt=\"La carta firmada por los cinco ediles que piden no aplicar el plan maestro de gesti\u00f3n de tr\u00e1nsito.\" width=\"579\" height=\"773\" srcset=\"https:\/\/i0.wp.com\/eltrabajo.cl\/portal\/wp-content\/uploads\/2018\/08\/Carta.jpg?w=579&amp;ssl=1 579w, https:\/\/i0.wp.com\/eltrabajo.cl\/portal\/wp-content\/uploads\/2018\/08\/Carta.jpg?resize=112%2C150&amp;ssl=1 112w, https:\/\/i0.wp.com\/eltrabajo.cl\/portal\/wp-content\/uploads\/2018\/08\/Carta.jpg?resize=225%2C300&amp;ssl=1 225w, https:\/\/i0.wp.com\/eltrabajo.cl\/portal\/wp-content\/uploads\/2018\/08\/Carta.jpg?resize=400%2C534&amp;ssl=1 400w\" sizes=\"auto, (max-width: 579px) 100vw, 579px\" \/><figcaption id=\"caption-attachment-88041\" class=\"wp-caption-text\">La carta firmada por los cinco ediles que piden no aplicar el plan maestro de gesti\u00f3n de tr\u00e1nsito.<\/figcaption><\/figure>\n","protected":false},"excerpt":{"rendered":"<p>Estiman que cambiar el sentido de algunas calles tendr\u00eda impacto negativo en la ciudad. Ayer en la sesi\u00f3n del Concejo Municipal, en los puntos varios, la concejal Patricia Boffa, a nombre de&#8230;<\/p>\n","protected":false},"author":1,"featured_media":88040,"comment_status":"closed","ping_status":"open","sticky":false,"template":"","format":"standard","meta":{"advanced_seo_description":"","jetpack_seo_html_title":"","jetpack_seo_noindex":false,"_jetpack_memberships_contains_paid_content":false,"footnotes":""},"categories":[1],"tags":[],"class_list":["post-88039","post","type-post","status-publish","format-standard","has-post-thumbnail","hentry","category-cronica"],"jetpack_featured_media_url":"https:\/\/i0.wp.com\/eltrabajo.cl\/portal\/wp-content\/uploads\/2018\/08\/Boffa.jpg?fit=578%2C347&ssl=1","jetpack_sharing_enabled":true,"jetpack_likes_enabled":true,"jetpack-related-posts":[],"_links":{"self":[{"href":"https:\/\/eltrabajo.cl\/portal\/wp-json\/wp\/v2\/posts\/88039","targetHints":{"allow":["GET"]}}],"collection":[{"href":"https:\/\/eltrabajo.cl\/portal\/wp-json\/wp\/v2\/posts"}],"about":[{"href":"https:\/\/eltrabajo.cl\/portal\/wp-json\/wp\/v2\/types\/post"}],"author":[{"embeddable":true,"href":"https:\/\/eltrabajo.cl\/portal\/wp-json\/wp\/v2\/users\/1"}],"replies":[{"embeddable":true,"href":"https:\/\/eltrabajo.cl\/portal\/wp-json\/wp\/v2\/comments?post=88039"}],"version-history":[{"count":0,"href":"https:\/\/eltrabajo.cl\/portal\/wp-json\/wp\/v2\/posts\/88039\/revisions"}],"wp:featuredmedia":[{"embeddable":true,"href":"https:\/\/eltrabajo.cl\/portal\/wp-json\/wp\/v2\/media\/88040"}],"wp:attachment":[{"href":"https:\/\/eltrabajo.cl\/portal\/wp-json\/wp\/v2\/media?parent=88039"}],"wp:term":[{"taxonomy":"category","embeddable":true,"href":"https:\/\/eltrabajo.cl\/portal\/wp-json\/wp\/v2\/categories?post=88039"},{"taxonomy":"post_tag","embeddable":true,"href":"https:\/\/eltrabajo.cl\/portal\/wp-json\/wp\/v2\/tags?post=88039"}],"curies":[{"name":"wp","href":"https:\/\/api.w.org\/{rel}","templated":true}]}}