{"id":88047,"date":"2018-08-30T05:01:40","date_gmt":"2018-08-30T09:01:40","guid":{"rendered":"http:\/\/www.eltrabajo.cl\/2017\/?p=88047"},"modified":"2018-08-30T05:01:40","modified_gmt":"2018-08-30T09:01:40","slug":"internos-de-san-felipe-elaboran-exclusivas-mesas-con-mosaicos","status":"publish","type":"post","link":"https:\/\/eltrabajo.cl\/portal\/internos-de-san-felipe-elaboran-exclusivas-mesas-con-mosaicos\/","title":{"rendered":"Internos de San Felipe elaboran exclusivas mesas con mosaicos"},"content":{"rendered":"<figure id=\"attachment_88049\" aria-describedby=\"caption-attachment-88049\" style=\"width: 579px\" class=\"wp-caption alignnone\"><img data-recalc-dims=\"1\" loading=\"lazy\" decoding=\"async\" class=\"size-full wp-image-88049\" src=\"https:\/\/i0.wp.com\/www.eltrabajo.cl\/2017\/wp-content\/uploads\/2018\/08\/mosaicos-ccp-2.jpg?resize=579%2C386\" alt=\"La iniciativa ha sido respaldada por el jefe del CCP, quien impuls\u00f3 la conversi\u00f3n de la antigua central de alimentaci\u00f3n en un nuevo taller de mosaicos.\" width=\"579\" height=\"386\" srcset=\"https:\/\/i0.wp.com\/eltrabajo.cl\/portal\/wp-content\/uploads\/2018\/08\/mosaicos-ccp-2.jpg?w=579&amp;ssl=1 579w, https:\/\/i0.wp.com\/eltrabajo.cl\/portal\/wp-content\/uploads\/2018\/08\/mosaicos-ccp-2.jpg?resize=200%2C133&amp;ssl=1 200w, https:\/\/i0.wp.com\/eltrabajo.cl\/portal\/wp-content\/uploads\/2018\/08\/mosaicos-ccp-2.jpg?resize=300%2C200&amp;ssl=1 300w, https:\/\/i0.wp.com\/eltrabajo.cl\/portal\/wp-content\/uploads\/2018\/08\/mosaicos-ccp-2.jpg?resize=225%2C150&amp;ssl=1 225w, https:\/\/i0.wp.com\/eltrabajo.cl\/portal\/wp-content\/uploads\/2018\/08\/mosaicos-ccp-2.jpg?resize=400%2C267&amp;ssl=1 400w\" sizes=\"auto, (max-width: 579px) 100vw, 579px\" \/><figcaption id=\"caption-attachment-88049\" class=\"wp-caption-text\">La iniciativa ha sido respaldada por el jefe del CCP, quien impuls\u00f3 la conversi\u00f3n de la antigua central de alimentaci\u00f3n en un nuevo taller de mosaicos.<\/figcaption><\/figure>\n<ul>\n<li><strong>Jefe de la unidad anunci\u00f3 que ya comenzaron trabajos para transformar antigua cocina en un taller laboral.<\/strong><\/li>\n<\/ul>\n<p>Miguel \u00c1ngel Guti\u00e9rrez habita el pabell\u00f3n cinco del Centro de Cumplimiento Penitenciario (CCP) de San Felipe, es all\u00ed donde pasa horas creando cada uno de los dise\u00f1os que luego convierte en mosaico y plasma en las mesas que transforma en verdaderas obras de arte.<br \/>\nCon 39 a\u00f1os, Miguel \u00c1ngel trabaja junto a un compa\u00f1ero que cumple su condena en el mismo pabell\u00f3n. Los dos se encargan de todo el proceso de creaci\u00f3n, y si bien generalmente llevan a la madera sus propias ideas, tambi\u00e9n han materializado las de los clientes, quienes llegan a la unidad a solicitar un dise\u00f1o particular.<br \/>\nEl recluso reconoce que pese al poco tiempo que llevan con esta iniciativa, han obtenido muy buenos resultados.<br \/>\n\u00abLlevamos dos meses y hemos hecho aproximadamente diez mesas con mosaicos. Hemos donado algunas a la municipalidad de San Felipe y otras las hemos vendido al p\u00fablico\u00bb.<br \/>\nEsta iniciativa ha sido respaldada por el jefe del establecimiento penitenciario, mayor Brallan Silva, quien, adem\u00e1s, impuls\u00f3 la conversi\u00f3n de la antigua central de alimentaci\u00f3n en un nuevo taller de mosaicos.<br \/>\n\u00abHace poco se realiz\u00f3 la inauguraci\u00f3n de la nueva central de alimentaci\u00f3n y nos qued\u00f3 el espacio donde estaba la antigua. Eso ahora va a ser destinado a un taller de mosaico, donde le vamos a dar la posibilidad a alrededor de seis internos para trabajar en esta t\u00e9cnica. Como administraci\u00f3n debemos aprovechar todos los espacios para aplicar talleres y la reinserci\u00f3n social de los privados de libertad\u00bb.<br \/>\nPor su parte la jefa t\u00e9cnica (s) del CCP de San Felipe, Alejandra Herrera, destac\u00f3 que esta iniciativa \u00abimplica contar con un espacio m\u00e1s dentro de la unidad donde podemos ubicar a internos que puedan aprender una labor. Esto significa que podemos ubicar a personas que est\u00e9n cumpliendo con su plan de intervenci\u00f3n individual e ir avanzando en su proceso de reinserci\u00f3n\u00bb.<br \/>\nEn la actualidad se est\u00e1 habilitando el espacio y se espera que el taller comience a funcionar a fines del mes de octubre. Los reclusos que podr\u00e1n instruirse en esta tem\u00e1tica ser\u00e1n quienes, adem\u00e1s de contar con un plan de intervenci\u00f3n individual, sean propuestos por el \u00e1rea laboral.<\/p>\n<figure id=\"attachment_88048\" aria-describedby=\"caption-attachment-88048\" style=\"width: 579px\" class=\"wp-caption alignnone\"><img data-recalc-dims=\"1\" loading=\"lazy\" decoding=\"async\" class=\"size-full wp-image-88048\" src=\"https:\/\/i0.wp.com\/www.eltrabajo.cl\/2017\/wp-content\/uploads\/2018\/08\/mosaicos-ccp-1.jpg?resize=579%2C386\" alt=\"Miguel \u00c1ngel Guti\u00e9rrez junto a un compa\u00f1ero de pabell\u00f3n se encargan de todo el proceso de creaci\u00f3n, y pese al poco tiempo que llevan con esta iniciativa, han obtenido muy buenos resultados.\" width=\"579\" height=\"386\" srcset=\"https:\/\/i0.wp.com\/eltrabajo.cl\/portal\/wp-content\/uploads\/2018\/08\/mosaicos-ccp-1.jpg?w=579&amp;ssl=1 579w, https:\/\/i0.wp.com\/eltrabajo.cl\/portal\/wp-content\/uploads\/2018\/08\/mosaicos-ccp-1.jpg?resize=200%2C133&amp;ssl=1 200w, https:\/\/i0.wp.com\/eltrabajo.cl\/portal\/wp-content\/uploads\/2018\/08\/mosaicos-ccp-1.jpg?resize=300%2C200&amp;ssl=1 300w, https:\/\/i0.wp.com\/eltrabajo.cl\/portal\/wp-content\/uploads\/2018\/08\/mosaicos-ccp-1.jpg?resize=225%2C150&amp;ssl=1 225w, https:\/\/i0.wp.com\/eltrabajo.cl\/portal\/wp-content\/uploads\/2018\/08\/mosaicos-ccp-1.jpg?resize=400%2C267&amp;ssl=1 400w\" sizes=\"auto, (max-width: 579px) 100vw, 579px\" \/><figcaption id=\"caption-attachment-88048\" class=\"wp-caption-text\">Miguel \u00c1ngel Guti\u00e9rrez junto a un compa\u00f1ero de pabell\u00f3n se encargan de todo el proceso de creaci\u00f3n, y pese al poco tiempo que llevan con esta iniciativa, han obtenido muy buenos resultados.<\/figcaption><\/figure>\n","protected":false},"excerpt":{"rendered":"<p>Jefe de la unidad anunci\u00f3 que ya comenzaron trabajos para transformar antigua cocina en un taller laboral. Miguel \u00c1ngel Guti\u00e9rrez habita el pabell\u00f3n cinco del Centro de Cumplimiento Penitenciario (CCP) de San&#8230;<\/p>\n","protected":false},"author":1,"featured_media":88048,"comment_status":"closed","ping_status":"open","sticky":false,"template":"","format":"standard","meta":{"advanced_seo_description":"","jetpack_seo_html_title":"","jetpack_seo_noindex":false,"_jetpack_memberships_contains_paid_content":false,"footnotes":""},"categories":[15],"tags":[],"class_list":["post-88047","post","type-post","status-publish","format-standard","has-post-thumbnail","hentry","category-comunidad"],"jetpack_featured_media_url":"https:\/\/i0.wp.com\/eltrabajo.cl\/portal\/wp-content\/uploads\/2018\/08\/mosaicos-ccp-1.jpg?fit=579%2C386&ssl=1","jetpack_sharing_enabled":true,"jetpack_likes_enabled":true,"jetpack-related-posts":[],"_links":{"self":[{"href":"https:\/\/eltrabajo.cl\/portal\/wp-json\/wp\/v2\/posts\/88047","targetHints":{"allow":["GET"]}}],"collection":[{"href":"https:\/\/eltrabajo.cl\/portal\/wp-json\/wp\/v2\/posts"}],"about":[{"href":"https:\/\/eltrabajo.cl\/portal\/wp-json\/wp\/v2\/types\/post"}],"author":[{"embeddable":true,"href":"https:\/\/eltrabajo.cl\/portal\/wp-json\/wp\/v2\/users\/1"}],"replies":[{"embeddable":true,"href":"https:\/\/eltrabajo.cl\/portal\/wp-json\/wp\/v2\/comments?post=88047"}],"version-history":[{"count":0,"href":"https:\/\/eltrabajo.cl\/portal\/wp-json\/wp\/v2\/posts\/88047\/revisions"}],"wp:featuredmedia":[{"embeddable":true,"href":"https:\/\/eltrabajo.cl\/portal\/wp-json\/wp\/v2\/media\/88048"}],"wp:attachment":[{"href":"https:\/\/eltrabajo.cl\/portal\/wp-json\/wp\/v2\/media?parent=88047"}],"wp:term":[{"taxonomy":"category","embeddable":true,"href":"https:\/\/eltrabajo.cl\/portal\/wp-json\/wp\/v2\/categories?post=88047"},{"taxonomy":"post_tag","embeddable":true,"href":"https:\/\/eltrabajo.cl\/portal\/wp-json\/wp\/v2\/tags?post=88047"}],"curies":[{"name":"wp","href":"https:\/\/api.w.org\/{rel}","templated":true}]}}