{"id":88051,"date":"2018-08-30T05:02:16","date_gmt":"2018-08-30T09:02:16","guid":{"rendered":"http:\/\/www.eltrabajo.cl\/2017\/?p=88051"},"modified":"2018-08-30T05:02:16","modified_gmt":"2018-08-30T09:02:16","slug":"mop-decreta-zona-de-escasez-hidrica-en-la-cuenca-de-aconcagua","status":"publish","type":"post","link":"https:\/\/eltrabajo.cl\/portal\/mop-decreta-zona-de-escasez-hidrica-en-la-cuenca-de-aconcagua\/","title":{"rendered":"MOP decreta Zona de Escasez H\u00eddrica en la Cuenca de Aconcagua"},"content":{"rendered":"<figure id=\"attachment_88052\" aria-describedby=\"caption-attachment-88052\" style=\"width: 580px\" class=\"wp-caption alignnone\"><img data-recalc-dims=\"1\" loading=\"lazy\" decoding=\"async\" class=\"size-full wp-image-88052\" src=\"https:\/\/i0.wp.com\/www.eltrabajo.cl\/2017\/wp-content\/uploads\/2018\/08\/Juan-Andr%C3%A9s-Fontaine-ministro-Obras-P%C3%BAblicas.jpg?resize=580%2C393\" alt=\"Juan Andr\u00e9s Fontaine, ministro de Obras P\u00fablicas.\" width=\"580\" height=\"393\" srcset=\"https:\/\/i0.wp.com\/eltrabajo.cl\/portal\/wp-content\/uploads\/2018\/08\/Juan-Andr%C3%A9s-Fontaine-ministro-Obras-P%C3%BAblicas.jpg?w=580&amp;ssl=1 580w, https:\/\/i0.wp.com\/eltrabajo.cl\/portal\/wp-content\/uploads\/2018\/08\/Juan-Andr%C3%A9s-Fontaine-ministro-Obras-P%C3%BAblicas.jpg?resize=200%2C136&amp;ssl=1 200w, https:\/\/i0.wp.com\/eltrabajo.cl\/portal\/wp-content\/uploads\/2018\/08\/Juan-Andr%C3%A9s-Fontaine-ministro-Obras-P%C3%BAblicas.jpg?resize=300%2C203&amp;ssl=1 300w, https:\/\/i0.wp.com\/eltrabajo.cl\/portal\/wp-content\/uploads\/2018\/08\/Juan-Andr%C3%A9s-Fontaine-ministro-Obras-P%C3%BAblicas.jpg?resize=221%2C150&amp;ssl=1 221w, https:\/\/i0.wp.com\/eltrabajo.cl\/portal\/wp-content\/uploads\/2018\/08\/Juan-Andr%C3%A9s-Fontaine-ministro-Obras-P%C3%BAblicas.jpg?resize=400%2C271&amp;ssl=1 400w\" sizes=\"auto, (max-width: 580px) 100vw, 580px\" \/><figcaption id=\"caption-attachment-88052\" class=\"wp-caption-text\">Juan Andr\u00e9s Fontaine, ministro de Obras P\u00fablicas.<\/figcaption><\/figure>\n<p>La sequ\u00eda ha afectado al r\u00edo Aconcagua desde hace m\u00e1s de una d\u00e9cada, su caudal en estos momentos se encuentra cerca de sus m\u00ednimos hist\u00f3ricos y en la b\u00fasqueda de dar soluciones para enfrentar la sequ\u00eda y la falta de agua, es que el Ministerio de Obras P\u00fabicas ha decretado zona de escasez a las Provincias de Los Andes, San Felipe, Quillota y Marga Marga del Valle Aconcagua, Regi\u00f3n de Valpara\u00edso. Lo anterior luego que el Informe Condiciones Hidrometeorol\u00f3gicas de la Divisi\u00f3n de Hidrolog\u00eda de la Direcci\u00f3n de Aguas del MOP, verificara las condiciones de sequ\u00eda para dichas provincias. El decreto de escasez, conforme a lo dispuesto en el C\u00f3digo de Aguas, ser\u00e1 por un per\u00edodo de seis meses, no prorrogables a contar del 29 de agosto de 2018.<br \/>\nAsimismo, y conscientes que la situaci\u00f3n de riego en el Valle Aconcagua requiere de una respuesta tanto del corto, como del mediano y largo plazo, y recogiendo las propuestas y sugerencias de las organizaciones de regantes de dicho valle, es que el MOP ha desarrollado un plan integral para la cuenca de Aconcagua, cuyos detalles se dar\u00e1n a conocer en los pr\u00f3ximos d\u00edas.<br \/>\nPara el ministerio son necesarias medidas urgentes, que deben estar incorporadas y ser concordantes con un plan de largo plazo. Es por ello que el programa considera: la habilitaci\u00f3n y operaci\u00f3n de pozos de propiedad de la Direcci\u00f3n de Obras Hidr\u00e1ulicas, dise\u00f1o y construcci\u00f3n de piscinas de infiltraci\u00f3n y obras mayores como el embalse Catemu y otros de cabecera que se encuentran en estudio.<br \/>\n\u201cEn relaci\u00f3n al Embalse Catemu, es importante se\u00f1alar que como pol\u00edtica para potenciar los distintos procesos de licitaci\u00f3n, disminuir los riesgos asociados a estos y agilizar dichos procesos, hemos resuelto que las tramitaciones de resoluciones ambientales sean llevadas a cabo por este ministerio, de tal modo que la licitaci\u00f3n ocurra una vez que \u00e9stos cuenten con la correspondiente Resoluci\u00f3n de Calificaci\u00f3n Ambiental. Este ser\u00e1 el caso del proyecto Catemu. Es por ello que Direcci\u00f3n de Concesiones del Ministerio de Obras P\u00fablicas dict\u00f3 en el d\u00eda de hoy (mi\u00e9rcoles) la resoluci\u00f3n correspondiente que dejar\u00e1 sin efecto la licitaci\u00f3n originalmente prevista para este a\u00f1o\u201d, se\u00f1ala Juan Andr\u00e9s Fontaine, ministro de Obras P\u00fablicas.<br \/>\nEs necesario destacar que esto no significa un retraso en el inicio de las futuras obras, sino una reprogramaci\u00f3n de las etapas necesarias para contar con un embalse adecuado para los requerimientos h\u00eddricos del Valle del Aconcagua.<\/p>\n","protected":false},"excerpt":{"rendered":"<p>La sequ\u00eda ha afectado al r\u00edo Aconcagua desde hace m\u00e1s de una d\u00e9cada, su caudal en estos momentos se encuentra cerca de sus m\u00ednimos hist\u00f3ricos y en la b\u00fasqueda de dar soluciones&#8230;<\/p>\n","protected":false},"author":1,"featured_media":88052,"comment_status":"closed","ping_status":"open","sticky":false,"template":"","format":"standard","meta":{"advanced_seo_description":"","jetpack_seo_html_title":"","jetpack_seo_noindex":false,"_jetpack_memberships_contains_paid_content":false,"footnotes":""},"categories":[1],"tags":[],"class_list":["post-88051","post","type-post","status-publish","format-standard","has-post-thumbnail","hentry","category-cronica"],"jetpack_featured_media_url":"https:\/\/i0.wp.com\/eltrabajo.cl\/portal\/wp-content\/uploads\/2018\/08\/Juan-Andr%C3%A9s-Fontaine-ministro-Obras-P%C3%BAblicas.jpg?fit=580%2C393&ssl=1","jetpack_sharing_enabled":true,"jetpack_likes_enabled":true,"jetpack-related-posts":[],"_links":{"self":[{"href":"https:\/\/eltrabajo.cl\/portal\/wp-json\/wp\/v2\/posts\/88051","targetHints":{"allow":["GET"]}}],"collection":[{"href":"https:\/\/eltrabajo.cl\/portal\/wp-json\/wp\/v2\/posts"}],"about":[{"href":"https:\/\/eltrabajo.cl\/portal\/wp-json\/wp\/v2\/types\/post"}],"author":[{"embeddable":true,"href":"https:\/\/eltrabajo.cl\/portal\/wp-json\/wp\/v2\/users\/1"}],"replies":[{"embeddable":true,"href":"https:\/\/eltrabajo.cl\/portal\/wp-json\/wp\/v2\/comments?post=88051"}],"version-history":[{"count":0,"href":"https:\/\/eltrabajo.cl\/portal\/wp-json\/wp\/v2\/posts\/88051\/revisions"}],"wp:featuredmedia":[{"embeddable":true,"href":"https:\/\/eltrabajo.cl\/portal\/wp-json\/wp\/v2\/media\/88052"}],"wp:attachment":[{"href":"https:\/\/eltrabajo.cl\/portal\/wp-json\/wp\/v2\/media?parent=88051"}],"wp:term":[{"taxonomy":"category","embeddable":true,"href":"https:\/\/eltrabajo.cl\/portal\/wp-json\/wp\/v2\/categories?post=88051"},{"taxonomy":"post_tag","embeddable":true,"href":"https:\/\/eltrabajo.cl\/portal\/wp-json\/wp\/v2\/tags?post=88051"}],"curies":[{"name":"wp","href":"https:\/\/api.w.org\/{rel}","templated":true}]}}