{"id":88054,"date":"2018-08-30T05:03:38","date_gmt":"2018-08-30T09:03:38","guid":{"rendered":"http:\/\/www.eltrabajo.cl\/2017\/?p=88054"},"modified":"2018-08-30T05:03:38","modified_gmt":"2018-08-30T09:03:38","slug":"dueno-de-empresa-de-radiotaxis-cree-que-supuesto-ataque-a-uber-es-montaje","status":"publish","type":"post","link":"https:\/\/eltrabajo.cl\/portal\/dueno-de-empresa-de-radiotaxis-cree-que-supuesto-ataque-a-uber-es-montaje\/","title":{"rendered":"Due\u00f1o de empresa de radiotaxis cree que supuesto ataque a Uber es montaje"},"content":{"rendered":"<figure id=\"attachment_88055\" aria-describedby=\"caption-attachment-88055\" style=\"width: 578px\" class=\"wp-caption alignnone\"><img data-recalc-dims=\"1\" loading=\"lazy\" decoding=\"async\" class=\"size-full wp-image-88055\" src=\"https:\/\/i0.wp.com\/www.eltrabajo.cl\/2017\/wp-content\/uploads\/2018\/08\/Ricardo-Gomez-radiotaxis-Aconcagua.jpg?resize=578%2C446\" alt=\"Ricardo G\u00f3mez, due\u00f1o de la empresa de radio taxis Aconcagua, nos muestra la noticia en Diario El Trabajo.\" width=\"578\" height=\"446\" srcset=\"https:\/\/i0.wp.com\/eltrabajo.cl\/portal\/wp-content\/uploads\/2018\/08\/Ricardo-Gomez-radiotaxis-Aconcagua.jpg?w=578&amp;ssl=1 578w, https:\/\/i0.wp.com\/eltrabajo.cl\/portal\/wp-content\/uploads\/2018\/08\/Ricardo-Gomez-radiotaxis-Aconcagua.jpg?resize=194%2C150&amp;ssl=1 194w, https:\/\/i0.wp.com\/eltrabajo.cl\/portal\/wp-content\/uploads\/2018\/08\/Ricardo-Gomez-radiotaxis-Aconcagua.jpg?resize=300%2C231&amp;ssl=1 300w, https:\/\/i0.wp.com\/eltrabajo.cl\/portal\/wp-content\/uploads\/2018\/08\/Ricardo-Gomez-radiotaxis-Aconcagua.jpg?resize=400%2C309&amp;ssl=1 400w\" sizes=\"auto, (max-width: 578px) 100vw, 578px\" \/><figcaption id=\"caption-attachment-88055\" class=\"wp-caption-text\">Ricardo G\u00f3mez, due\u00f1o de la empresa de radio taxis Aconcagua, nos muestra la noticia en Diario El Trabajo.<\/figcaption><\/figure>\n<ul>\n<li><strong><span style=\"color: #ff0000;\">Piden a pasajera que haga la denuncia formal<\/span> para saber qui\u00e9nes fueron los presuntos responsables y no involucrar a todas las empresas.<\/strong><\/li>\n<\/ul>\n<p>Siguen los coletazos del incidente donde se habr\u00eda visto involucrado un conductor de Uber, esto porque Ricardo G\u00f3mez, due\u00f1o de la empresa de radiotaxis Aconcagua, le pide p\u00fablicamente a la pasajera del taxi Uber que seg\u00fan ella fue atacada por unos taxis piratas, que clarifique el hecho y para ello le solicita encarecidamente que haga la denuncia, para de esta manera poder identificar a los responsables del hecho, porque de lo contario se tratar\u00eda de un montaje que est\u00e1 perjudicando a todos porque est\u00e1n siendo metidas en el mismo \u2018saco\u2019 todas las empresas del rubro.<br \/>\nEl ataque a Uber se habr\u00eda producido la semana pasada (la noche del mi\u00e9rcoles para jueves), cuando la mujer asegura tom\u00f3 el servicio en Villa El Esplendor y cuando llegaban a la intersecci\u00f3n de Santo Domingo con Yungay, sorpresivamente fueron atacados por unos autos que los salieron persiguiendo, debiendo buscar refugio en el estacionamiento de Carabineros frente a la Segunda Comisar\u00eda.<br \/>\nEl empresario dijo que \u00ablo que yo necesito es que esta persona que hizo la denuncia, que la haga formalmente, es decir que identifique de qu\u00e9 empresa eran los radiotaxis que la atacaron, porque al final todas las empresas est\u00e1n siendo culpables, eso no debe ser as\u00ed\u00bb, se\u00f1ala G\u00f3mez<br \/>\n<strong>&#8211; \u00bfEse es el llamado que le hacen ustedes a esta persona?<\/strong><br \/>\n&#8211; L\u00f3gico, todos tienen derecho a trabajar, pero tambi\u00e9n tienen que ser leales, porque al final lo que aparece es que la noticia que se est\u00e1 dando en la radio como en la prensa, si usted la analiza bien, tiene aspecto de haber sido un montaje, porque si a m\u00ed alguien me ataca, lo primero que yo trato de verificar es la patente, hacer la denuncia en Carabineros como corresponde, porque no voy a dejar que alguien me siga cuadras, sobre todo amenaz\u00e1ndome con armas y todo lo dem\u00e1s, entonces lo que yo le pido es que si ella tiene identificado a esos radiotaxis, que lo haga formalmente para buscar a los responsables del hecho.<br \/>\n<strong>&#8211; En todo caso ustedes no comparten lo sucedido a la joven.<\/strong><br \/>\n&#8211; No, de ninguna manera, porque no se puede. Nosotros hemos trabajado toda la vida con piratas (enfrentados), si usted va a la Kamikaze est\u00e1 plagado, en supermercado A Cuenta tambi\u00e9n hay piratas, si va a la Scalibur tambi\u00e9n; nosotros no nos llevamos mal con ellos, simplemente lo que yo necesito es que transparenten quienes fueron los culpables de esta supuesta agresi\u00f3n.<br \/>\n<strong>&#8211; Conversando entre ustedes, \u00bfqu\u00e9 se comenta de este hecho, se sabe algo, tienen alguna informaci\u00f3n? <\/strong><br \/>\n-Yo hasta el momento lo supe por la prensa y nada m\u00e1s, porque nadie m\u00e1s ha hecho comentarios\u2026 nadie m\u00e1s sabe de esto, no hay comentarios de ninguna otra empresa o persona\u2026 no hay ning\u00fan comentario.<br \/>\n<strong>&#8211; \u00bfNo le ha llegado alguna informaci\u00f3n de taxis piratas en cuanto a que ellos manejen alg\u00fan dato?<\/strong><br \/>\n&#8211; No, nada, no ha llegado ninguna informaci\u00f3n sobre eso.<br \/>\n<strong>&#8211; Ahora cuando usted utiliza la palabra \u2018montaje\u2019, \u00bfa qu\u00e9 se refiere, a que debiera haber hecho la denuncia?<\/strong><br \/>\n&#8211; Lo primero que se hace, como en todas partes. Ahora es com\u00fan usar el celular, si el auto va al lado y se detuvo, vieron a la persona, tienen que haber visto la patente. Ahora en Carabineros se tiene que hacer la denuncia, dejar constancia que fueron atacados por alguien, y ah\u00ed como dice que le dijeron a los supuestos atacantes que eran amigos en Carabineros, podr\u00edan haber dicho lo mismo, pero haber hecho la denuncia y quien fue el agresor.<br \/>\n<strong>&#8211; Derechamente \u00bfustedes tienen dudas sobre esta situaci\u00f3n vivida por la joven?<\/strong><br \/>\n&#8211; L\u00f3gico, porque no hay nada claro, si a m\u00ed alguien me ataca, no tengo por qu\u00e9 temer de acusar a una persona.<br \/>\nEn el caso de su empresa reconoce que cuenta con un taxi pirata que trabaja durante la noche.<\/p>\n","protected":false},"excerpt":{"rendered":"<p>Piden a pasajera que haga la denuncia formal para saber qui\u00e9nes fueron los presuntos responsables y no involucrar a todas las empresas. Siguen los coletazos del incidente donde se habr\u00eda visto involucrado&#8230;<\/p>\n","protected":false},"author":1,"featured_media":88055,"comment_status":"closed","ping_status":"open","sticky":false,"template":"","format":"standard","meta":{"advanced_seo_description":"","jetpack_seo_html_title":"","jetpack_seo_noindex":false,"_jetpack_memberships_contains_paid_content":false,"footnotes":""},"categories":[1],"tags":[],"class_list":["post-88054","post","type-post","status-publish","format-standard","has-post-thumbnail","hentry","category-cronica"],"jetpack_featured_media_url":"https:\/\/i0.wp.com\/eltrabajo.cl\/portal\/wp-content\/uploads\/2018\/08\/Ricardo-Gomez-radiotaxis-Aconcagua.jpg?fit=578%2C446&ssl=1","jetpack_sharing_enabled":true,"jetpack_likes_enabled":true,"jetpack-related-posts":[],"_links":{"self":[{"href":"https:\/\/eltrabajo.cl\/portal\/wp-json\/wp\/v2\/posts\/88054","targetHints":{"allow":["GET"]}}],"collection":[{"href":"https:\/\/eltrabajo.cl\/portal\/wp-json\/wp\/v2\/posts"}],"about":[{"href":"https:\/\/eltrabajo.cl\/portal\/wp-json\/wp\/v2\/types\/post"}],"author":[{"embeddable":true,"href":"https:\/\/eltrabajo.cl\/portal\/wp-json\/wp\/v2\/users\/1"}],"replies":[{"embeddable":true,"href":"https:\/\/eltrabajo.cl\/portal\/wp-json\/wp\/v2\/comments?post=88054"}],"version-history":[{"count":0,"href":"https:\/\/eltrabajo.cl\/portal\/wp-json\/wp\/v2\/posts\/88054\/revisions"}],"wp:featuredmedia":[{"embeddable":true,"href":"https:\/\/eltrabajo.cl\/portal\/wp-json\/wp\/v2\/media\/88055"}],"wp:attachment":[{"href":"https:\/\/eltrabajo.cl\/portal\/wp-json\/wp\/v2\/media?parent=88054"}],"wp:term":[{"taxonomy":"category","embeddable":true,"href":"https:\/\/eltrabajo.cl\/portal\/wp-json\/wp\/v2\/categories?post=88054"},{"taxonomy":"post_tag","embeddable":true,"href":"https:\/\/eltrabajo.cl\/portal\/wp-json\/wp\/v2\/tags?post=88054"}],"curies":[{"name":"wp","href":"https:\/\/api.w.org\/{rel}","templated":true}]}}