{"id":88064,"date":"2018-08-31T05:00:13","date_gmt":"2018-08-31T09:00:13","guid":{"rendered":"http:\/\/www.eltrabajo.cl\/2017\/?p=88064"},"modified":"2018-08-31T05:00:13","modified_gmt":"2018-08-31T09:00:13","slug":"gobernador-claudio-rodriguez-aclara-inicio-de-trabajos-en-el-puente-monasterio","status":"publish","type":"post","link":"https:\/\/eltrabajo.cl\/portal\/gobernador-claudio-rodriguez-aclara-inicio-de-trabajos-en-el-puente-monasterio\/","title":{"rendered":"Gobernador Claudio Rodr\u00edguez aclara inicio de trabajos en el puente Monasterio"},"content":{"rendered":"<figure id=\"attachment_88066\" aria-describedby=\"caption-attachment-88066\" style=\"width: 580px\" class=\"wp-caption alignnone\"><img data-recalc-dims=\"1\" loading=\"lazy\" decoding=\"async\" class=\"size-full wp-image-88066\" src=\"https:\/\/i0.wp.com\/www.eltrabajo.cl\/2017\/wp-content\/uploads\/2018\/08\/puente-tres-esquinas.jpg?resize=580%2C399\" alt=\"En julio de este a\u00f1o diversas autoridades visitaron el puente Tres Esquinas debido a los problemas que se han generado debido a la extracci\u00f3n desmedida de \u00e1ridos en el lugar.\" width=\"580\" height=\"399\" srcset=\"https:\/\/i0.wp.com\/eltrabajo.cl\/portal\/wp-content\/uploads\/2018\/08\/puente-tres-esquinas.jpg?w=580&amp;ssl=1 580w, https:\/\/i0.wp.com\/eltrabajo.cl\/portal\/wp-content\/uploads\/2018\/08\/puente-tres-esquinas.jpg?resize=200%2C138&amp;ssl=1 200w, https:\/\/i0.wp.com\/eltrabajo.cl\/portal\/wp-content\/uploads\/2018\/08\/puente-tres-esquinas.jpg?resize=300%2C206&amp;ssl=1 300w, https:\/\/i0.wp.com\/eltrabajo.cl\/portal\/wp-content\/uploads\/2018\/08\/puente-tres-esquinas.jpg?resize=218%2C150&amp;ssl=1 218w, https:\/\/i0.wp.com\/eltrabajo.cl\/portal\/wp-content\/uploads\/2018\/08\/puente-tres-esquinas.jpg?resize=400%2C275&amp;ssl=1 400w\" sizes=\"auto, (max-width: 580px) 100vw, 580px\" \/><figcaption id=\"caption-attachment-88066\" class=\"wp-caption-text\">En julio de este a\u00f1o diversas autoridades visitaron el puente Tres Esquinas debido a los problemas que se han generado debido a la extracci\u00f3n desmedida de \u00e1ridos en el lugar.<\/figcaption><\/figure>\n<p>Debido al revuelo causado por informaciones difundidas en algunas redes sociales y medios de comunicaci\u00f3n, en relaci\u00f3n al cierre del Puente Monasterio o Puente Tres Esquinas, la Gobernaci\u00f3n de San Felipe asegur\u00f3 que dichos trabajos se iniciar\u00e1n despu\u00e9s de fiestas patrias.<br \/>\nPara poner en contexto dentro de los trabajos a realizar, el pasado 9 de julio el gobernador Claudio Rodr\u00edguez junto al Seremi de OO.PP., Rodrigo Sep\u00falveda, la diputada Camila Flores, el alcalde de San Felipe, Patricio Freire, los concejales Patricia Boffa y Juan Carlos Sabag y el Core Iv\u00e1n Reyes visitaron el lugar para observar la infraestructura.<br \/>\n\u201cSe anunciaron una serie de trabajos en esa oportunidad y entre ellos un reforzamiento mayor que iba a significar la suspensi\u00f3n del tr\u00e1nsito en el lugar por el puente para dar seguridad y tranquilidad a las personas. Eso no significa que el puente est\u00e9 en riesgo, que se pueda caer ni nada que se le parezca\u201d, coment\u00f3 el gobernador Claudio Rodr\u00edguez.<br \/>\nAyer la m\u00e1xima autoridad provincial, enterado por el anuncio del cierre por parte de la Concesionaria, convers\u00f3 telef\u00f3nicamente con el subsecretario de OO.PP., Lucas Palacios. Tras las gestiones del gobernador con el subsecretario y el Seremi de Obras P\u00fablicas, se determin\u00f3 iniciar los trabajos anunciados posterior a las Fiestas Patrias.<br \/>\n\u201cMe inform\u00e9 ayer de la situaci\u00f3n por el cierre del Puente, lo que me sorprendi\u00f3, motivo por el cual me contact\u00e9 con el subsecretario Lucas Palacios para informarle de esta situaci\u00f3n de la que tampoco estaba enterado, as\u00ed como ninguna autoridad de la Regi\u00f3n de Valpara\u00edso. En consideraci\u00f3n a que un movimiento de esta naturaleza implica una serie de operaciones log\u00edsticas a realizar, el subsecretario Palacios decidi\u00f3 la postergaci\u00f3n del inicio de estas obras, pero hay que iniciarlas. Eso significar\u00e1 a futuro cortes de tr\u00e1nsito parciales o totales\u201d, finaliz\u00f3 el gobernador Claudio Rodr\u00edguez Cataldo.<\/p>\n<figure id=\"attachment_88076\" aria-describedby=\"caption-attachment-88076\" style=\"width: 580px\" class=\"wp-caption alignnone\"><img data-recalc-dims=\"1\" loading=\"lazy\" decoding=\"async\" class=\"wp-image-88076 size-full\" src=\"https:\/\/i0.wp.com\/www.eltrabajo.cl\/2017\/wp-content\/uploads\/2018\/08\/Claudio-Rodriguez.jpg?resize=580%2C443\" alt=\"Claudio Rodr\u00edguez Cataldo, Gobernador de San Felipe.\" width=\"580\" height=\"443\" srcset=\"https:\/\/i0.wp.com\/eltrabajo.cl\/portal\/wp-content\/uploads\/2018\/08\/Claudio-Rodriguez.jpg?w=580&amp;ssl=1 580w, https:\/\/i0.wp.com\/eltrabajo.cl\/portal\/wp-content\/uploads\/2018\/08\/Claudio-Rodriguez.jpg?resize=196%2C150&amp;ssl=1 196w, https:\/\/i0.wp.com\/eltrabajo.cl\/portal\/wp-content\/uploads\/2018\/08\/Claudio-Rodriguez.jpg?resize=300%2C229&amp;ssl=1 300w, https:\/\/i0.wp.com\/eltrabajo.cl\/portal\/wp-content\/uploads\/2018\/08\/Claudio-Rodriguez.jpg?resize=400%2C306&amp;ssl=1 400w\" sizes=\"auto, (max-width: 580px) 100vw, 580px\" \/><figcaption id=\"caption-attachment-88076\" class=\"wp-caption-text\">Claudio Rodr\u00edguez Cataldo, Gobernador de San Felipe.<\/figcaption><\/figure>\n","protected":false},"excerpt":{"rendered":"<p>Debido al revuelo causado por informaciones difundidas en algunas redes sociales y medios de comunicaci\u00f3n, en relaci\u00f3n al cierre del Puente Monasterio o Puente Tres Esquinas, la Gobernaci\u00f3n de San Felipe asegur\u00f3&#8230;<\/p>\n","protected":false},"author":1,"featured_media":88066,"comment_status":"closed","ping_status":"open","sticky":false,"template":"","format":"standard","meta":{"advanced_seo_description":"","jetpack_seo_html_title":"","jetpack_seo_noindex":false,"_jetpack_memberships_contains_paid_content":false,"footnotes":""},"categories":[1],"tags":[],"class_list":["post-88064","post","type-post","status-publish","format-standard","has-post-thumbnail","hentry","category-cronica"],"jetpack_featured_media_url":"https:\/\/i0.wp.com\/eltrabajo.cl\/portal\/wp-content\/uploads\/2018\/08\/puente-tres-esquinas.jpg?fit=580%2C399&ssl=1","jetpack_sharing_enabled":true,"jetpack_likes_enabled":true,"jetpack-related-posts":[],"_links":{"self":[{"href":"https:\/\/eltrabajo.cl\/portal\/wp-json\/wp\/v2\/posts\/88064","targetHints":{"allow":["GET"]}}],"collection":[{"href":"https:\/\/eltrabajo.cl\/portal\/wp-json\/wp\/v2\/posts"}],"about":[{"href":"https:\/\/eltrabajo.cl\/portal\/wp-json\/wp\/v2\/types\/post"}],"author":[{"embeddable":true,"href":"https:\/\/eltrabajo.cl\/portal\/wp-json\/wp\/v2\/users\/1"}],"replies":[{"embeddable":true,"href":"https:\/\/eltrabajo.cl\/portal\/wp-json\/wp\/v2\/comments?post=88064"}],"version-history":[{"count":0,"href":"https:\/\/eltrabajo.cl\/portal\/wp-json\/wp\/v2\/posts\/88064\/revisions"}],"wp:featuredmedia":[{"embeddable":true,"href":"https:\/\/eltrabajo.cl\/portal\/wp-json\/wp\/v2\/media\/88066"}],"wp:attachment":[{"href":"https:\/\/eltrabajo.cl\/portal\/wp-json\/wp\/v2\/media?parent=88064"}],"wp:term":[{"taxonomy":"category","embeddable":true,"href":"https:\/\/eltrabajo.cl\/portal\/wp-json\/wp\/v2\/categories?post=88064"},{"taxonomy":"post_tag","embeddable":true,"href":"https:\/\/eltrabajo.cl\/portal\/wp-json\/wp\/v2\/tags?post=88064"}],"curies":[{"name":"wp","href":"https:\/\/api.w.org\/{rel}","templated":true}]}}