{"id":88071,"date":"2018-08-31T05:02:42","date_gmt":"2018-08-31T09:02:42","guid":{"rendered":"http:\/\/www.eltrabajo.cl\/2017\/?p=88071"},"modified":"2018-08-31T05:02:42","modified_gmt":"2018-08-31T09:02:42","slug":"ocho-calles-del-centro-cambiaran-de-sentido-cuando-se-de-inicio-al-pmgt","status":"publish","type":"post","link":"https:\/\/eltrabajo.cl\/portal\/ocho-calles-del-centro-cambiaran-de-sentido-cuando-se-de-inicio-al-pmgt\/","title":{"rendered":"Ocho calles del centro cambiar\u00e1n de sentido cuando se d\u00e9 inicio al PMGT"},"content":{"rendered":"<figure id=\"attachment_88073\" aria-describedby=\"caption-attachment-88073\" style=\"width: 580px\" class=\"wp-caption alignnone\"><img data-recalc-dims=\"1\" loading=\"lazy\" decoding=\"async\" class=\"size-full wp-image-88073\" src=\"https:\/\/i0.wp.com\/www.eltrabajo.cl\/2017\/wp-content\/uploads\/2018\/08\/Guillermo-Orellana.jpg?resize=580%2C384\" alt=\"Guillermo Orellana, Director de Tr\u00e1nsito de la Municipalidad de San Felipe.\" width=\"580\" height=\"384\" srcset=\"https:\/\/i0.wp.com\/eltrabajo.cl\/portal\/wp-content\/uploads\/2018\/08\/Guillermo-Orellana.jpg?w=580&amp;ssl=1 580w, https:\/\/i0.wp.com\/eltrabajo.cl\/portal\/wp-content\/uploads\/2018\/08\/Guillermo-Orellana.jpg?resize=200%2C132&amp;ssl=1 200w, https:\/\/i0.wp.com\/eltrabajo.cl\/portal\/wp-content\/uploads\/2018\/08\/Guillermo-Orellana.jpg?resize=300%2C199&amp;ssl=1 300w, https:\/\/i0.wp.com\/eltrabajo.cl\/portal\/wp-content\/uploads\/2018\/08\/Guillermo-Orellana.jpg?resize=227%2C150&amp;ssl=1 227w, https:\/\/i0.wp.com\/eltrabajo.cl\/portal\/wp-content\/uploads\/2018\/08\/Guillermo-Orellana.jpg?resize=400%2C265&amp;ssl=1 400w\" sizes=\"auto, (max-width: 580px) 100vw, 580px\" \/><figcaption id=\"caption-attachment-88073\" class=\"wp-caption-text\">Guillermo Orellana, Director de Tr\u00e1nsito de la Municipalidad de San Felipe.<\/figcaption><\/figure>\n<p><span style=\"color: #ff0000;\"><strong>Plan Maestro de Gesti\u00f3n Tr\u00e1nsito:<\/strong><\/span><\/p>\n<p>Definitivamente ocho ser\u00e1n las calles que cambiar\u00e1n de sentido en el damero central de la ciudad, una vez que se ponga en marcha el Plan Maestro de Gesti\u00f3n de Tr\u00e1nsito (PMGT) en San Felipe, mientras que calles como Salinas, Merced, Coimas y Prat seguir\u00e1n tal cual est\u00e1n porque el plan t\u00e9cnicamente va a generar orientaciones distintas, asegur\u00f3 el director de Tr\u00e1nsito de la Municipalidad de San Felipe, Guillermo Orellana.<br \/>\n\u201cFundamentalmente en el damero central de la ciudad se van a generar cambios en algunas calles principales, que el estudio del plan t\u00e9cnicamente ha definido, y es que la circulaci\u00f3n de los veh\u00edculos va a tener una orientaci\u00f3n distinta a la existente, que eso afecta a todas las v\u00edas que est\u00e1n dentro del damero y en las que sigue su continuidad, menos las calles que son Prat, Merced, Salinas y Coimas, esas no sufren ninguna modificaci\u00f3n, todas las otras se modifican\u201d, se\u00f1al\u00f3 Orellana.<br \/>\n<strong>&#8211; \u00bfPor qu\u00e9 no sufren modificaciones estas calles?<\/strong><br \/>\n&#8211; Porque son las calles que generalmente tienen boulevard, entonces el tr\u00e1nsito es una restricci\u00f3n solamente para veh\u00edculo menor, ocasionalmente para uno mayor, pero no para el uso de un recorrido del transporte p\u00fablico, eso lo estamos viendo, generando para no crear conflictos mayores dentro del desplazamiento urbano de la ciudad con respecto al peat\u00f3n. Hay que aclarar la importancia de este proyecto, este proyecto es de movilidad, nuevo concepto de la ciudad, hoy en d\u00eda esto que las personas tengan m\u00e1s espacios para caminar, sin olvidar obviamente la posibilidad de tener la locomoci\u00f3n en el sentido de algunos veh\u00edculos de algunos servicios, pero principalmente darle m\u00e1s espacio al peat\u00f3n, m\u00e1s convivencia, m\u00e1s desarrollo urbano; estamos aprendiendo a convivir en aquellos tramos donde se han generado estas restricciones, que pasan los veh\u00edculos, ciclistas y tambi\u00e9n tengan espacio para los peatones.<br \/>\n<strong>&#8211; \u00bfCu\u00e1les son las otras calles en que se cambia el sentido del tr\u00e1nsito? <\/strong><br \/>\n&#8211; Cambia Navarro, Traslavi\u00f1a, despu\u00e9s se salta a Portus, Toro Mazote y al otro sentido ser\u00eda la calle Condell despu\u00e9s cambia Santo Domingo se salta y sigue con Freire y San Mart\u00edn, esas son las calles que se cambia el tr\u00e1nsito.<br \/>\n<strong>&#8211; \u00bfCu\u00e1l es el objetivo de cambiar el tr\u00e1nsito en esas calles?<\/strong><br \/>\n&#8211; Principalmente porque esas calles tienen proyecci\u00f3n fuera de las alamedas, para un servicio de abarcar todos los extremos de locomoci\u00f3n colectiva que supere m\u00e1s all\u00e1 del colectivo com\u00fan, sino que generemos un servicio urbano del transporte mayor. Hoy d\u00eda lo que quiere la autoridad de transporte es que haya buen servicio para la comunidad, que exista competencia entre ellos y que el p\u00fablico se vaya por la mejor calidad del servicio que se ofrece, eso es lo que se persigue.<br \/>\n<strong>&#8211; \u00bfCu\u00e1ndo es la fecha de puesta en marcha de este nuevo Plan Maestro de Gesti\u00f3n de Tr\u00e1nsito en San Felipe?<\/strong><br \/>\n&#8211; S\u00ed, las fechas siempre se estiman, lamentablemente a veces las obras no coinciden con los plazos que se est\u00e1 entregando, pero yo he visto que se est\u00e1 avanzando r\u00e1pidamente. Hoy d\u00eda estamos trabajando en la implementaci\u00f3n de los sem\u00e1foros, todav\u00eda nos falta todo el eje de Freire, donde se van a instalar sem\u00e1foros, as\u00ed es que yo creo en un mes m\u00e1s f\u00e1cilmente, hay que esperar que las obras se terminen y estamos hablando con la autoridad de Transporte para ver c\u00f3mo vamos a implementar este cambio; violentamente es imposible, o sea tiene que ser paulatino, algunas v\u00edas locales, creo que es indudable una marcha blanca, hay que hacerlo con toda la publicidad, con toda la comunicaci\u00f3n, que indudablemente que cuando comencemos con el cambio, se le va a comunicar puerta a puerta o lo m\u00e1s accesible para que la gente tenga mayor seguridad.<br \/>\n<strong>&#8211; \u00bfCu\u00e1ndo entonces podr\u00eda ponerse en marcha el plan?<\/strong><br \/>\n&#8211; Yo creo que por octubre f\u00e1cilmente, ah\u00ed estar\u00edamos anunciando esta calle cambiar\u00e1 de tr\u00e1nsito.<br \/>\n<strong>&#8211; \u00bfPara implementarlo cu\u00e1ndo, en noviembre?<\/strong><br \/>\n&#8211; Una cosa as\u00ed podr\u00eda ser, porque todav\u00eda estamos implementando la se\u00f1al\u00e9tica, estoy de lleno trabajando en ese proyecto de se\u00f1al\u00e9tica que lamentablemente no estaba incorporada en el proyecto y que hoy d\u00eda la estamos pidiendo como municipio.<\/p>\n<figure id=\"attachment_88074\" aria-describedby=\"caption-attachment-88074\" style=\"width: 579px\" class=\"wp-caption alignnone\"><img data-recalc-dims=\"1\" loading=\"lazy\" decoding=\"async\" class=\"wp-image-88074 size-full\" src=\"https:\/\/i0.wp.com\/www.eltrabajo.cl\/2017\/wp-content\/uploads\/2018\/08\/PMGT-plano-cambio-calles-1.jpg?resize=579%2C435\" alt=\"Este es el plano de las calles que cambiar\u00e1n de sentido en el damero central. En el fondo son todas, exceptuando las cuatro alamedas y las cuatro que rodean la plaza (Salinas, Merced, Coimas, Prat).  \" width=\"579\" height=\"435\" srcset=\"https:\/\/i0.wp.com\/eltrabajo.cl\/portal\/wp-content\/uploads\/2018\/08\/PMGT-plano-cambio-calles-1.jpg?w=579&amp;ssl=1 579w, https:\/\/i0.wp.com\/eltrabajo.cl\/portal\/wp-content\/uploads\/2018\/08\/PMGT-plano-cambio-calles-1.jpg?resize=200%2C150&amp;ssl=1 200w, https:\/\/i0.wp.com\/eltrabajo.cl\/portal\/wp-content\/uploads\/2018\/08\/PMGT-plano-cambio-calles-1.jpg?resize=300%2C225&amp;ssl=1 300w, https:\/\/i0.wp.com\/eltrabajo.cl\/portal\/wp-content\/uploads\/2018\/08\/PMGT-plano-cambio-calles-1.jpg?resize=400%2C301&amp;ssl=1 400w\" sizes=\"auto, (max-width: 579px) 100vw, 579px\" \/><figcaption id=\"caption-attachment-88074\" class=\"wp-caption-text\">Este es el plano de las calles que cambiar\u00e1n de sentido en el damero central. En el fondo son todas, exceptuando las cuatro alamedas y las cuatro que rodean la plaza (Salinas, Merced, Coimas, Prat).<\/figcaption><\/figure>\n","protected":false},"excerpt":{"rendered":"<p>Plan Maestro de Gesti\u00f3n Tr\u00e1nsito: Definitivamente ocho ser\u00e1n las calles que cambiar\u00e1n de sentido en el damero central de la ciudad, una vez que se ponga en marcha el Plan Maestro de&#8230;<\/p>\n","protected":false},"author":1,"featured_media":88074,"comment_status":"closed","ping_status":"open","sticky":false,"template":"","format":"standard","meta":{"advanced_seo_description":"","jetpack_seo_html_title":"","jetpack_seo_noindex":false,"_jetpack_memberships_contains_paid_content":false,"footnotes":""},"categories":[1],"tags":[],"class_list":["post-88071","post","type-post","status-publish","format-standard","has-post-thumbnail","hentry","category-cronica"],"jetpack_featured_media_url":"https:\/\/i0.wp.com\/eltrabajo.cl\/portal\/wp-content\/uploads\/2018\/08\/PMGT-plano-cambio-calles-1.jpg?fit=579%2C435&ssl=1","jetpack_sharing_enabled":true,"jetpack_likes_enabled":true,"jetpack-related-posts":[],"_links":{"self":[{"href":"https:\/\/eltrabajo.cl\/portal\/wp-json\/wp\/v2\/posts\/88071","targetHints":{"allow":["GET"]}}],"collection":[{"href":"https:\/\/eltrabajo.cl\/portal\/wp-json\/wp\/v2\/posts"}],"about":[{"href":"https:\/\/eltrabajo.cl\/portal\/wp-json\/wp\/v2\/types\/post"}],"author":[{"embeddable":true,"href":"https:\/\/eltrabajo.cl\/portal\/wp-json\/wp\/v2\/users\/1"}],"replies":[{"embeddable":true,"href":"https:\/\/eltrabajo.cl\/portal\/wp-json\/wp\/v2\/comments?post=88071"}],"version-history":[{"count":0,"href":"https:\/\/eltrabajo.cl\/portal\/wp-json\/wp\/v2\/posts\/88071\/revisions"}],"wp:featuredmedia":[{"embeddable":true,"href":"https:\/\/eltrabajo.cl\/portal\/wp-json\/wp\/v2\/media\/88074"}],"wp:attachment":[{"href":"https:\/\/eltrabajo.cl\/portal\/wp-json\/wp\/v2\/media?parent=88071"}],"wp:term":[{"taxonomy":"category","embeddable":true,"href":"https:\/\/eltrabajo.cl\/portal\/wp-json\/wp\/v2\/categories?post=88071"},{"taxonomy":"post_tag","embeddable":true,"href":"https:\/\/eltrabajo.cl\/portal\/wp-json\/wp\/v2\/tags?post=88071"}],"curies":[{"name":"wp","href":"https:\/\/api.w.org\/{rel}","templated":true}]}}