{"id":88090,"date":"2018-09-03T05:00:36","date_gmt":"2018-09-03T09:00:36","guid":{"rendered":"http:\/\/www.eltrabajo.cl\/2017\/?p=88090"},"modified":"2018-09-03T05:00:36","modified_gmt":"2018-09-03T09:00:36","slug":"gobernacion-confirma-cierre-de-puente-monasterio-hasta-el-31-de-octubre","status":"publish","type":"post","link":"https:\/\/eltrabajo.cl\/portal\/gobernacion-confirma-cierre-de-puente-monasterio-hasta-el-31-de-octubre\/","title":{"rendered":"Gobernaci\u00f3n confirma cierre de Puente Monasterio hasta el 31 de octubre"},"content":{"rendered":"<figure id=\"attachment_88066\" aria-describedby=\"caption-attachment-88066\" style=\"width: 580px\" class=\"wp-caption alignnone\"><img data-recalc-dims=\"1\" loading=\"lazy\" decoding=\"async\" class=\"size-full wp-image-88066\" src=\"https:\/\/i0.wp.com\/www.eltrabajo.cl\/2017\/wp-content\/uploads\/2018\/08\/puente-tres-esquinas.jpg?resize=580%2C399\" alt=\"En julio de este a\u00f1o diversas autoridades visitaron el puente Tres Esquinas debido a los problemas que se han generado debido a la extracci\u00f3n desmedida de \u00e1ridos en el lugar.\" width=\"580\" height=\"399\" srcset=\"https:\/\/i0.wp.com\/eltrabajo.cl\/portal\/wp-content\/uploads\/2018\/08\/puente-tres-esquinas.jpg?w=580&amp;ssl=1 580w, https:\/\/i0.wp.com\/eltrabajo.cl\/portal\/wp-content\/uploads\/2018\/08\/puente-tres-esquinas.jpg?resize=200%2C138&amp;ssl=1 200w, https:\/\/i0.wp.com\/eltrabajo.cl\/portal\/wp-content\/uploads\/2018\/08\/puente-tres-esquinas.jpg?resize=300%2C206&amp;ssl=1 300w, https:\/\/i0.wp.com\/eltrabajo.cl\/portal\/wp-content\/uploads\/2018\/08\/puente-tres-esquinas.jpg?resize=218%2C150&amp;ssl=1 218w, https:\/\/i0.wp.com\/eltrabajo.cl\/portal\/wp-content\/uploads\/2018\/08\/puente-tres-esquinas.jpg?resize=400%2C275&amp;ssl=1 400w\" sizes=\"auto, (max-width: 580px) 100vw, 580px\" \/><figcaption id=\"caption-attachment-88066\" class=\"wp-caption-text\">En julio de este a\u00f1o diversas autoridades visitaron el puente Tres Esquinas debido a los problemas que se han generado debido a la extracci\u00f3n desmedida de \u00e1ridos en el lugar.<\/figcaption><\/figure>\n<p><span style=\"color: #ff0000;\"><strong>Pese a anuncio en contra, medida rige desde el viernes pasado:<\/strong><\/span><\/p>\n<p>Desde este viernes 31 de agosto a partir de las 15:00 horas, la sociedad concesionaria de la Ruta 60 CH procedi\u00f3 al cierre del Puente Monasterio, conocido tambi\u00e9n como Tres Esquinas, de San Felipe, para iniciar su reparaci\u00f3n definitiva.<br \/>\nEl gobernador Claudio Rodr\u00edguez Cataldo sostuvo que \u201cla concesionaria ha hecho llegar un informe t\u00e9cnico a la Subsecretar\u00eda de Obras P\u00fablicas tal como esta se le solicit\u00f3, se\u00f1alando enf\u00e1ticamente la necesidad de anticipar el cierre del Puente Monasterio m\u00e1s conocido como Tres Esquinas para el 31 de agosto a partir de las 3 de la tarde y hasta el 31 de octubre para hacer las reparaciones de reforzamiento mayor que se est\u00e1n necesitando en las cepas 2 y 3 que sostienen al puente. Esta decisi\u00f3n, de acuerdo al informe t\u00e9cnico, est\u00e1 sostenido sobre la necesidad de generar tranquilidad y seguridad a las personas y a los usuarios del puente y tambi\u00e9n garantizar el normal flujo vehicular en el per\u00edodo estival que es donde m\u00e1s se utiliza este puente\u201d.<br \/>\nAdem\u00e1s, Rodr\u00edguez coment\u00f3 que \u201cel puente no est\u00e1 en riesgo de caerse ni cosa que parezca tal como lo he se\u00f1alado e insistiendo como lo ha dicho la concesionaria, s\u00f3lo ocurrir\u00eda o sufrir\u00eda da\u00f1os de consideraci\u00f3n en sismos sobre 7 grados Richter, o bien con alto flujo del caudal del r\u00edo de 18 metros c\u00fabicos por segundo, lo que por cierto estamos muy lejos de ello. Lo importante es que dado que existen algunos da\u00f1os en las cepas 2 y 3 es conveniente hacer estos trabajos a la mayor brevedad posible\u201d.<br \/>\nA partir de ello, se dieron a conocer las v\u00edas alternativas para desplazarse por la comuna a otros destinos:<br \/>\nPara todo veh\u00edculo que se desplace de Los Andes y quiera ir a al interior de San Felipe podr\u00e1 hacerlo por la rotonda Michimalongo.<br \/>\nPara todo veh\u00edculo que se desplace desde el interior de San Felipe y quiera ir a San Felipe podr\u00e1 hacerlo por la rotonda Monasterio.<br \/>\nPara todo veh\u00edculo que se desplace del interior de San Felipe en direcci\u00f3n hacia Puente Tres Esquinas podr\u00e1 retornar en enlace Monasterio e ingresar al interior de San Felipe y salir por Puente del Rey.<br \/>\nPara todo veh\u00edculo que se desplace desde Ruta 5 Norte por autopista en direcci\u00f3n a Los Andes y que requiera ingresar hacia puente tres esquinas podr\u00e1 continuar por la autopista en direcci\u00f3n Los Andes o ingresar por ramal de acceso en direcci\u00f3n hacia San Felipe.<br \/>\nPara todo veh\u00edculo que se desplace desde Los Andes en direcci\u00f3n a Ruta 5 Norte y que desee ingresar hacia Puente Tres Esquinas podr\u00e1 continuar por la autopista hasta sector Llay Llay y salir en direcci\u00f3n a Ruta 5 Norte.<br \/>\nPara todo veh\u00edculo que se desplace desde el interior de San Felipe y que requiera continuar hacia Puente Tres Esquinas podr\u00e1 tomar ramal de salida y continuar por la autopista en direcci\u00f3n a hacia Los Andes o retornar por enlace direcci\u00f3n rotonda Michimalongo hacia interior de San Felipe.<br \/>\nPara todo veh\u00edculo que se desplace desde Ruta 5 Norte (por ruta antigua) en direcci\u00f3n hacia Los Andes y San Felipe, y que desee ingresar por Tres Esquinas, podr\u00e1 continuar por ruta antigua hacia Los Andes o retornar e ingresar por Puente el Rey hacia San Felipe.<br \/>\nPara todo veh\u00edculo que se desplace desde Los Andes (por ruta antigua) en direcci\u00f3n hacia Ruta 5 Norte y San Felipe, y que desee ingresar por Tres Esquinas, podr\u00e1 continuar por ruta antigua hacia ruta 5 Norte o ingresar por Puente el Rey hacia San Felipe.<\/p>\n<figure id=\"attachment_86326\" aria-describedby=\"caption-attachment-86326\" style=\"width: 580px\" class=\"wp-caption alignnone\"><img data-recalc-dims=\"1\" loading=\"lazy\" decoding=\"async\" class=\"size-full wp-image-86326\" src=\"https:\/\/i0.wp.com\/www.eltrabajo.cl\/2017\/wp-content\/uploads\/2018\/05\/Pozo_claudio-rodriguez.jpg?resize=580%2C465\" alt=\"Claudio Rodr\u00edguez, gobernador de San Felipe.\" width=\"580\" height=\"465\" srcset=\"https:\/\/i0.wp.com\/eltrabajo.cl\/portal\/wp-content\/uploads\/2018\/05\/Pozo_claudio-rodriguez.jpg?w=580&amp;ssl=1 580w, https:\/\/i0.wp.com\/eltrabajo.cl\/portal\/wp-content\/uploads\/2018\/05\/Pozo_claudio-rodriguez.jpg?resize=187%2C150&amp;ssl=1 187w, https:\/\/i0.wp.com\/eltrabajo.cl\/portal\/wp-content\/uploads\/2018\/05\/Pozo_claudio-rodriguez.jpg?resize=300%2C241&amp;ssl=1 300w, https:\/\/i0.wp.com\/eltrabajo.cl\/portal\/wp-content\/uploads\/2018\/05\/Pozo_claudio-rodriguez.jpg?resize=400%2C321&amp;ssl=1 400w\" sizes=\"auto, (max-width: 580px) 100vw, 580px\" \/><figcaption id=\"caption-attachment-86326\" class=\"wp-caption-text\">Claudio Rodr\u00edguez, gobernador de San Felipe.<\/figcaption><\/figure>\n","protected":false},"excerpt":{"rendered":"<p>Pese a anuncio en contra, medida rige desde el viernes pasado: Desde este viernes 31 de agosto a partir de las 15:00 horas, la sociedad concesionaria de la Ruta 60 CH procedi\u00f3&#8230;<\/p>\n","protected":false},"author":1,"featured_media":88066,"comment_status":"closed","ping_status":"open","sticky":false,"template":"","format":"standard","meta":{"advanced_seo_description":"","jetpack_seo_html_title":"","jetpack_seo_noindex":false,"_jetpack_memberships_contains_paid_content":false,"footnotes":""},"categories":[1],"tags":[],"class_list":["post-88090","post","type-post","status-publish","format-standard","has-post-thumbnail","hentry","category-cronica"],"jetpack_featured_media_url":"https:\/\/i0.wp.com\/eltrabajo.cl\/portal\/wp-content\/uploads\/2018\/08\/puente-tres-esquinas.jpg?fit=580%2C399&ssl=1","jetpack_sharing_enabled":true,"jetpack_likes_enabled":true,"jetpack-related-posts":[],"_links":{"self":[{"href":"https:\/\/eltrabajo.cl\/portal\/wp-json\/wp\/v2\/posts\/88090","targetHints":{"allow":["GET"]}}],"collection":[{"href":"https:\/\/eltrabajo.cl\/portal\/wp-json\/wp\/v2\/posts"}],"about":[{"href":"https:\/\/eltrabajo.cl\/portal\/wp-json\/wp\/v2\/types\/post"}],"author":[{"embeddable":true,"href":"https:\/\/eltrabajo.cl\/portal\/wp-json\/wp\/v2\/users\/1"}],"replies":[{"embeddable":true,"href":"https:\/\/eltrabajo.cl\/portal\/wp-json\/wp\/v2\/comments?post=88090"}],"version-history":[{"count":0,"href":"https:\/\/eltrabajo.cl\/portal\/wp-json\/wp\/v2\/posts\/88090\/revisions"}],"wp:featuredmedia":[{"embeddable":true,"href":"https:\/\/eltrabajo.cl\/portal\/wp-json\/wp\/v2\/media\/88066"}],"wp:attachment":[{"href":"https:\/\/eltrabajo.cl\/portal\/wp-json\/wp\/v2\/media?parent=88090"}],"wp:term":[{"taxonomy":"category","embeddable":true,"href":"https:\/\/eltrabajo.cl\/portal\/wp-json\/wp\/v2\/categories?post=88090"},{"taxonomy":"post_tag","embeddable":true,"href":"https:\/\/eltrabajo.cl\/portal\/wp-json\/wp\/v2\/tags?post=88090"}],"curies":[{"name":"wp","href":"https:\/\/api.w.org\/{rel}","templated":true}]}}