{"id":88092,"date":"2018-09-03T05:01:54","date_gmt":"2018-09-03T09:01:54","guid":{"rendered":"http:\/\/www.eltrabajo.cl\/2017\/?p=88092"},"modified":"2018-09-03T05:01:54","modified_gmt":"2018-09-03T09:01:54","slug":"magdiel-godoy-gano-este-ano-la-copa-de-ajedrez-diario-el-trabajo","status":"publish","type":"post","link":"https:\/\/eltrabajo.cl\/portal\/magdiel-godoy-gano-este-ano-la-copa-de-ajedrez-diario-el-trabajo\/","title":{"rendered":"Magdiel Godoy gan\u00f3 este a\u00f1o la Copa de Ajedrez Diario El Trabajo"},"content":{"rendered":"<figure id=\"attachment_88096\" aria-describedby=\"caption-attachment-88096\" style=\"width: 579px\" class=\"wp-caption alignnone\"><img data-recalc-dims=\"1\" loading=\"lazy\" decoding=\"async\" class=\"size-full wp-image-88096\" src=\"https:\/\/i0.wp.com\/www.eltrabajo.cl\/2017\/wp-content\/uploads\/2018\/09\/Copa3.jpg?resize=579%2C368\" alt=\"Genios trabajando.- Chicos y grandes hicieron su mejor esfuerzo en este torneo estudiantil de ajedrez.\" width=\"579\" height=\"368\" srcset=\"https:\/\/i0.wp.com\/eltrabajo.cl\/portal\/wp-content\/uploads\/2018\/09\/Copa3.jpg?w=579&amp;ssl=1 579w, https:\/\/i0.wp.com\/eltrabajo.cl\/portal\/wp-content\/uploads\/2018\/09\/Copa3.jpg?resize=200%2C127&amp;ssl=1 200w, https:\/\/i0.wp.com\/eltrabajo.cl\/portal\/wp-content\/uploads\/2018\/09\/Copa3.jpg?resize=300%2C191&amp;ssl=1 300w, https:\/\/i0.wp.com\/eltrabajo.cl\/portal\/wp-content\/uploads\/2018\/09\/Copa3.jpg?resize=236%2C150&amp;ssl=1 236w, https:\/\/i0.wp.com\/eltrabajo.cl\/portal\/wp-content\/uploads\/2018\/09\/Copa3.jpg?resize=400%2C254&amp;ssl=1 400w\" sizes=\"auto, (max-width: 579px) 100vw, 579px\" \/><figcaption id=\"caption-attachment-88096\" class=\"wp-caption-text\">Genios trabajando.- Chicos y grandes hicieron su mejor esfuerzo en este torneo estudiantil de ajedrez.<\/figcaption><\/figure>\n<p><span style=\"color: #ff0000;\"><strong>Cuarto Torneo organizado por la Escuela Jos\u00e9 de San Mart\u00edn:<\/strong><\/span><\/p>\n<p>Varios destacados ajedrecistas del Valle de Aconcagua fueron los que resultaron ganadores de los primeros lugares en sus categor\u00edas en la 4\u00aa Copa de Ajedrez Diario El Trabajo 2018, sin embargo, el joven Magdiel Godoy, del Liceo Comercial de Los Andes, este a\u00f1o result\u00f3 ser el campe\u00f3n general del torneo que organiza desde 2015 la Escuela Jos\u00e9 de San Mart\u00edn.<br \/>\nLa competencia se efectu\u00f3 el viernes y fueron 58 jugadores de variados establecimientos del valle los que compitieron, tales como el Liceo Roberto Humeres, Agr\u00edcola, Curim\u00f3n, Vedruna, Cervantino, Escuela Espa\u00f1a de Los Andes, Liceo Comercial, Pascual Baburiza, Instituto Marista y la escuela anfitriona, Jos\u00e9 de San Mart\u00edn.<\/p>\n<p><span style=\"color: #ff0000;\"><strong>ELLOS OPINAN<\/strong><\/span><br \/>\nEstas fueron las palabras de quienes participaron en la parte directiva e invitados especiales a la jornada.<br \/>\nDante Rodr\u00edguez, concejal: \u00abEn mi caso personal, por mi raz\u00f3n de haber trabajado 46 a\u00f1os como profesor, siempre he apoyado a los deportistas en las disciplinas que sean, y lo seguir\u00e9 haciendo con mucho agrado\u00bb.<br \/>\nXimena Baquedano, directora de la Escuela Jos\u00e9 de San Mart\u00edn: \u00abFelices todos de lograr desarrollar este nuevo torneo que lleva el nombre Copa Diario El Trabajo, veo muy motivados a todos los estudiantes, tanto los que participan jugando, como los que no, es una bonita iniciativa en la que los chicos despliegan todo su inter\u00e9s, competencias y capacidades\u00bb.<br \/>\nMarco Antonio Juri, director de Diario El Trabajo: \u00abUna satisfacci\u00f3n tremenda para nosotros como Diario el poder apoyar el deporte escolar, estos ni\u00f1os y j\u00f3venes son el futuro de nuestro pa\u00eds, esta es una pol\u00edtica implementada en el Diario, la que creo que ayuda a contribuir a crear una mejor sociedad\u00bb.<br \/>\nDanilo Pe\u00f1a, encargado del departamento de Deportes: \u00abEspectacular una vez m\u00e1s, felicitar a la directora y a toda la comunidad de esta escuela, no s\u00f3lo por los resultados deportivos, tambi\u00e9n los acad\u00e9micos siguen siendo excelentes. En esta cuarta versi\u00f3n del Torneo hago p\u00fablicas las felicitaciones al Guillermo Quijanes, quien adem\u00e1s en nuestro Taller Municipal de Ajedrez somos testigos de su trabajo\u00bb.<br \/>\nMagdiel Godoy, campe\u00f3n 2018 del Torneo: \u00abEstoy cursando el segundo medio en el Liceo Comercial de Los Andes, tuve que enfrentar a contrincantes dif\u00edciles, pero igual me dio para ganar\u00bb.<br \/>\nGuillermo Quijanes, instructor del Torneo y principal promotor de la jornada: \u00abTambi\u00e9n quiero destacar que todos los aportes que siempre entregan las personas para el desarrollo de este evento, son donaciones de personas como Dante Rodr\u00edguez y Juan Carlos Sabaj, adem\u00e1s de la empresa de chocolate La Pic\u00e1 de Benito, en la persona de Marjorie Gonz\u00e1lez. Creo que fue una jornada espectacular, m\u00e1s jugadores que en 2017, lo que nos dice que vamos bien, el inter\u00e9s cada vez es mayor, agradecer tambi\u00e9n al \u00e1rbitro nacional don Jos\u00e9 Vergel, quien siempre nos certifica la transparencia de estos campeonatos\u00bb.<br \/>\n<strong>Roberto Gonz\u00e1lez Short<\/strong><\/p>\n<figure id=\"attachment_88093\" aria-describedby=\"caption-attachment-88093\" style=\"width: 580px\" class=\"wp-caption alignnone\"><img data-recalc-dims=\"1\" loading=\"lazy\" decoding=\"async\" class=\"size-full wp-image-88093\" src=\"https:\/\/i0.wp.com\/www.eltrabajo.cl\/2017\/wp-content\/uploads\/2018\/09\/Copa_Magdiel-Godoy.jpg?resize=580%2C440\" alt=\"Magdiel Godoy, nuevo campe\u00f3n 2018.\" width=\"580\" height=\"440\" srcset=\"https:\/\/i0.wp.com\/eltrabajo.cl\/portal\/wp-content\/uploads\/2018\/09\/Copa_Magdiel-Godoy.jpg?w=580&amp;ssl=1 580w, https:\/\/i0.wp.com\/eltrabajo.cl\/portal\/wp-content\/uploads\/2018\/09\/Copa_Magdiel-Godoy.jpg?resize=198%2C150&amp;ssl=1 198w, https:\/\/i0.wp.com\/eltrabajo.cl\/portal\/wp-content\/uploads\/2018\/09\/Copa_Magdiel-Godoy.jpg?resize=300%2C228&amp;ssl=1 300w, https:\/\/i0.wp.com\/eltrabajo.cl\/portal\/wp-content\/uploads\/2018\/09\/Copa_Magdiel-Godoy.jpg?resize=400%2C303&amp;ssl=1 400w\" sizes=\"auto, (max-width: 580px) 100vw, 580px\" \/><figcaption id=\"caption-attachment-88093\" class=\"wp-caption-text\">Magdiel Godoy, nuevo campe\u00f3n 2018.<\/figcaption><\/figure>\n<figure id=\"attachment_88094\" aria-describedby=\"caption-attachment-88094\" style=\"width: 578px\" class=\"wp-caption alignnone\"><img data-recalc-dims=\"1\" loading=\"lazy\" decoding=\"async\" class=\"size-full wp-image-88094\" src=\"https:\/\/i0.wp.com\/www.eltrabajo.cl\/2017\/wp-content\/uploads\/2018\/09\/Copa1.jpg?resize=578%2C374\" alt=\"PRUEBA SUPERADA.- Aqu\u00ed est\u00e1n nuestros campeones de la Copa de Ajedrez Diario El Trabajo 2018, desarrollada por la Escuela Jos\u00e9 de San Mart\u00edn.\" width=\"578\" height=\"374\" srcset=\"https:\/\/i0.wp.com\/eltrabajo.cl\/portal\/wp-content\/uploads\/2018\/09\/Copa1.jpg?w=578&amp;ssl=1 578w, https:\/\/i0.wp.com\/eltrabajo.cl\/portal\/wp-content\/uploads\/2018\/09\/Copa1.jpg?resize=200%2C129&amp;ssl=1 200w, https:\/\/i0.wp.com\/eltrabajo.cl\/portal\/wp-content\/uploads\/2018\/09\/Copa1.jpg?resize=300%2C194&amp;ssl=1 300w, https:\/\/i0.wp.com\/eltrabajo.cl\/portal\/wp-content\/uploads\/2018\/09\/Copa1.jpg?resize=232%2C150&amp;ssl=1 232w, https:\/\/i0.wp.com\/eltrabajo.cl\/portal\/wp-content\/uploads\/2018\/09\/Copa1.jpg?resize=400%2C259&amp;ssl=1 400w\" sizes=\"auto, (max-width: 578px) 100vw, 578px\" \/><figcaption id=\"caption-attachment-88094\" class=\"wp-caption-text\">PRUEBA SUPERADA.- Aqu\u00ed est\u00e1n nuestros campeones de la Copa de Ajedrez Diario El Trabajo 2018, desarrollada por la Escuela Jos\u00e9 de San Mart\u00edn.<\/figcaption><\/figure>\n<figure id=\"attachment_88095\" aria-describedby=\"caption-attachment-88095\" style=\"width: 579px\" class=\"wp-caption alignnone\"><img data-recalc-dims=\"1\" loading=\"lazy\" decoding=\"async\" class=\"size-full wp-image-88095\" src=\"https:\/\/i0.wp.com\/www.eltrabajo.cl\/2017\/wp-content\/uploads\/2018\/09\/Copa2.jpg?resize=579%2C387\" alt=\"LA JUVENTUD IMPONE.- La gran chiquillada estudiantil de varios colegios del Valle de Aconcagua se dieron cita este viernes para disputarse los mejores trofeos del torneo.\" width=\"579\" height=\"387\" srcset=\"https:\/\/i0.wp.com\/eltrabajo.cl\/portal\/wp-content\/uploads\/2018\/09\/Copa2.jpg?w=579&amp;ssl=1 579w, https:\/\/i0.wp.com\/eltrabajo.cl\/portal\/wp-content\/uploads\/2018\/09\/Copa2.jpg?resize=200%2C134&amp;ssl=1 200w, https:\/\/i0.wp.com\/eltrabajo.cl\/portal\/wp-content\/uploads\/2018\/09\/Copa2.jpg?resize=300%2C201&amp;ssl=1 300w, https:\/\/i0.wp.com\/eltrabajo.cl\/portal\/wp-content\/uploads\/2018\/09\/Copa2.jpg?resize=224%2C150&amp;ssl=1 224w, https:\/\/i0.wp.com\/eltrabajo.cl\/portal\/wp-content\/uploads\/2018\/09\/Copa2.jpg?resize=400%2C267&amp;ssl=1 400w\" sizes=\"auto, (max-width: 579px) 100vw, 579px\" \/><figcaption id=\"caption-attachment-88095\" class=\"wp-caption-text\">LA JUVENTUD IMPONE.- La gran chiquillada estudiantil de varios colegios del Valle de Aconcagua se dieron cita este viernes para disputarse los mejores trofeos del torneo.<\/figcaption><\/figure>\n<figure id=\"attachment_88097\" aria-describedby=\"caption-attachment-88097\" style=\"width: 578px\" class=\"wp-caption alignnone\"><img data-recalc-dims=\"1\" loading=\"lazy\" decoding=\"async\" class=\"size-full wp-image-88097\" src=\"https:\/\/i0.wp.com\/www.eltrabajo.cl\/2017\/wp-content\/uploads\/2018\/09\/Copa4.jpg?resize=578%2C375\" alt=\"Buena onda.- Este era el ambiente que reinaba durante el torneo, amistad, respeto, concentraci\u00f3n y buena onda.\" width=\"578\" height=\"375\" srcset=\"https:\/\/i0.wp.com\/eltrabajo.cl\/portal\/wp-content\/uploads\/2018\/09\/Copa4.jpg?w=578&amp;ssl=1 578w, https:\/\/i0.wp.com\/eltrabajo.cl\/portal\/wp-content\/uploads\/2018\/09\/Copa4.jpg?resize=200%2C130&amp;ssl=1 200w, https:\/\/i0.wp.com\/eltrabajo.cl\/portal\/wp-content\/uploads\/2018\/09\/Copa4.jpg?resize=300%2C195&amp;ssl=1 300w, https:\/\/i0.wp.com\/eltrabajo.cl\/portal\/wp-content\/uploads\/2018\/09\/Copa4.jpg?resize=231%2C150&amp;ssl=1 231w, https:\/\/i0.wp.com\/eltrabajo.cl\/portal\/wp-content\/uploads\/2018\/09\/Copa4.jpg?resize=400%2C260&amp;ssl=1 400w\" sizes=\"auto, (max-width: 578px) 100vw, 578px\" \/><figcaption id=\"caption-attachment-88097\" class=\"wp-caption-text\">Buena onda.- Este era el ambiente que reinaba durante el torneo, amistad, respeto, concentraci\u00f3n y buena onda.<\/figcaption><\/figure>\n<figure id=\"attachment_88098\" aria-describedby=\"caption-attachment-88098\" style=\"width: 579px\" class=\"wp-caption alignnone\"><img data-recalc-dims=\"1\" loading=\"lazy\" decoding=\"async\" class=\"size-full wp-image-88098\" src=\"https:\/\/i0.wp.com\/www.eltrabajo.cl\/2017\/wp-content\/uploads\/2018\/09\/Copa5.jpg?resize=579%2C382\" alt=\"M\u00daSICA TAMBI\u00c9N.- Allan Montenegro y el profesor Julio Quijanes ofrecieron a los presentes, en el entretiempo, un excelente Valls venezolano.\" width=\"579\" height=\"382\" srcset=\"https:\/\/i0.wp.com\/eltrabajo.cl\/portal\/wp-content\/uploads\/2018\/09\/Copa5.jpg?w=579&amp;ssl=1 579w, https:\/\/i0.wp.com\/eltrabajo.cl\/portal\/wp-content\/uploads\/2018\/09\/Copa5.jpg?resize=200%2C132&amp;ssl=1 200w, https:\/\/i0.wp.com\/eltrabajo.cl\/portal\/wp-content\/uploads\/2018\/09\/Copa5.jpg?resize=300%2C198&amp;ssl=1 300w, https:\/\/i0.wp.com\/eltrabajo.cl\/portal\/wp-content\/uploads\/2018\/09\/Copa5.jpg?resize=227%2C150&amp;ssl=1 227w, https:\/\/i0.wp.com\/eltrabajo.cl\/portal\/wp-content\/uploads\/2018\/09\/Copa5.jpg?resize=400%2C264&amp;ssl=1 400w\" sizes=\"auto, (max-width: 579px) 100vw, 579px\" \/><figcaption id=\"caption-attachment-88098\" class=\"wp-caption-text\">M\u00daSICA TAMBI\u00c9N.- Allan Montenegro y el profesor Julio Quijanes ofrecieron a los presentes, en el entretiempo, un excelente Valls venezolano.<\/figcaption><\/figure>\n<figure id=\"attachment_88099\" aria-describedby=\"caption-attachment-88099\" style=\"width: 579px\" class=\"wp-caption alignnone\"><img data-recalc-dims=\"1\" loading=\"lazy\" decoding=\"async\" class=\"size-full wp-image-88099\" src=\"https:\/\/i0.wp.com\/www.eltrabajo.cl\/2017\/wp-content\/uploads\/2018\/09\/Copa6.jpg?resize=579%2C398\" alt=\"LA GRAN JORNADA.- Los ni\u00f1os participantes recibieron sus reconocimientos y trofeos, dependiendo del puntaje que ganaron, las autoridades con alegr\u00eda felicitaron a los peque\u00f1os ajedrecistas.\" width=\"579\" height=\"398\" srcset=\"https:\/\/i0.wp.com\/eltrabajo.cl\/portal\/wp-content\/uploads\/2018\/09\/Copa6.jpg?w=579&amp;ssl=1 579w, https:\/\/i0.wp.com\/eltrabajo.cl\/portal\/wp-content\/uploads\/2018\/09\/Copa6.jpg?resize=200%2C137&amp;ssl=1 200w, https:\/\/i0.wp.com\/eltrabajo.cl\/portal\/wp-content\/uploads\/2018\/09\/Copa6.jpg?resize=300%2C206&amp;ssl=1 300w, https:\/\/i0.wp.com\/eltrabajo.cl\/portal\/wp-content\/uploads\/2018\/09\/Copa6.jpg?resize=218%2C150&amp;ssl=1 218w, https:\/\/i0.wp.com\/eltrabajo.cl\/portal\/wp-content\/uploads\/2018\/09\/Copa6.jpg?resize=400%2C275&amp;ssl=1 400w\" sizes=\"auto, (max-width: 579px) 100vw, 579px\" \/><figcaption id=\"caption-attachment-88099\" class=\"wp-caption-text\">LA GRAN JORNADA.- Los ni\u00f1os participantes recibieron sus reconocimientos y trofeos, dependiendo del puntaje que ganaron, las autoridades con alegr\u00eda felicitaron a los peque\u00f1os ajedrecistas.<\/figcaption><\/figure>\n","protected":false},"excerpt":{"rendered":"<p>Cuarto Torneo organizado por la Escuela Jos\u00e9 de San Mart\u00edn: Varios destacados ajedrecistas del Valle de Aconcagua fueron los que resultaron ganadores de los primeros lugares en sus categor\u00edas en la 4\u00aa&#8230;<\/p>\n","protected":false},"author":1,"featured_media":88097,"comment_status":"closed","ping_status":"open","sticky":false,"template":"","format":"standard","meta":{"advanced_seo_description":"","jetpack_seo_html_title":"","jetpack_seo_noindex":false,"_jetpack_memberships_contains_paid_content":false,"footnotes":""},"categories":[15],"tags":[],"class_list":["post-88092","post","type-post","status-publish","format-standard","has-post-thumbnail","hentry","category-comunidad"],"jetpack_featured_media_url":"https:\/\/i0.wp.com\/eltrabajo.cl\/portal\/wp-content\/uploads\/2018\/09\/Copa4.jpg?fit=578%2C375&ssl=1","jetpack_sharing_enabled":true,"jetpack_likes_enabled":true,"jetpack-related-posts":[],"_links":{"self":[{"href":"https:\/\/eltrabajo.cl\/portal\/wp-json\/wp\/v2\/posts\/88092","targetHints":{"allow":["GET"]}}],"collection":[{"href":"https:\/\/eltrabajo.cl\/portal\/wp-json\/wp\/v2\/posts"}],"about":[{"href":"https:\/\/eltrabajo.cl\/portal\/wp-json\/wp\/v2\/types\/post"}],"author":[{"embeddable":true,"href":"https:\/\/eltrabajo.cl\/portal\/wp-json\/wp\/v2\/users\/1"}],"replies":[{"embeddable":true,"href":"https:\/\/eltrabajo.cl\/portal\/wp-json\/wp\/v2\/comments?post=88092"}],"version-history":[{"count":0,"href":"https:\/\/eltrabajo.cl\/portal\/wp-json\/wp\/v2\/posts\/88092\/revisions"}],"wp:featuredmedia":[{"embeddable":true,"href":"https:\/\/eltrabajo.cl\/portal\/wp-json\/wp\/v2\/media\/88097"}],"wp:attachment":[{"href":"https:\/\/eltrabajo.cl\/portal\/wp-json\/wp\/v2\/media?parent=88092"}],"wp:term":[{"taxonomy":"category","embeddable":true,"href":"https:\/\/eltrabajo.cl\/portal\/wp-json\/wp\/v2\/categories?post=88092"},{"taxonomy":"post_tag","embeddable":true,"href":"https:\/\/eltrabajo.cl\/portal\/wp-json\/wp\/v2\/tags?post=88092"}],"curies":[{"name":"wp","href":"https:\/\/api.w.org\/{rel}","templated":true}]}}