{"id":88109,"date":"2018-09-03T05:04:19","date_gmt":"2018-09-03T09:04:19","guid":{"rendered":"http:\/\/www.eltrabajo.cl\/2017\/?p=88109"},"modified":"2018-09-03T05:04:19","modified_gmt":"2018-09-03T09:04:19","slug":"era-fiesta-pero-el-uni-uni-termino-igualando-en-blanco-frente-a-nublense","status":"publish","type":"post","link":"https:\/\/eltrabajo.cl\/portal\/era-fiesta-pero-el-uni-uni-termino-igualando-en-blanco-frente-a-nublense\/","title":{"rendered":"Era fiesta, pero el Un\u00ed Un\u00ed termin\u00f3 igualando en blanco frente a \u00d1ublense"},"content":{"rendered":"<figure id=\"attachment_88111\" aria-describedby=\"caption-attachment-88111\" style=\"width: 578px\" class=\"wp-caption alignnone\"><img data-recalc-dims=\"1\" loading=\"lazy\" decoding=\"async\" class=\"size-full wp-image-88111\" src=\"https:\/\/i0.wp.com\/www.eltrabajo.cl\/2017\/wp-content\/uploads\/2018\/09\/uni-lima.jpg?resize=578%2C385\" alt=\"El externo Adolfo Lima no pudo desequilibrar frente a la ordenada zaga chillaneja.\" width=\"578\" height=\"385\" srcset=\"https:\/\/i0.wp.com\/eltrabajo.cl\/portal\/wp-content\/uploads\/2018\/09\/uni-lima.jpg?w=578&amp;ssl=1 578w, https:\/\/i0.wp.com\/eltrabajo.cl\/portal\/wp-content\/uploads\/2018\/09\/uni-lima.jpg?resize=200%2C133&amp;ssl=1 200w, https:\/\/i0.wp.com\/eltrabajo.cl\/portal\/wp-content\/uploads\/2018\/09\/uni-lima.jpg?resize=300%2C200&amp;ssl=1 300w, https:\/\/i0.wp.com\/eltrabajo.cl\/portal\/wp-content\/uploads\/2018\/09\/uni-lima.jpg?resize=225%2C150&amp;ssl=1 225w, https:\/\/i0.wp.com\/eltrabajo.cl\/portal\/wp-content\/uploads\/2018\/09\/uni-lima.jpg?resize=400%2C266&amp;ssl=1 400w\" sizes=\"auto, (max-width: 578px) 100vw, 578px\" \/><figcaption id=\"caption-attachment-88111\" class=\"wp-caption-text\">El externo Adolfo Lima no pudo desequilibrar frente a la ordenada zaga chillaneja.<\/figcaption><\/figure>\n<p>M\u00e1s de 2.000 fueron los hinchas que de manera entusiasta acudieron al llamado de la regencia del Un\u00ed Un\u00ed para que adquirieran los boletos a un precio ultra bajo, y de esa forma se convirtieran en el famoso e importante jugador n\u00famero 12, que de paso le dieron al coloso de Avenida Maip\u00fa un colorido distinto, como hace a\u00f1os no se ve\u00eda.<br \/>\nLastimosamente los dirigidos de Christian Lovrincevich no estuvieron a la altura de las circunstancias, y en una actuaci\u00f3n que termin\u00f3 convirti\u00e9ndose en una decepci\u00f3n, s\u00f3lo consiguieron igualar en blanco frente a un buen y pr\u00e1ctico conjunto de \u00d1ublense.<br \/>\nYa en el primer tiempo hab\u00eda quedado en claro que las cosas ser\u00edan complicadas para los sanfelipe\u00f1os, debido que sus hombres llamados a desequilibrar (Lima, Cisterna, Pio, Caballero) terminaron sucumbiendo ante la ordena marca de los chillanejos; tanto que en ese lapso no se cont\u00f3 ninguna oportunidad real de gol para los due\u00f1os de casa.<br \/>\nEn el segundo acto las cosas no variaron pr\u00e1cticamente nada, por m\u00e1s que el conjunto albirrojo haya adelantado sus l\u00edneas, pero al carecer de una elaboraci\u00f3n suficiente, simplificaban en demas\u00eda las labores de la zaga sure\u00f1a, que siempre estaba de frente y bien parada para resistir los embates locales.<br \/>\nCon el correr de los minutos el p\u00fablico se comenz\u00f3 a impacientar por el escaso protagonismo que mostraba el Un\u00ed Un\u00ed; desde la banca t\u00e9cnica se introdujeron algunas modificaciones para hacer el desnivel, pero los ingresos de Brayan Valdivia por Brian Cort\u00e9s y Gustavo Gotti en lugar de Caballero no influyeron mayormente para poder hacer el desnivel.<br \/>\nCurioso result\u00f3 la sustitucion de Caballero, ya que en lo real la modificaci\u00f3n fue hombre por hombre, sin cambiar la l\u00ednea de juego, por lo que los forasteros no sufrieron nada con la apuesta sanfelipe\u00f1a, con lo que no tuvieron mayores obst\u00e1culos para rescatar un punto en su aventura a la capital de la futura Regi\u00f3n Cordillera.<br \/>\nCon esta igualdad Uni\u00f3n San Felipe lleg\u00f3 a los 32 puntos, quedando muy feble en su opci\u00f3n de entrar a la liguilla del ascenso, cosa que lo obliga a sacar un resultado positivo ante Melipilla, al que desafiar\u00e1 este fin de semana como visitante.<\/p>\n<p><span style=\"color: #ff0000;\"><strong>Ficha t\u00e9cnica<\/strong><\/span><br \/>\nFecha 22\u00ba Torneo Loto.<br \/>\nEstadio Municipal de San Felipe.<br \/>\n\u00c1rbitro: Omar Oporto.<br \/>\nUni\u00f3n San Felipe (0): Jonathan Salvador; Francisco Bahamondes, Jes\u00fas Pino, Brayams Viveros, Gonzalo Villegas (Jos\u00e9 Vargas); Francisco Levip\u00e1n, Emmanuel Pio, Brian Cort\u00e9s (Brayan Valdivia), Jimmy Cisterna, Adolfo Lima; Franco Caballero (Gustavo Gotti). DT: Christian Lovrincevich.<br \/>\n\u00d1ublense (0): Sebasti\u00e1n Contreras; Nicolas Vargas, Juan Pablo Andrade, Diego Opazo; Ren\u00e9 Bugue\u00f1o, Luciano Gaete, Jos\u00e9 Garc\u00e9s (Diego Sep\u00falveda), Octavio Pozo, Emmanuel Croce (Jos\u00e9 Gim\u00e9nez); Sebasti\u00e1n Varas, Michael Silva (Roberto Reyes). DT: Germ\u00e1n Cavalleri.<br \/>\nGoles: No hubo.<\/p>\n<figure id=\"attachment_88110\" aria-describedby=\"caption-attachment-88110\" style=\"width: 578px\" class=\"wp-caption alignnone\"><img data-recalc-dims=\"1\" loading=\"lazy\" decoding=\"async\" class=\"size-full wp-image-88110\" src=\"https:\/\/i0.wp.com\/www.eltrabajo.cl\/2017\/wp-content\/uploads\/2018\/09\/uni-%C3%B1ublense.jpg?resize=578%2C385\" alt=\"El equipo albirrojo decepcion\u00f3 a la gran cantidad de p\u00fablico que lleg\u00f3 al Municipal para apoyarlo al duelo de ayer ante \u00d1ublense.\" width=\"578\" height=\"385\" srcset=\"https:\/\/i0.wp.com\/eltrabajo.cl\/portal\/wp-content\/uploads\/2018\/09\/uni-%C3%B1ublense.jpg?w=578&amp;ssl=1 578w, https:\/\/i0.wp.com\/eltrabajo.cl\/portal\/wp-content\/uploads\/2018\/09\/uni-%C3%B1ublense.jpg?resize=200%2C133&amp;ssl=1 200w, https:\/\/i0.wp.com\/eltrabajo.cl\/portal\/wp-content\/uploads\/2018\/09\/uni-%C3%B1ublense.jpg?resize=300%2C200&amp;ssl=1 300w, https:\/\/i0.wp.com\/eltrabajo.cl\/portal\/wp-content\/uploads\/2018\/09\/uni-%C3%B1ublense.jpg?resize=225%2C150&amp;ssl=1 225w, https:\/\/i0.wp.com\/eltrabajo.cl\/portal\/wp-content\/uploads\/2018\/09\/uni-%C3%B1ublense.jpg?resize=400%2C266&amp;ssl=1 400w\" sizes=\"auto, (max-width: 578px) 100vw, 578px\" \/><figcaption id=\"caption-attachment-88110\" class=\"wp-caption-text\">El equipo albirrojo decepcion\u00f3 a la gran cantidad de p\u00fablico que lleg\u00f3 al Municipal para apoyarlo al duelo de ayer ante \u00d1ublense.<\/figcaption><\/figure>\n","protected":false},"excerpt":{"rendered":"<p>M\u00e1s de 2.000 fueron los hinchas que de manera entusiasta acudieron al llamado de la regencia del Un\u00ed Un\u00ed para que adquirieran los boletos a un precio ultra bajo, y de esa&#8230;<\/p>\n","protected":false},"author":1,"featured_media":88110,"comment_status":"closed","ping_status":"open","sticky":false,"template":"","format":"standard","meta":{"advanced_seo_description":"","jetpack_seo_html_title":"","jetpack_seo_noindex":false,"_jetpack_memberships_contains_paid_content":false,"footnotes":""},"categories":[19],"tags":[],"class_list":["post-88109","post","type-post","status-publish","format-standard","has-post-thumbnail","hentry","category-deportes"],"jetpack_featured_media_url":"https:\/\/i0.wp.com\/eltrabajo.cl\/portal\/wp-content\/uploads\/2018\/09\/uni-%C3%B1ublense.jpg?fit=578%2C385&ssl=1","jetpack_sharing_enabled":true,"jetpack_likes_enabled":true,"jetpack-related-posts":[],"_links":{"self":[{"href":"https:\/\/eltrabajo.cl\/portal\/wp-json\/wp\/v2\/posts\/88109","targetHints":{"allow":["GET"]}}],"collection":[{"href":"https:\/\/eltrabajo.cl\/portal\/wp-json\/wp\/v2\/posts"}],"about":[{"href":"https:\/\/eltrabajo.cl\/portal\/wp-json\/wp\/v2\/types\/post"}],"author":[{"embeddable":true,"href":"https:\/\/eltrabajo.cl\/portal\/wp-json\/wp\/v2\/users\/1"}],"replies":[{"embeddable":true,"href":"https:\/\/eltrabajo.cl\/portal\/wp-json\/wp\/v2\/comments?post=88109"}],"version-history":[{"count":0,"href":"https:\/\/eltrabajo.cl\/portal\/wp-json\/wp\/v2\/posts\/88109\/revisions"}],"wp:featuredmedia":[{"embeddable":true,"href":"https:\/\/eltrabajo.cl\/portal\/wp-json\/wp\/v2\/media\/88110"}],"wp:attachment":[{"href":"https:\/\/eltrabajo.cl\/portal\/wp-json\/wp\/v2\/media?parent=88109"}],"wp:term":[{"taxonomy":"category","embeddable":true,"href":"https:\/\/eltrabajo.cl\/portal\/wp-json\/wp\/v2\/categories?post=88109"},{"taxonomy":"post_tag","embeddable":true,"href":"https:\/\/eltrabajo.cl\/portal\/wp-json\/wp\/v2\/tags?post=88109"}],"curies":[{"name":"wp","href":"https:\/\/api.w.org\/{rel}","templated":true}]}}