{"id":88121,"date":"2018-09-04T05:01:34","date_gmt":"2018-09-04T09:01:34","guid":{"rendered":"http:\/\/www.eltrabajo.cl\/2017\/?p=88121"},"modified":"2018-09-04T05:01:34","modified_gmt":"2018-09-04T09:01:34","slug":"rinconada-se-prepara-para-celebrar-en-grande-las-fiestas-patrias-2018","status":"publish","type":"post","link":"https:\/\/eltrabajo.cl\/portal\/rinconada-se-prepara-para-celebrar-en-grande-las-fiestas-patrias-2018\/","title":{"rendered":"Rinconada se prepara para celebrar en grande las Fiestas Patrias 2018"},"content":{"rendered":"<figure id=\"attachment_88122\" aria-describedby=\"caption-attachment-88122\" style=\"width: 580px\" class=\"wp-caption alignnone\"><img data-recalc-dims=\"1\" loading=\"lazy\" decoding=\"async\" class=\"size-full wp-image-88122\" src=\"https:\/\/i0.wp.com\/www.eltrabajo.cl\/2017\/wp-content\/uploads\/2018\/09\/Fonda-2.jpg?resize=580%2C399\" alt=\"En plena construcci\u00f3n los puestos que se est\u00e1n preparando para las fiestas patrias en Rinconada.\" width=\"580\" height=\"399\" srcset=\"https:\/\/i0.wp.com\/eltrabajo.cl\/portal\/wp-content\/uploads\/2018\/09\/Fonda-2.jpg?w=580&amp;ssl=1 580w, https:\/\/i0.wp.com\/eltrabajo.cl\/portal\/wp-content\/uploads\/2018\/09\/Fonda-2.jpg?resize=200%2C138&amp;ssl=1 200w, https:\/\/i0.wp.com\/eltrabajo.cl\/portal\/wp-content\/uploads\/2018\/09\/Fonda-2.jpg?resize=300%2C206&amp;ssl=1 300w, https:\/\/i0.wp.com\/eltrabajo.cl\/portal\/wp-content\/uploads\/2018\/09\/Fonda-2.jpg?resize=218%2C150&amp;ssl=1 218w, https:\/\/i0.wp.com\/eltrabajo.cl\/portal\/wp-content\/uploads\/2018\/09\/Fonda-2.jpg?resize=400%2C275&amp;ssl=1 400w\" sizes=\"auto, (max-width: 580px) 100vw, 580px\" \/><figcaption id=\"caption-attachment-88122\" class=\"wp-caption-text\">En plena construcci\u00f3n los puestos que se est\u00e1n preparando para las fiestas patrias en Rinconada.<\/figcaption><\/figure>\n<ul>\n<li><strong>Grupo La Rosa, Alegria, Rodrigo Tapari, La Cubanacan convertir\u00e1n a Rinconada de Los Andes en el epicentro de las celebraciones de este 18<\/strong><\/li>\n<\/ul>\n<p><span style=\"color: #ff0000;\"><strong>RINCONADA.-<\/strong> <\/span>Comenz\u00f3 septiembre y se lanz\u00f3 el \u2018Mes de la Chilenidad en Rinconada de Los Andes\u2019, ocasi\u00f3n donde se estrenar\u00e1 una nueva casa para celebrar en grande un nuevo aniversario patrio.<br \/>\n\u201cSe trata de la explanada de la piscina municipal, en reemplazo del estadio de la comuna, para brindar una mejor oferta y mayor seguridad para nuestros vecinos, sector que hoy (ayer) estuvimos visitando junto a nuestra Teniente Evelyn Estay\u201d, dijo el alcalde de Rinconada, Pedro Caballer\u00eda.<br \/>\nEn la pr\u00e1ctica ser\u00e1n m\u00e1s de 70 locales, entre ramadas y fondas, las que se inaugurar\u00e1n el pr\u00f3ximo viernes 14. Los comerciantes ya comienzan a prepararse para que quede todo listo para recibir a las m\u00e1s de 8.000 personas que se estima visitar\u00e1n el recinto cada jornada.<br \/>\nLa autoridad llam\u00f3 a la comunidad a participar de las actividades en la comuna, las cuales son gratuitas para celebrar de buena gana estas fiestas de chilenidad.<br \/>\nDentro de los artistas que estar\u00e1n presentes en la celebraci\u00f3n de las fiestas patrias, destaca Rodrigo Tapari el s\u00e1bado 15 de septiembre, el Grupo La Rosa para el Domingo 16, La Cubanacan lunes 17 y el Martes 18 se presenta el Grupo Alegr\u00eda.<br \/>\nMientras que todos los d\u00edas se podr\u00e1 disfrutar de la pachanga de la Sonora Para\u00edso.<br \/>\nLas actividades comenzar\u00e1n desde las 21:00 horas en el sector de la Piscina Municipal.<br \/>\nLa animaci\u00f3n estar\u00e1 a cargo de Mauricio Henr\u00edquez Lucero.<\/p>\n<figure id=\"attachment_88123\" aria-describedby=\"caption-attachment-88123\" style=\"width: 580px\" class=\"wp-caption alignnone\"><img data-recalc-dims=\"1\" loading=\"lazy\" decoding=\"async\" class=\"size-full wp-image-88123\" src=\"https:\/\/i0.wp.com\/www.eltrabajo.cl\/2017\/wp-content\/uploads\/2018\/09\/Fonda.jpg?resize=580%2C400\" alt=\"Ac\u00e1 vemos al alcalde Pedro Caballer\u00eda D\u00edaz junto a Carabineros recorriendo el sector de la explanada.\" width=\"580\" height=\"400\" srcset=\"https:\/\/i0.wp.com\/eltrabajo.cl\/portal\/wp-content\/uploads\/2018\/09\/Fonda.jpg?w=580&amp;ssl=1 580w, https:\/\/i0.wp.com\/eltrabajo.cl\/portal\/wp-content\/uploads\/2018\/09\/Fonda.jpg?resize=200%2C138&amp;ssl=1 200w, https:\/\/i0.wp.com\/eltrabajo.cl\/portal\/wp-content\/uploads\/2018\/09\/Fonda.jpg?resize=300%2C207&amp;ssl=1 300w, https:\/\/i0.wp.com\/eltrabajo.cl\/portal\/wp-content\/uploads\/2018\/09\/Fonda.jpg?resize=218%2C150&amp;ssl=1 218w, https:\/\/i0.wp.com\/eltrabajo.cl\/portal\/wp-content\/uploads\/2018\/09\/Fonda.jpg?resize=400%2C276&amp;ssl=1 400w\" sizes=\"auto, (max-width: 580px) 100vw, 580px\" \/><figcaption id=\"caption-attachment-88123\" class=\"wp-caption-text\">Ac\u00e1 vemos al alcalde Pedro Caballer\u00eda D\u00edaz junto a Carabineros recorriendo el sector de la explanada.<\/figcaption><\/figure>\n","protected":false},"excerpt":{"rendered":"<p>Grupo La Rosa, Alegria, Rodrigo Tapari, La Cubanacan convertir\u00e1n a Rinconada de Los Andes en el epicentro de las celebraciones de este 18 RINCONADA.- Comenz\u00f3 septiembre y se lanz\u00f3 el \u2018Mes de&#8230;<\/p>\n","protected":false},"author":1,"featured_media":88123,"comment_status":"closed","ping_status":"open","sticky":false,"template":"","format":"standard","meta":{"advanced_seo_description":"","jetpack_seo_html_title":"","jetpack_seo_noindex":false,"_jetpack_memberships_contains_paid_content":false,"footnotes":""},"categories":[1],"tags":[],"class_list":["post-88121","post","type-post","status-publish","format-standard","has-post-thumbnail","hentry","category-cronica"],"jetpack_featured_media_url":"https:\/\/i0.wp.com\/eltrabajo.cl\/portal\/wp-content\/uploads\/2018\/09\/Fonda.jpg?fit=580%2C400&ssl=1","jetpack_sharing_enabled":true,"jetpack_likes_enabled":true,"jetpack-related-posts":[],"_links":{"self":[{"href":"https:\/\/eltrabajo.cl\/portal\/wp-json\/wp\/v2\/posts\/88121","targetHints":{"allow":["GET"]}}],"collection":[{"href":"https:\/\/eltrabajo.cl\/portal\/wp-json\/wp\/v2\/posts"}],"about":[{"href":"https:\/\/eltrabajo.cl\/portal\/wp-json\/wp\/v2\/types\/post"}],"author":[{"embeddable":true,"href":"https:\/\/eltrabajo.cl\/portal\/wp-json\/wp\/v2\/users\/1"}],"replies":[{"embeddable":true,"href":"https:\/\/eltrabajo.cl\/portal\/wp-json\/wp\/v2\/comments?post=88121"}],"version-history":[{"count":0,"href":"https:\/\/eltrabajo.cl\/portal\/wp-json\/wp\/v2\/posts\/88121\/revisions"}],"wp:featuredmedia":[{"embeddable":true,"href":"https:\/\/eltrabajo.cl\/portal\/wp-json\/wp\/v2\/media\/88123"}],"wp:attachment":[{"href":"https:\/\/eltrabajo.cl\/portal\/wp-json\/wp\/v2\/media?parent=88121"}],"wp:term":[{"taxonomy":"category","embeddable":true,"href":"https:\/\/eltrabajo.cl\/portal\/wp-json\/wp\/v2\/categories?post=88121"},{"taxonomy":"post_tag","embeddable":true,"href":"https:\/\/eltrabajo.cl\/portal\/wp-json\/wp\/v2\/tags?post=88121"}],"curies":[{"name":"wp","href":"https:\/\/api.w.org\/{rel}","templated":true}]}}