{"id":88125,"date":"2018-09-04T05:02:56","date_gmt":"2018-09-04T09:02:56","guid":{"rendered":"http:\/\/www.eltrabajo.cl\/2017\/?p=88125"},"modified":"2018-09-04T05:02:56","modified_gmt":"2018-09-04T09:02:56","slug":"ayer-se-fue-para-santiago-la-chicha-sanfelipena-para-la-parada-militar","status":"publish","type":"post","link":"https:\/\/eltrabajo.cl\/portal\/ayer-se-fue-para-santiago-la-chicha-sanfelipena-para-la-parada-militar\/","title":{"rendered":"Ayer se fue para Santiago la chicha sanfelipe\u00f1a para la Parada Militar"},"content":{"rendered":"<figure id=\"attachment_88129\" aria-describedby=\"caption-attachment-88129\" style=\"width: 580px\" class=\"wp-caption alignnone\"><img data-recalc-dims=\"1\" loading=\"lazy\" decoding=\"async\" class=\"size-full wp-image-88129\" src=\"https:\/\/i0.wp.com\/www.eltrabajo.cl\/2017\/wp-content\/uploads\/2018\/09\/Entrega1.jpg?resize=580%2C400\" alt=\"POR S\u00c9PTIMA VEZ.- Una vez m\u00e1s la chicha cocida que prepara don Jos\u00e9 Toro, en El Almendral, viaj\u00f3 ayer lunes a Santiago para ser usada en la Parada Militar 2018.\" width=\"580\" height=\"400\" srcset=\"https:\/\/i0.wp.com\/eltrabajo.cl\/portal\/wp-content\/uploads\/2018\/09\/Entrega1.jpg?w=580&amp;ssl=1 580w, https:\/\/i0.wp.com\/eltrabajo.cl\/portal\/wp-content\/uploads\/2018\/09\/Entrega1.jpg?resize=200%2C138&amp;ssl=1 200w, https:\/\/i0.wp.com\/eltrabajo.cl\/portal\/wp-content\/uploads\/2018\/09\/Entrega1.jpg?resize=300%2C207&amp;ssl=1 300w, https:\/\/i0.wp.com\/eltrabajo.cl\/portal\/wp-content\/uploads\/2018\/09\/Entrega1.jpg?resize=218%2C150&amp;ssl=1 218w, https:\/\/i0.wp.com\/eltrabajo.cl\/portal\/wp-content\/uploads\/2018\/09\/Entrega1.jpg?resize=400%2C276&amp;ssl=1 400w\" sizes=\"auto, (max-width: 580px) 100vw, 580px\" \/><figcaption id=\"caption-attachment-88129\" class=\"wp-caption-text\">POR S\u00c9PTIMA VEZ.- Una vez m\u00e1s la chicha cocida que prepara don Jos\u00e9 Toro, en El Almendral, viaj\u00f3 ayer lunes a Santiago para ser usada en la Parada Militar 2018.<\/figcaption><\/figure>\n<p><span style=\"color: #ff0000;\"><strong>Presidente Pi\u00f1era y sus invitados pueden estar tranquilos:<\/strong><\/span><\/p>\n<p>Tal como ya lo hab\u00edamos anunciado la semana pasada, ayer lunes el productor de chicha artesanal, Jos\u00e9 Toro, hizo entrega a los representantes del Club de Huasos Gil Letelier, encargados de ofrecer la chicha en cacho al presidente de Chile en la Para Militar, en Santiago.<br \/>\nA la actividad llegaron las m\u00e1s altas autoridades comunales, provinciales y regionales, entre ellas la Seremi de Cultura, Constance Harvey Bohn; el gobernador Claudio Rodr\u00edguez; el alcalde de San Felipe Patricio Freire, as\u00ed como folcloristas y personeros de Cultura de nuestra comuna.<br \/>\n\u00abEs un orgullo para todos nosotros en la Regi\u00f3n de Valpara\u00edso y sobre todo para los sanfelipe\u00f1os, ya que por s\u00e9ptimo a\u00f1o consecutivo se har\u00e1 el brindis en la Parada Militar con nuestro presidente Sebasti\u00e1n Pi\u00f1era con esta chicha exquisita, producto que tiene una tradici\u00f3n muy arraigada aqu\u00ed en la zona de Aconcagua que tiene tanto patrimonio y tanta identidad\u00bb, coment\u00f3 a Diario El Trabajo la Seremi de Cultura, Constance Harvey.<\/p>\n<p><span style=\"color: #ff0000;\"><strong>TORO EMOCIONADO<\/strong><\/span><br \/>\nDurante la actividad tambi\u00e9n hubo una presentaci\u00f3n de cueca por parte de varios exponentes de nuestro Baile Nacional.<br \/>\n\u00abNunca imagin\u00e9 que alguna vez podr\u00eda yo tener la oportunidad de dirigirme a un p\u00fablico conformado por autoridades como las que hoy llegaron a mi casa, gracias al trabajo y al producto que aqu\u00ed hacemos, tampoco sospech\u00e9 que en todo Chile se llegara a comentar lo que ocurre ahora, que a\u00f1o tras a\u00f1o el presidente de Chile honre mi producto\u00bb, dijo emocionado don Jos\u00e9 Toro, minutos antes de entregar la garrafa simb\u00f3lica de chicha a las autoridades.<br \/>\nPor su parte el alcalde sanfelipe\u00f1o, Patricio Freire, destac\u00f3 la gran calidad del producto de Toro: \u00abMuy contentos al saber que estos deliciosos caldos producidos por don Jos\u00e9 Toro est\u00e9n por s\u00e9ptima ocasi\u00f3n en la Parada Militar el 19 de septiembre, tambi\u00e9n todos los invitados internacionales que llegan a Chile para esa actividad degustan del producto sanfelipe\u00f1o, el mejor del pa\u00eds\u00bb, dijo Freire.<br \/>\n<strong>Roberto Gonz\u00e1lez Short<\/strong><\/p>\n<figure id=\"attachment_88130\" aria-describedby=\"caption-attachment-88130\" style=\"width: 580px\" class=\"wp-caption alignnone\"><img data-recalc-dims=\"1\" loading=\"lazy\" decoding=\"async\" class=\"size-full wp-image-88130\" src=\"https:\/\/i0.wp.com\/www.eltrabajo.cl\/2017\/wp-content\/uploads\/2018\/09\/Entrega3.jpg?resize=580%2C400\" alt=\"TAMBI\u00c9N CUECA.- Los ni\u00f1os tambi\u00e9n presentaron su ofrenda folcl\u00f3rica durante el acto oficial.\" width=\"580\" height=\"400\" srcset=\"https:\/\/i0.wp.com\/eltrabajo.cl\/portal\/wp-content\/uploads\/2018\/09\/Entrega3.jpg?w=580&amp;ssl=1 580w, https:\/\/i0.wp.com\/eltrabajo.cl\/portal\/wp-content\/uploads\/2018\/09\/Entrega3.jpg?resize=200%2C138&amp;ssl=1 200w, https:\/\/i0.wp.com\/eltrabajo.cl\/portal\/wp-content\/uploads\/2018\/09\/Entrega3.jpg?resize=300%2C207&amp;ssl=1 300w, https:\/\/i0.wp.com\/eltrabajo.cl\/portal\/wp-content\/uploads\/2018\/09\/Entrega3.jpg?resize=218%2C150&amp;ssl=1 218w, https:\/\/i0.wp.com\/eltrabajo.cl\/portal\/wp-content\/uploads\/2018\/09\/Entrega3.jpg?resize=400%2C276&amp;ssl=1 400w\" sizes=\"auto, (max-width: 580px) 100vw, 580px\" \/><figcaption id=\"caption-attachment-88130\" class=\"wp-caption-text\">TAMBI\u00c9N CUECA.- Los ni\u00f1os tambi\u00e9n presentaron su ofrenda folcl\u00f3rica durante el acto oficial.<\/figcaption><\/figure>\n<figure id=\"attachment_88128\" aria-describedby=\"caption-attachment-88128\" style=\"width: 580px\" class=\"wp-caption alignnone\"><img data-recalc-dims=\"1\" loading=\"lazy\" decoding=\"async\" class=\"size-full wp-image-88128\" src=\"https:\/\/i0.wp.com\/www.eltrabajo.cl\/2017\/wp-content\/uploads\/2018\/09\/Entrega_Patricio-Freire.jpg?resize=580%2C495\" alt=\"Patricio Freire, alcalde sanfelipe\u00f1o.\" width=\"580\" height=\"495\" srcset=\"https:\/\/i0.wp.com\/eltrabajo.cl\/portal\/wp-content\/uploads\/2018\/09\/Entrega_Patricio-Freire.jpg?w=580&amp;ssl=1 580w, https:\/\/i0.wp.com\/eltrabajo.cl\/portal\/wp-content\/uploads\/2018\/09\/Entrega_Patricio-Freire.jpg?resize=176%2C150&amp;ssl=1 176w, https:\/\/i0.wp.com\/eltrabajo.cl\/portal\/wp-content\/uploads\/2018\/09\/Entrega_Patricio-Freire.jpg?resize=300%2C256&amp;ssl=1 300w, https:\/\/i0.wp.com\/eltrabajo.cl\/portal\/wp-content\/uploads\/2018\/09\/Entrega_Patricio-Freire.jpg?resize=400%2C341&amp;ssl=1 400w\" sizes=\"auto, (max-width: 580px) 100vw, 580px\" \/><figcaption id=\"caption-attachment-88128\" class=\"wp-caption-text\">Patricio Freire, alcalde sanfelipe\u00f1o.<\/figcaption><\/figure>\n<figure id=\"attachment_88126\" aria-describedby=\"caption-attachment-88126\" style=\"width: 580px\" class=\"wp-caption alignnone\"><img data-recalc-dims=\"1\" loading=\"lazy\" decoding=\"async\" class=\"size-full wp-image-88126\" src=\"https:\/\/i0.wp.com\/www.eltrabajo.cl\/2017\/wp-content\/uploads\/2018\/09\/Entrega_Constance-Harvey.jpg?resize=580%2C536\" alt=\"Seremi de Cultura, Constance Harvey.\" width=\"580\" height=\"536\" srcset=\"https:\/\/i0.wp.com\/eltrabajo.cl\/portal\/wp-content\/uploads\/2018\/09\/Entrega_Constance-Harvey.jpg?w=580&amp;ssl=1 580w, https:\/\/i0.wp.com\/eltrabajo.cl\/portal\/wp-content\/uploads\/2018\/09\/Entrega_Constance-Harvey.jpg?resize=162%2C150&amp;ssl=1 162w, https:\/\/i0.wp.com\/eltrabajo.cl\/portal\/wp-content\/uploads\/2018\/09\/Entrega_Constance-Harvey.jpg?resize=300%2C277&amp;ssl=1 300w, https:\/\/i0.wp.com\/eltrabajo.cl\/portal\/wp-content\/uploads\/2018\/09\/Entrega_Constance-Harvey.jpg?resize=400%2C370&amp;ssl=1 400w\" sizes=\"auto, (max-width: 580px) 100vw, 580px\" \/><figcaption id=\"caption-attachment-88126\" class=\"wp-caption-text\">Seremi de Cultura, Constance Harvey.<\/figcaption><\/figure>\n<figure id=\"attachment_88127\" aria-describedby=\"caption-attachment-88127\" style=\"width: 580px\" class=\"wp-caption alignnone\"><img data-recalc-dims=\"1\" loading=\"lazy\" decoding=\"async\" class=\"size-full wp-image-88127\" src=\"https:\/\/i0.wp.com\/www.eltrabajo.cl\/2017\/wp-content\/uploads\/2018\/09\/Entrega_Jose-Toro.jpg?resize=580%2C511\" alt=\"Jos\u00e9 Toro Parras, productor de chicha artesanal.\" width=\"580\" height=\"511\" srcset=\"https:\/\/i0.wp.com\/eltrabajo.cl\/portal\/wp-content\/uploads\/2018\/09\/Entrega_Jose-Toro.jpg?w=580&amp;ssl=1 580w, https:\/\/i0.wp.com\/eltrabajo.cl\/portal\/wp-content\/uploads\/2018\/09\/Entrega_Jose-Toro.jpg?resize=170%2C150&amp;ssl=1 170w, https:\/\/i0.wp.com\/eltrabajo.cl\/portal\/wp-content\/uploads\/2018\/09\/Entrega_Jose-Toro.jpg?resize=300%2C264&amp;ssl=1 300w, https:\/\/i0.wp.com\/eltrabajo.cl\/portal\/wp-content\/uploads\/2018\/09\/Entrega_Jose-Toro.jpg?resize=400%2C352&amp;ssl=1 400w\" sizes=\"auto, (max-width: 580px) 100vw, 580px\" \/><figcaption id=\"caption-attachment-88127\" class=\"wp-caption-text\">Jos\u00e9 Toro Parras, productor de chicha artesanal.<\/figcaption><\/figure>\n","protected":false},"excerpt":{"rendered":"<p>Presidente Pi\u00f1era y sus invitados pueden estar tranquilos: Tal como ya lo hab\u00edamos anunciado la semana pasada, ayer lunes el productor de chicha artesanal, Jos\u00e9 Toro, hizo entrega a los representantes del&#8230;<\/p>\n","protected":false},"author":1,"featured_media":88129,"comment_status":"closed","ping_status":"open","sticky":false,"template":"","format":"standard","meta":{"advanced_seo_description":"","jetpack_seo_html_title":"","jetpack_seo_noindex":false,"_jetpack_memberships_contains_paid_content":false,"footnotes":""},"categories":[15],"tags":[],"class_list":["post-88125","post","type-post","status-publish","format-standard","has-post-thumbnail","hentry","category-comunidad"],"jetpack_featured_media_url":"https:\/\/i0.wp.com\/eltrabajo.cl\/portal\/wp-content\/uploads\/2018\/09\/Entrega1.jpg?fit=580%2C400&ssl=1","jetpack_sharing_enabled":true,"jetpack_likes_enabled":true,"jetpack-related-posts":[],"_links":{"self":[{"href":"https:\/\/eltrabajo.cl\/portal\/wp-json\/wp\/v2\/posts\/88125","targetHints":{"allow":["GET"]}}],"collection":[{"href":"https:\/\/eltrabajo.cl\/portal\/wp-json\/wp\/v2\/posts"}],"about":[{"href":"https:\/\/eltrabajo.cl\/portal\/wp-json\/wp\/v2\/types\/post"}],"author":[{"embeddable":true,"href":"https:\/\/eltrabajo.cl\/portal\/wp-json\/wp\/v2\/users\/1"}],"replies":[{"embeddable":true,"href":"https:\/\/eltrabajo.cl\/portal\/wp-json\/wp\/v2\/comments?post=88125"}],"version-history":[{"count":0,"href":"https:\/\/eltrabajo.cl\/portal\/wp-json\/wp\/v2\/posts\/88125\/revisions"}],"wp:featuredmedia":[{"embeddable":true,"href":"https:\/\/eltrabajo.cl\/portal\/wp-json\/wp\/v2\/media\/88129"}],"wp:attachment":[{"href":"https:\/\/eltrabajo.cl\/portal\/wp-json\/wp\/v2\/media?parent=88125"}],"wp:term":[{"taxonomy":"category","embeddable":true,"href":"https:\/\/eltrabajo.cl\/portal\/wp-json\/wp\/v2\/categories?post=88125"},{"taxonomy":"post_tag","embeddable":true,"href":"https:\/\/eltrabajo.cl\/portal\/wp-json\/wp\/v2\/tags?post=88125"}],"curies":[{"name":"wp","href":"https:\/\/api.w.org\/{rel}","templated":true}]}}