{"id":88132,"date":"2018-09-04T05:04:54","date_gmt":"2018-09-04T09:04:54","guid":{"rendered":"http:\/\/www.eltrabajo.cl\/2017\/?p=88132"},"modified":"2018-09-04T05:04:54","modified_gmt":"2018-09-04T09:04:54","slug":"manana-de-furia-con-san-felipe-colapsado-por-cierre-puente-tres-esquinas","status":"publish","type":"post","link":"https:\/\/eltrabajo.cl\/portal\/manana-de-furia-con-san-felipe-colapsado-por-cierre-puente-tres-esquinas\/","title":{"rendered":"Ma\u00f1ana de furia con San Felipe colapsado por cierre Puente Tres Esquinas"},"content":{"rendered":"<figure id=\"attachment_88134\" aria-describedby=\"caption-attachment-88134\" style=\"width: 580px\" class=\"wp-caption alignnone\"><img data-recalc-dims=\"1\" loading=\"lazy\" decoding=\"async\" class=\"size-full wp-image-88134\" src=\"https:\/\/i0.wp.com\/www.eltrabajo.cl\/2017\/wp-content\/uploads\/2018\/09\/Puente-el-rey.jpg?resize=580%2C399\" alt=\"Gran congesti\u00f3n vehicular se apreciaba en la avenida Manso de Velasco ayer en la ma\u00f1ana (cedida).\" width=\"580\" height=\"399\" srcset=\"https:\/\/i0.wp.com\/eltrabajo.cl\/portal\/wp-content\/uploads\/2018\/09\/Puente-el-rey.jpg?w=580&amp;ssl=1 580w, https:\/\/i0.wp.com\/eltrabajo.cl\/portal\/wp-content\/uploads\/2018\/09\/Puente-el-rey.jpg?resize=200%2C138&amp;ssl=1 200w, https:\/\/i0.wp.com\/eltrabajo.cl\/portal\/wp-content\/uploads\/2018\/09\/Puente-el-rey.jpg?resize=300%2C206&amp;ssl=1 300w, https:\/\/i0.wp.com\/eltrabajo.cl\/portal\/wp-content\/uploads\/2018\/09\/Puente-el-rey.jpg?resize=218%2C150&amp;ssl=1 218w, https:\/\/i0.wp.com\/eltrabajo.cl\/portal\/wp-content\/uploads\/2018\/09\/Puente-el-rey.jpg?resize=400%2C275&amp;ssl=1 400w\" sizes=\"auto, (max-width: 580px) 100vw, 580px\" \/><figcaption id=\"caption-attachment-88134\" class=\"wp-caption-text\">Gran congesti\u00f3n vehicular se apreciaba en la avenida Manso de Velasco ayer en la ma\u00f1ana (cedida).<\/figcaption><\/figure>\n<p>Totalmente colapsado amaneci\u00f3 San Felipe la ma\u00f1ana de ayer lunes por el cierre del Puente Tres Esquinas el viernes en la tarde, debido a trabajos que realizar\u00e1 la concesionaria de la Autopista y que se extender\u00e1n hasta el 31 de octubre.<br \/>\nConductores afectados representaron sus quejas a trav\u00e9s de redes sociales y medios radiales c\u00f3mo Radio Aconcagua, donde daban a conocer sus quejas de los tacos kilom\u00e9tricos.<br \/>\n\u201cEl taco que comienza all\u00e1 en el puente llega por Avenida Maip\u00fa hasta la Esquina Colorada, por lo menos llevo aqu\u00ed diez minutos, en cada cambio de sem\u00e1foro los autos no se mueven nada\u201d, dec\u00eda un conductor.<br \/>\nOtro automovilista pidi\u00f3: \u201cPor favor que los veh\u00edculos no se estacionen por avenida Maip\u00fa porque no dejan transitar a los que van por las dos pistas\u201d, se\u00f1al\u00f3.<br \/>\n\u201cVoy por la avenida O\u2019Higgins, llevo 25 minutos y estoy en O\u00b4Higgins con Salinas camino al Puente El Rey\u201d, manifestaba otro conductor ofuscado.<br \/>\n\u201cDiez minutos en avenida Michimalongo sin poder salir hacia Avenida Yungay, estamos aqu\u00ed atrapados, nadie avanza, por favor, no hay Carabineros, no hay nada\u2026 por favooor\u201d, dijo una conductora.<br \/>\n\u201cEsta la \u2018embarr\u00e1\u2019 en Tocornal con Yungay porque qued\u00f3 en panne un bus en la vuelta hacia arriba\u201d (avenida O\u00b4Higgins), reclamaba otro conductor.<br \/>\n\u201cVoy por Avenida O\u00b4Higgins y llevo 25 minutos en el taco tratando de salir hacia el puente El Rey, esto no puede ser, debieran agilizar el tr\u00e1nsito en O\u00b4Higgins con Maip\u00fa\u201d, dec\u00eda una conductora que iba a dejar a su hijo al colegio.<br \/>\nA decir de los conductores, los puntos m\u00e1s cr\u00edticos fueron Avenida Yungay con O\u2019Higgins, O\u00b4Higgins con Maip\u00fa, Las Heras con Manso de Velasco, y la misma entrada del Puente El Rey, entre otros.<\/p>\n<figure id=\"attachment_88133\" aria-describedby=\"caption-attachment-88133\" style=\"width: 580px\" class=\"wp-caption alignnone\"><img data-recalc-dims=\"1\" loading=\"lazy\" decoding=\"async\" class=\"size-full wp-image-88133\" src=\"https:\/\/i0.wp.com\/www.eltrabajo.cl\/2017\/wp-content\/uploads\/2018\/09\/puente-Colapso.jpg?resize=580%2C399\" alt=\"As\u00ed estaba el Puente El Rey ayer en la ma\u00f1ana (cedida).\" width=\"580\" height=\"399\" srcset=\"https:\/\/i0.wp.com\/eltrabajo.cl\/portal\/wp-content\/uploads\/2018\/09\/puente-Colapso.jpg?w=580&amp;ssl=1 580w, https:\/\/i0.wp.com\/eltrabajo.cl\/portal\/wp-content\/uploads\/2018\/09\/puente-Colapso.jpg?resize=200%2C138&amp;ssl=1 200w, https:\/\/i0.wp.com\/eltrabajo.cl\/portal\/wp-content\/uploads\/2018\/09\/puente-Colapso.jpg?resize=300%2C206&amp;ssl=1 300w, https:\/\/i0.wp.com\/eltrabajo.cl\/portal\/wp-content\/uploads\/2018\/09\/puente-Colapso.jpg?resize=218%2C150&amp;ssl=1 218w, https:\/\/i0.wp.com\/eltrabajo.cl\/portal\/wp-content\/uploads\/2018\/09\/puente-Colapso.jpg?resize=400%2C275&amp;ssl=1 400w\" sizes=\"auto, (max-width: 580px) 100vw, 580px\" \/><figcaption id=\"caption-attachment-88133\" class=\"wp-caption-text\">As\u00ed estaba el Puente El Rey ayer en la ma\u00f1ana (cedida).<\/figcaption><\/figure>\n<figure id=\"attachment_88135\" aria-describedby=\"caption-attachment-88135\" style=\"width: 580px\" class=\"wp-caption alignnone\"><img data-recalc-dims=\"1\" loading=\"lazy\" decoding=\"async\" class=\"size-full wp-image-88135\" src=\"https:\/\/i0.wp.com\/www.eltrabajo.cl\/2017\/wp-content\/uploads\/2018\/09\/puente-OHiggins-Maip%C3%BA.jpg?resize=580%2C398\" alt=\"Gran cantidad de veh\u00edculos por avenida O\u00b4Higgins generando un gran taco para alcanzar la Avenida Maip\u00fa.\" width=\"580\" height=\"398\" srcset=\"https:\/\/i0.wp.com\/eltrabajo.cl\/portal\/wp-content\/uploads\/2018\/09\/puente-OHiggins-Maip%C3%BA.jpg?w=580&amp;ssl=1 580w, https:\/\/i0.wp.com\/eltrabajo.cl\/portal\/wp-content\/uploads\/2018\/09\/puente-OHiggins-Maip%C3%BA.jpg?resize=200%2C137&amp;ssl=1 200w, https:\/\/i0.wp.com\/eltrabajo.cl\/portal\/wp-content\/uploads\/2018\/09\/puente-OHiggins-Maip%C3%BA.jpg?resize=300%2C206&amp;ssl=1 300w, https:\/\/i0.wp.com\/eltrabajo.cl\/portal\/wp-content\/uploads\/2018\/09\/puente-OHiggins-Maip%C3%BA.jpg?resize=219%2C150&amp;ssl=1 219w, https:\/\/i0.wp.com\/eltrabajo.cl\/portal\/wp-content\/uploads\/2018\/09\/puente-OHiggins-Maip%C3%BA.jpg?resize=400%2C274&amp;ssl=1 400w\" sizes=\"auto, (max-width: 580px) 100vw, 580px\" \/><figcaption id=\"caption-attachment-88135\" class=\"wp-caption-text\">Gran cantidad de veh\u00edculos por avenida O\u00b4Higgins generando un gran taco para alcanzar la Avenida Maip\u00fa.<\/figcaption><\/figure>\n<figure id=\"attachment_88136\" aria-describedby=\"caption-attachment-88136\" style=\"width: 580px\" class=\"wp-caption alignnone\"><img data-recalc-dims=\"1\" loading=\"lazy\" decoding=\"async\" class=\"size-full wp-image-88136\" src=\"https:\/\/i0.wp.com\/www.eltrabajo.cl\/2017\/wp-content\/uploads\/2018\/09\/puente-OHiggins.jpg?resize=580%2C399\" alt=\"Gran cantidad de veh\u00edculos bajando por la Avenida O\u00b4Higgins, con veh\u00edculos estacionados que dificultaron el dif\u00edcil tr\u00e1nsito.\" width=\"580\" height=\"399\" srcset=\"https:\/\/i0.wp.com\/eltrabajo.cl\/portal\/wp-content\/uploads\/2018\/09\/puente-OHiggins.jpg?w=580&amp;ssl=1 580w, https:\/\/i0.wp.com\/eltrabajo.cl\/portal\/wp-content\/uploads\/2018\/09\/puente-OHiggins.jpg?resize=200%2C138&amp;ssl=1 200w, https:\/\/i0.wp.com\/eltrabajo.cl\/portal\/wp-content\/uploads\/2018\/09\/puente-OHiggins.jpg?resize=300%2C206&amp;ssl=1 300w, https:\/\/i0.wp.com\/eltrabajo.cl\/portal\/wp-content\/uploads\/2018\/09\/puente-OHiggins.jpg?resize=218%2C150&amp;ssl=1 218w, https:\/\/i0.wp.com\/eltrabajo.cl\/portal\/wp-content\/uploads\/2018\/09\/puente-OHiggins.jpg?resize=400%2C275&amp;ssl=1 400w\" sizes=\"auto, (max-width: 580px) 100vw, 580px\" \/><figcaption id=\"caption-attachment-88136\" class=\"wp-caption-text\">Gran cantidad de veh\u00edculos bajando por la Avenida O\u00b4Higgins, con veh\u00edculos estacionados que dificultaron el dif\u00edcil tr\u00e1nsito.<\/figcaption><\/figure>\n<figure id=\"attachment_88137\" aria-describedby=\"caption-attachment-88137\" style=\"width: 580px\" class=\"wp-caption alignnone\"><img data-recalc-dims=\"1\" loading=\"lazy\" decoding=\"async\" class=\"size-full wp-image-88137\" src=\"https:\/\/i0.wp.com\/www.eltrabajo.cl\/2017\/wp-content\/uploads\/2018\/09\/Puente.jpg?resize=580%2C400\" alt=\"Para muchos una sorpresa el Puente cerrado ayer en la ma\u00f1ana. Esto ser\u00e1 hasta el 31 de octubre  (cedida).\" width=\"580\" height=\"400\" srcset=\"https:\/\/i0.wp.com\/eltrabajo.cl\/portal\/wp-content\/uploads\/2018\/09\/Puente.jpg?w=580&amp;ssl=1 580w, https:\/\/i0.wp.com\/eltrabajo.cl\/portal\/wp-content\/uploads\/2018\/09\/Puente.jpg?resize=200%2C138&amp;ssl=1 200w, https:\/\/i0.wp.com\/eltrabajo.cl\/portal\/wp-content\/uploads\/2018\/09\/Puente.jpg?resize=300%2C207&amp;ssl=1 300w, https:\/\/i0.wp.com\/eltrabajo.cl\/portal\/wp-content\/uploads\/2018\/09\/Puente.jpg?resize=218%2C150&amp;ssl=1 218w, https:\/\/i0.wp.com\/eltrabajo.cl\/portal\/wp-content\/uploads\/2018\/09\/Puente.jpg?resize=400%2C276&amp;ssl=1 400w\" sizes=\"auto, (max-width: 580px) 100vw, 580px\" \/><figcaption id=\"caption-attachment-88137\" class=\"wp-caption-text\">Para muchos una sorpresa el Puente cerrado ayer en la ma\u00f1ana. Esto ser\u00e1 hasta el 31 de octubre (cedida).<\/figcaption><\/figure>\n","protected":false},"excerpt":{"rendered":"<p>Totalmente colapsado amaneci\u00f3 San Felipe la ma\u00f1ana de ayer lunes por el cierre del Puente Tres Esquinas el viernes en la tarde, debido a trabajos que realizar\u00e1 la concesionaria de la Autopista&#8230;<\/p>\n","protected":false},"author":1,"featured_media":88133,"comment_status":"closed","ping_status":"open","sticky":false,"template":"","format":"standard","meta":{"advanced_seo_description":"","jetpack_seo_html_title":"","jetpack_seo_noindex":false,"_jetpack_memberships_contains_paid_content":false,"footnotes":""},"categories":[1],"tags":[],"class_list":["post-88132","post","type-post","status-publish","format-standard","has-post-thumbnail","hentry","category-cronica"],"jetpack_featured_media_url":"https:\/\/i0.wp.com\/eltrabajo.cl\/portal\/wp-content\/uploads\/2018\/09\/puente-Colapso.jpg?fit=580%2C399&ssl=1","jetpack_sharing_enabled":true,"jetpack_likes_enabled":true,"jetpack-related-posts":[],"_links":{"self":[{"href":"https:\/\/eltrabajo.cl\/portal\/wp-json\/wp\/v2\/posts\/88132","targetHints":{"allow":["GET"]}}],"collection":[{"href":"https:\/\/eltrabajo.cl\/portal\/wp-json\/wp\/v2\/posts"}],"about":[{"href":"https:\/\/eltrabajo.cl\/portal\/wp-json\/wp\/v2\/types\/post"}],"author":[{"embeddable":true,"href":"https:\/\/eltrabajo.cl\/portal\/wp-json\/wp\/v2\/users\/1"}],"replies":[{"embeddable":true,"href":"https:\/\/eltrabajo.cl\/portal\/wp-json\/wp\/v2\/comments?post=88132"}],"version-history":[{"count":0,"href":"https:\/\/eltrabajo.cl\/portal\/wp-json\/wp\/v2\/posts\/88132\/revisions"}],"wp:featuredmedia":[{"embeddable":true,"href":"https:\/\/eltrabajo.cl\/portal\/wp-json\/wp\/v2\/media\/88133"}],"wp:attachment":[{"href":"https:\/\/eltrabajo.cl\/portal\/wp-json\/wp\/v2\/media?parent=88132"}],"wp:term":[{"taxonomy":"category","embeddable":true,"href":"https:\/\/eltrabajo.cl\/portal\/wp-json\/wp\/v2\/categories?post=88132"},{"taxonomy":"post_tag","embeddable":true,"href":"https:\/\/eltrabajo.cl\/portal\/wp-json\/wp\/v2\/tags?post=88132"}],"curies":[{"name":"wp","href":"https:\/\/api.w.org\/{rel}","templated":true}]}}