{"id":88139,"date":"2018-09-04T05:03:27","date_gmt":"2018-09-04T09:03:27","guid":{"rendered":"http:\/\/www.eltrabajo.cl\/2017\/?p=88139"},"modified":"2018-09-04T05:03:27","modified_gmt":"2018-09-04T09:03:27","slug":"municipio-suspendera-provisoriamente-estacionamiento-en-maipu-y-ohiggins","status":"publish","type":"post","link":"https:\/\/eltrabajo.cl\/portal\/municipio-suspendera-provisoriamente-estacionamiento-en-maipu-y-ohiggins\/","title":{"rendered":"Municipio suspender\u00e1 provisoriamente estacionamiento en Maip\u00fa y O\u2019Higgins"},"content":{"rendered":"<figure id=\"attachment_88140\" aria-describedby=\"caption-attachment-88140\" style=\"width: 580px\" class=\"wp-caption alignnone\"><img data-recalc-dims=\"1\" loading=\"lazy\" decoding=\"async\" class=\"size-full wp-image-88140\" src=\"https:\/\/i0.wp.com\/www.eltrabajo.cl\/2017\/wp-content\/uploads\/2018\/09\/mitigacion-cierre-puente.jpg?resize=580%2C400\" alt=\"La ma\u00f1ana de ayer se efectu\u00f3 una urgente reuni\u00f3n para buscar soluciones a los numerosos problemas causados por el intempestivo cierre del puente Tres Esquinas.\" width=\"580\" height=\"400\" srcset=\"https:\/\/i0.wp.com\/eltrabajo.cl\/portal\/wp-content\/uploads\/2018\/09\/mitigacion-cierre-puente.jpg?w=580&amp;ssl=1 580w, https:\/\/i0.wp.com\/eltrabajo.cl\/portal\/wp-content\/uploads\/2018\/09\/mitigacion-cierre-puente.jpg?resize=200%2C138&amp;ssl=1 200w, https:\/\/i0.wp.com\/eltrabajo.cl\/portal\/wp-content\/uploads\/2018\/09\/mitigacion-cierre-puente.jpg?resize=300%2C207&amp;ssl=1 300w, https:\/\/i0.wp.com\/eltrabajo.cl\/portal\/wp-content\/uploads\/2018\/09\/mitigacion-cierre-puente.jpg?resize=218%2C150&amp;ssl=1 218w, https:\/\/i0.wp.com\/eltrabajo.cl\/portal\/wp-content\/uploads\/2018\/09\/mitigacion-cierre-puente.jpg?resize=400%2C276&amp;ssl=1 400w\" sizes=\"auto, (max-width: 580px) 100vw, 580px\" \/><figcaption id=\"caption-attachment-88140\" class=\"wp-caption-text\">La ma\u00f1ana de ayer se efectu\u00f3 una urgente reuni\u00f3n para buscar soluciones a los numerosos problemas causados por el intempestivo cierre del puente Tres Esquinas.<\/figcaption><\/figure>\n<p><span style=\"color: #ff0000;\"><strong>Colapso por cierre de puente Tres Esquinas:<\/strong><\/span><\/p>\n<ul>\n<li><strong>Medida forma parte de las alternativas de mitigaci\u00f3n que se acordaron con la Gobernaci\u00f3n y Carabineros para disminuir congesti\u00f3n vehicular originado por estos trabajos.<\/strong><\/li>\n<\/ul>\n<p>Distintas alternativas de mitigaci\u00f3n se abordaron durante la reuni\u00f3n en la que participaron el alcalde de San Felipe, Patricio Freire; el gobernador Claudio Rodr\u00edguez, y el jefe de la Segunda Comisar\u00eda de Carabineros, mayor H\u00e9ctor Soto; destinadas a enfrentar la congesti\u00f3n vehicular originada por el cierre del puente Tres Esquinas.<br \/>\nComo es de conocimiento p\u00fablico, la suspensi\u00f3n del tr\u00e1nsito por este viaducto, que se extender\u00e1 hasta el 31 de octubre de este a\u00f1o, es producto de la necesidad de reparar las cepas (fundaciones) 2 y 3, afectadas por la extracci\u00f3n de \u00e1ridos en el sector.<br \/>\nEn la reuni\u00f3n, el alcalde Freire plante\u00f3 su preocupaci\u00f3n por la falta de informaci\u00f3n; aspecto sobre el cual coincidi\u00f3 el gobernador Rodr\u00edguez. Esto qued\u00f3 de manifiesto en la falta de se\u00f1alizaci\u00f3n que advirtiera que el viaducto estaba cerrado y a una nula campa\u00f1a de informaci\u00f3n hacia la comunidad por parte de la Sociedad Concesionaria Autopista Los Andes.<br \/>\n\u00abLos arreglos nos toman por sorpresa, la concesionaria de un d\u00eda para otro cierra, lo que nos lleva a buscar las medidas de mitigaci\u00f3n para resolver este tema\u00bb, sostuvo el alcalde Patricio Freire.<br \/>\nCarabineros, por su parte, plante\u00f3 la necesidad que los sem\u00e1foros tengan una mayor duraci\u00f3n para facilitar la circulaci\u00f3n de los veh\u00edculos y suspender, de forma provisoria, los estacionamientos en las avenidas O\u2019Higgins y Maip\u00fa.<br \/>\nEsta \u00faltima petici\u00f3n fue acogida por el Departamento de Tr\u00e1nsito de la Municipalidad de San Felipe, comprometi\u00e9ndose a gestionar una propuesta que permita contar con dos calzadas, en ambos sentidos, en las avenidas O\u2019Higgins, desde y hasta calle Salinas; y Maip\u00fa, desde y hasta la intersecci\u00f3n de calle Prat.<br \/>\nTambi\u00e9n se solicitar\u00e1 a los sostenedores de los colegios Alem\u00e1n, Curim\u00f3n y Portaliano, la posibilidad de gestionar un horario diferido de ingreso para los alumnos, de tal manera de disminuir en parte la congesti\u00f3n.<br \/>\nOtra tarea comprometida por el municipio ser\u00eda adelantar la habilitaci\u00f3n de la calle Tacna, una soluci\u00f3n a mediano plazo, considerando que falta instalar la se\u00f1al\u00e9tica y construir los resaltos correspondientes para que pueda ser entregada al uso.<br \/>\nEl alcalde Patricio Freire llam\u00f3 a los vecinos a tener la comprensi\u00f3n necesaria a causa del cierre de este puente: \u00abEstos trabajos van a durar dos meses, hoy tenemos que generar alternativas para mitigar todo esto y en eso estamos trabajando\u00bb.<\/p>\n","protected":false},"excerpt":{"rendered":"<p>Colapso por cierre de puente Tres Esquinas: Medida forma parte de las alternativas de mitigaci\u00f3n que se acordaron con la Gobernaci\u00f3n y Carabineros para disminuir congesti\u00f3n vehicular originado por estos trabajos. Distintas&#8230;<\/p>\n","protected":false},"author":1,"featured_media":88140,"comment_status":"closed","ping_status":"open","sticky":false,"template":"","format":"standard","meta":{"advanced_seo_description":"","jetpack_seo_html_title":"","jetpack_seo_noindex":false,"_jetpack_memberships_contains_paid_content":false,"footnotes":""},"categories":[1],"tags":[],"class_list":["post-88139","post","type-post","status-publish","format-standard","has-post-thumbnail","hentry","category-cronica"],"jetpack_featured_media_url":"https:\/\/i0.wp.com\/eltrabajo.cl\/portal\/wp-content\/uploads\/2018\/09\/mitigacion-cierre-puente.jpg?fit=580%2C400&ssl=1","jetpack_sharing_enabled":true,"jetpack_likes_enabled":true,"jetpack-related-posts":[],"_links":{"self":[{"href":"https:\/\/eltrabajo.cl\/portal\/wp-json\/wp\/v2\/posts\/88139","targetHints":{"allow":["GET"]}}],"collection":[{"href":"https:\/\/eltrabajo.cl\/portal\/wp-json\/wp\/v2\/posts"}],"about":[{"href":"https:\/\/eltrabajo.cl\/portal\/wp-json\/wp\/v2\/types\/post"}],"author":[{"embeddable":true,"href":"https:\/\/eltrabajo.cl\/portal\/wp-json\/wp\/v2\/users\/1"}],"replies":[{"embeddable":true,"href":"https:\/\/eltrabajo.cl\/portal\/wp-json\/wp\/v2\/comments?post=88139"}],"version-history":[{"count":0,"href":"https:\/\/eltrabajo.cl\/portal\/wp-json\/wp\/v2\/posts\/88139\/revisions"}],"wp:featuredmedia":[{"embeddable":true,"href":"https:\/\/eltrabajo.cl\/portal\/wp-json\/wp\/v2\/media\/88140"}],"wp:attachment":[{"href":"https:\/\/eltrabajo.cl\/portal\/wp-json\/wp\/v2\/media?parent=88139"}],"wp:term":[{"taxonomy":"category","embeddable":true,"href":"https:\/\/eltrabajo.cl\/portal\/wp-json\/wp\/v2\/categories?post=88139"},{"taxonomy":"post_tag","embeddable":true,"href":"https:\/\/eltrabajo.cl\/portal\/wp-json\/wp\/v2\/tags?post=88139"}],"curies":[{"name":"wp","href":"https:\/\/api.w.org\/{rel}","templated":true}]}}