{"id":88142,"date":"2018-09-05T05:03:55","date_gmt":"2018-09-05T09:03:55","guid":{"rendered":"http:\/\/www.eltrabajo.cl\/2017\/?p=88142"},"modified":"2018-09-05T05:03:55","modified_gmt":"2018-09-05T09:03:55","slug":"conductores-molestos-por-rotura-de-calle-en-av-maipu-con-prat-y-merced","status":"publish","type":"post","link":"https:\/\/eltrabajo.cl\/portal\/conductores-molestos-por-rotura-de-calle-en-av-maipu-con-prat-y-merced\/","title":{"rendered":"Conductores molestos por rotura de calle en Av. Maip\u00fa con Prat y Merced"},"content":{"rendered":"<figure id=\"attachment_88145\" aria-describedby=\"caption-attachment-88145\" style=\"width: 580px\" class=\"wp-caption alignnone\"><img data-recalc-dims=\"1\" loading=\"lazy\" decoding=\"async\" class=\"size-full wp-image-88145\" src=\"https:\/\/i0.wp.com\/www.eltrabajo.cl\/2017\/wp-content\/uploads\/2018\/09\/Calzada-4.jpg?resize=580%2C399\" alt=\"En Chorrillos con Maip\u00fa el estado de la calzada es tan malo que en las ma\u00f1anas se generan tacos interminables, debiendo sumar un sem\u00e1foro tan corto que pr\u00e1cticamente alcanza a pasar uno o dos veh\u00edculos, no m\u00e1s, en cada ciclo en verde para los que salen de Chorrillos.\" width=\"580\" height=\"399\" srcset=\"https:\/\/i0.wp.com\/eltrabajo.cl\/portal\/wp-content\/uploads\/2018\/09\/Calzada-4.jpg?w=580&amp;ssl=1 580w, https:\/\/i0.wp.com\/eltrabajo.cl\/portal\/wp-content\/uploads\/2018\/09\/Calzada-4.jpg?resize=200%2C138&amp;ssl=1 200w, https:\/\/i0.wp.com\/eltrabajo.cl\/portal\/wp-content\/uploads\/2018\/09\/Calzada-4.jpg?resize=300%2C206&amp;ssl=1 300w, https:\/\/i0.wp.com\/eltrabajo.cl\/portal\/wp-content\/uploads\/2018\/09\/Calzada-4.jpg?resize=218%2C150&amp;ssl=1 218w, https:\/\/i0.wp.com\/eltrabajo.cl\/portal\/wp-content\/uploads\/2018\/09\/Calzada-4.jpg?resize=400%2C275&amp;ssl=1 400w\" sizes=\"auto, (max-width: 580px) 100vw, 580px\" \/><figcaption id=\"caption-attachment-88145\" class=\"wp-caption-text\">En Chorrillos con Maip\u00fa el estado de la calzada es tan malo que en las ma\u00f1anas se generan tacos interminables, debiendo sumar un sem\u00e1foro tan corto que pr\u00e1cticamente alcanza a pasar uno o dos veh\u00edculos, no m\u00e1s, en cada ciclo en verde para los que salen de Chorrillos.<\/figcaption><\/figure>\n<p><span style=\"color: #ff0000;\"><strong>Piden que rellenen con tierra o ripio provisoriamente:<\/strong><\/span><\/p>\n<p>Molestia ha generado entre los conductores, especialmente del transporte colectivo, el mal estado en que se encuentra la calzada en las intersecciones de Avenida Maip\u00fa con Prat y Avenida Maip\u00fa con Merced, producto de las obras para instalar la semaforizaci\u00f3n.<br \/>\nEsto porque la tierra ha cedido provocando un gran desnivel que afecta a los veh\u00edculos que pasan por el lugar, oblig\u00e1ndolos a hacerlo muy lentamente para no estropear los amortiguadores, lo que en las ma\u00f1anas no hace sino aumentar a\u00fan m\u00e1s los graves problemas de gigantescos tacos generados por el intempestivo cierre del puente Tres Esquinas.<br \/>\n\u201cNo se puede pasar, se provoca da\u00f1os a los amortiguadores, m\u00e1s encima al disminuir la velocidad se provoca m\u00e1s taco\u201d, nos dice un conductor de la locomoci\u00f3n colectiva.<br \/>\n\u201cEs lamentable, no s\u00e9 qu\u00e9 pasa con la empresa, pero no se puede dejar as\u00ed esto, porque se levanta polvo que perjudica a los locales que est\u00e1n alrededor. La empresa debiera por \u00faltimo tirar agua sobre la tierra para que se humedezca, pero en fin, as\u00ed est\u00e1 la cosa\u201d, comenta una persona que vive en las cercan\u00edas.<\/p>\n<p><span style=\"color: #ff0000;\"><strong>MUNICIPALIDAD RESPONDE<\/strong><\/span><br \/>\nAnte la consulta hecha por nuestro medio en la municipalidad, fue el secretario de planificaci\u00f3n comunal (Secplac) Claudio Paredes, quien dijo que \u00e9stos son trabajos que se est\u00e1n ejecutando \u201cdentro del marco del plan de gesti\u00f3n y construcci\u00f3n de ciclo v\u00edas, porque ah\u00ed se est\u00e1 semaforizando, ah\u00ed hay nuevos puntos de sem\u00e1foros; recordar que en la comuna se van a incorporar diecisiete nuevos puntos de sem\u00e1foros y dentro de eso corresponden a algunos en el eje Maip\u00fa, por es eso que se ha visto movimiento en los \u00faltimos d\u00edas, ya sea levantamiento y hay bastante polvo en suspensi\u00f3n y todav\u00eda trabajos en obra\u201d, dijo.<br \/>\n<strong>-\u00bfSe puede pedir a la empresa medidas de mitigaci\u00f3n, teniendo en cuenta el impacto que han generado los trabajos en la comunidad? <\/strong><br \/>\n&#8211; S\u00ed, nosotros le hemos reiterado en un par de oportunidades a la empresa para pedirle su cooperaci\u00f3n de manera de aminorar las molestias que usted se\u00f1ala, las externalidades negativas que hay. Ellos indican que esto es moment\u00e1neo, es un trabajo relativamente r\u00e1pido que debiera realizar la empresa que est\u00e1 a cargo de los sem\u00e1foros, pero se lo hemos reiterado, lo mismo ha hecho el alcalde al Serviu, de que puedan fiscalizar de mejor forma b\u00e1sicamente los puntos de semaforizaci\u00f3n, porque a diferencia de las otras obras, \u00e9stos se hacen sin interrumpir el tr\u00e1nsito. Claramente hay una molestia que se nota m\u00e1s que otras partes de la obra.<br \/>\n<strong>&#8211; \u00bfCu\u00e1ndo debiera estar terminado todo esto?<\/strong><br \/>\n&#8211; Bueno, debiera estar terminado este mes de septiembre, si es que hay alg\u00fan retraso por las fiestas que est\u00e9 varios d\u00edas, obviamente los trabajadores de la empresa tambi\u00e9n tienen su descanso correspondiente, podr\u00eda ser la primera semana de octubre, pero ya queda lo menos.<\/p>\n<figure id=\"attachment_88146\" aria-describedby=\"caption-attachment-88146\" style=\"width: 580px\" class=\"wp-caption alignnone\"><img data-recalc-dims=\"1\" loading=\"lazy\" decoding=\"async\" class=\"size-full wp-image-88146\" src=\"https:\/\/i0.wp.com\/www.eltrabajo.cl\/2017\/wp-content\/uploads\/2018\/09\/Calzada.jpg?resize=580%2C398\" alt=\"En la imagen se puede apreciar el desnivel que hay en la calzada por donde va circulando el taxi colectivo\" width=\"580\" height=\"398\" srcset=\"https:\/\/i0.wp.com\/eltrabajo.cl\/portal\/wp-content\/uploads\/2018\/09\/Calzada.jpg?w=580&amp;ssl=1 580w, https:\/\/i0.wp.com\/eltrabajo.cl\/portal\/wp-content\/uploads\/2018\/09\/Calzada.jpg?resize=200%2C137&amp;ssl=1 200w, https:\/\/i0.wp.com\/eltrabajo.cl\/portal\/wp-content\/uploads\/2018\/09\/Calzada.jpg?resize=300%2C206&amp;ssl=1 300w, https:\/\/i0.wp.com\/eltrabajo.cl\/portal\/wp-content\/uploads\/2018\/09\/Calzada.jpg?resize=219%2C150&amp;ssl=1 219w, https:\/\/i0.wp.com\/eltrabajo.cl\/portal\/wp-content\/uploads\/2018\/09\/Calzada.jpg?resize=400%2C274&amp;ssl=1 400w\" sizes=\"auto, (max-width: 580px) 100vw, 580px\" \/><figcaption id=\"caption-attachment-88146\" class=\"wp-caption-text\">En la imagen se puede apreciar el desnivel que hay en la calzada por donde va circulando el taxi colectivo<\/figcaption><\/figure>\n<figure id=\"attachment_88144\" aria-describedby=\"caption-attachment-88144\" style=\"width: 580px\" class=\"wp-caption alignnone\"><img data-recalc-dims=\"1\" loading=\"lazy\" decoding=\"async\" class=\"size-full wp-image-88144\" src=\"https:\/\/i0.wp.com\/www.eltrabajo.cl\/2017\/wp-content\/uploads\/2018\/09\/Calzada-3.jpg?resize=580%2C398\" alt=\"Un veh\u00edculo doblando por calle Merced, el que debe hacerlo a baja velocidad, provocando congesti\u00f3n y agudizando el drama que se vive en las ma\u00f1anas por el cierre del puente Tres Esquinas.\" width=\"580\" height=\"398\" srcset=\"https:\/\/i0.wp.com\/eltrabajo.cl\/portal\/wp-content\/uploads\/2018\/09\/Calzada-3.jpg?w=580&amp;ssl=1 580w, https:\/\/i0.wp.com\/eltrabajo.cl\/portal\/wp-content\/uploads\/2018\/09\/Calzada-3.jpg?resize=200%2C137&amp;ssl=1 200w, https:\/\/i0.wp.com\/eltrabajo.cl\/portal\/wp-content\/uploads\/2018\/09\/Calzada-3.jpg?resize=300%2C206&amp;ssl=1 300w, https:\/\/i0.wp.com\/eltrabajo.cl\/portal\/wp-content\/uploads\/2018\/09\/Calzada-3.jpg?resize=219%2C150&amp;ssl=1 219w, https:\/\/i0.wp.com\/eltrabajo.cl\/portal\/wp-content\/uploads\/2018\/09\/Calzada-3.jpg?resize=400%2C274&amp;ssl=1 400w\" sizes=\"auto, (max-width: 580px) 100vw, 580px\" \/><figcaption id=\"caption-attachment-88144\" class=\"wp-caption-text\">Un veh\u00edculo doblando por calle Merced, el que debe hacerlo a baja velocidad, provocando congesti\u00f3n y agudizando el drama que se vive en las ma\u00f1anas por el cierre del puente Tres Esquinas.<\/figcaption><\/figure>\n<figure id=\"attachment_88143\" aria-describedby=\"caption-attachment-88143\" style=\"width: 580px\" class=\"wp-caption alignnone\"><img data-recalc-dims=\"1\" loading=\"lazy\" decoding=\"async\" class=\"size-full wp-image-88143\" src=\"https:\/\/i0.wp.com\/www.eltrabajo.cl\/2017\/wp-content\/uploads\/2018\/09\/Calzada-2.jpg?resize=580%2C398\" alt=\"Los peatones tambi\u00e9n se ven afectados, obligados a transitar por sobre la tierra y las piedras.\" width=\"580\" height=\"398\" srcset=\"https:\/\/i0.wp.com\/eltrabajo.cl\/portal\/wp-content\/uploads\/2018\/09\/Calzada-2.jpg?w=580&amp;ssl=1 580w, https:\/\/i0.wp.com\/eltrabajo.cl\/portal\/wp-content\/uploads\/2018\/09\/Calzada-2.jpg?resize=200%2C137&amp;ssl=1 200w, https:\/\/i0.wp.com\/eltrabajo.cl\/portal\/wp-content\/uploads\/2018\/09\/Calzada-2.jpg?resize=300%2C206&amp;ssl=1 300w, https:\/\/i0.wp.com\/eltrabajo.cl\/portal\/wp-content\/uploads\/2018\/09\/Calzada-2.jpg?resize=219%2C150&amp;ssl=1 219w, https:\/\/i0.wp.com\/eltrabajo.cl\/portal\/wp-content\/uploads\/2018\/09\/Calzada-2.jpg?resize=400%2C274&amp;ssl=1 400w\" sizes=\"auto, (max-width: 580px) 100vw, 580px\" \/><figcaption id=\"caption-attachment-88143\" class=\"wp-caption-text\">Los peatones tambi\u00e9n se ven afectados, obligados a transitar por sobre la tierra y las piedras.<\/figcaption><\/figure>\n","protected":false},"excerpt":{"rendered":"<p>Piden que rellenen con tierra o ripio provisoriamente: Molestia ha generado entre los conductores, especialmente del transporte colectivo, el mal estado en que se encuentra la calzada en las intersecciones de Avenida&#8230;<\/p>\n","protected":false},"author":1,"featured_media":88146,"comment_status":"closed","ping_status":"open","sticky":false,"template":"","format":"standard","meta":{"advanced_seo_description":"","jetpack_seo_html_title":"","jetpack_seo_noindex":false,"_jetpack_memberships_contains_paid_content":false,"footnotes":""},"categories":[15],"tags":[],"class_list":["post-88142","post","type-post","status-publish","format-standard","has-post-thumbnail","hentry","category-comunidad"],"jetpack_featured_media_url":"https:\/\/i0.wp.com\/eltrabajo.cl\/portal\/wp-content\/uploads\/2018\/09\/Calzada.jpg?fit=580%2C398&ssl=1","jetpack_sharing_enabled":true,"jetpack_likes_enabled":true,"jetpack-related-posts":[],"_links":{"self":[{"href":"https:\/\/eltrabajo.cl\/portal\/wp-json\/wp\/v2\/posts\/88142","targetHints":{"allow":["GET"]}}],"collection":[{"href":"https:\/\/eltrabajo.cl\/portal\/wp-json\/wp\/v2\/posts"}],"about":[{"href":"https:\/\/eltrabajo.cl\/portal\/wp-json\/wp\/v2\/types\/post"}],"author":[{"embeddable":true,"href":"https:\/\/eltrabajo.cl\/portal\/wp-json\/wp\/v2\/users\/1"}],"replies":[{"embeddable":true,"href":"https:\/\/eltrabajo.cl\/portal\/wp-json\/wp\/v2\/comments?post=88142"}],"version-history":[{"count":0,"href":"https:\/\/eltrabajo.cl\/portal\/wp-json\/wp\/v2\/posts\/88142\/revisions"}],"wp:featuredmedia":[{"embeddable":true,"href":"https:\/\/eltrabajo.cl\/portal\/wp-json\/wp\/v2\/media\/88146"}],"wp:attachment":[{"href":"https:\/\/eltrabajo.cl\/portal\/wp-json\/wp\/v2\/media?parent=88142"}],"wp:term":[{"taxonomy":"category","embeddable":true,"href":"https:\/\/eltrabajo.cl\/portal\/wp-json\/wp\/v2\/categories?post=88142"},{"taxonomy":"post_tag","embeddable":true,"href":"https:\/\/eltrabajo.cl\/portal\/wp-json\/wp\/v2\/tags?post=88142"}],"curies":[{"name":"wp","href":"https:\/\/api.w.org\/{rel}","templated":true}]}}