{"id":88148,"date":"2018-09-05T05:00:56","date_gmt":"2018-09-05T09:00:56","guid":{"rendered":"http:\/\/www.eltrabajo.cl\/2017\/?p=88148"},"modified":"2018-09-05T05:00:56","modified_gmt":"2018-09-05T09:00:56","slug":"la-violencia-vuelve-a-poner-en-jaque-al-balompie-amateur-del-aconcagua","status":"publish","type":"post","link":"https:\/\/eltrabajo.cl\/portal\/la-violencia-vuelve-a-poner-en-jaque-al-balompie-amateur-del-aconcagua\/","title":{"rendered":"La violencia vuelve a poner en jaque al balompi\u00e9 amateur del Aconcagua"},"content":{"rendered":"<figure id=\"attachment_88149\" aria-describedby=\"caption-attachment-88149\" style=\"width: 580px\" class=\"wp-caption alignnone\"><img data-recalc-dims=\"1\" loading=\"lazy\" decoding=\"async\" class=\"size-full wp-image-88149\" src=\"https:\/\/i0.wp.com\/www.eltrabajo.cl\/2017\/wp-content\/uploads\/2018\/09\/foto-ibaceta.jpg?resize=580%2C399\" alt=\"El timonel de Arfa Quinta Regi\u00f3n, Christian Ibaceta, afirm\u00f3 que la violencia lleg\u00f3 a su l\u00edmite en el f\u00fatbol del Valle de Aconcagua.\" width=\"580\" height=\"399\" srcset=\"https:\/\/i0.wp.com\/eltrabajo.cl\/portal\/wp-content\/uploads\/2018\/09\/foto-ibaceta.jpg?w=580&amp;ssl=1 580w, https:\/\/i0.wp.com\/eltrabajo.cl\/portal\/wp-content\/uploads\/2018\/09\/foto-ibaceta.jpg?resize=200%2C138&amp;ssl=1 200w, https:\/\/i0.wp.com\/eltrabajo.cl\/portal\/wp-content\/uploads\/2018\/09\/foto-ibaceta.jpg?resize=300%2C206&amp;ssl=1 300w, https:\/\/i0.wp.com\/eltrabajo.cl\/portal\/wp-content\/uploads\/2018\/09\/foto-ibaceta.jpg?resize=218%2C150&amp;ssl=1 218w, https:\/\/i0.wp.com\/eltrabajo.cl\/portal\/wp-content\/uploads\/2018\/09\/foto-ibaceta.jpg?resize=400%2C275&amp;ssl=1 400w\" sizes=\"auto, (max-width: 580px) 100vw, 580px\" \/><figcaption id=\"caption-attachment-88149\" class=\"wp-caption-text\">El timonel de Arfa Quinta Regi\u00f3n, Christian Ibaceta, afirm\u00f3 que la violencia lleg\u00f3 a su l\u00edmite en el f\u00fatbol del Valle de Aconcagua.<\/figcaption><\/figure>\n<p>Debido a los graves y vergonzosos hechos de violencia que se produjeron durante el fin de semana reci\u00e9n pasado en los torneos de Santa Mar\u00eda y San Felipe, el directorio de Arfa Quinta Regi\u00f3n convoc\u00f3 a una reuni\u00f3n extraordinaria de presidentes de todas las asociaciones de f\u00fatbol del valle de Aconcagua. \u201cEsto lleg\u00f3 a un l\u00edmite, ahora habr\u00e1 que tomar medidas porque hay que detener la violencia. Esa zona es la que m\u00e1s problemas est\u00e1 registrando en toda la Quinta Regi\u00f3n\u201d, se\u00f1al\u00f3 el timonel del ente rector del balompi\u00e9 aficionado regional Christian Ibaceta.<br \/>\nEl alto directivo lament\u00f3 y repudi\u00f3 las cobardes agresiones de la que fueron objeto una mujer en el torneo santamariano y el hijo de Ra\u00fal Reinoso. \u201cEn el caso de Santa Mar\u00eda tenemos plenamente identificado al agresor; ahora es la asociaci\u00f3n de Santa Mar\u00eda la que debe castigar\u201d, agreg\u00f3.<br \/>\nSi bien es cierto ambos hechos de violencia son repudiables, lo sucedido en la competencia de Santa Mar\u00eda no deja de llamar la atenci\u00f3n, ya que la afectada fue una mujer, la que cobardemente fue abordada por al menos dos individuos -testigos los identifican como miembros del club Juventud Santa Mar\u00eda- que despu\u00e9s de las amenazas pasaron a los hechos, cuando uno de ellos la sac\u00f3 de su auto para tomarla del pelo y luego golpearla, en una acci\u00f3n que traspas\u00f3 todos los l\u00edmites y que ha sido ampliamente repudiada por todos. \u201cUna vez que estos cobardes sean identificados, ser\u00e1n castigados de por vida; nunca m\u00e1s podr\u00e1n jugar o entrar a una cancha\u201d, advirti\u00f3 Juan Torrej\u00f3n, presidente del balompi\u00e9 santamariano.<\/p>\n","protected":false},"excerpt":{"rendered":"<p>Debido a los graves y vergonzosos hechos de violencia que se produjeron durante el fin de semana reci\u00e9n pasado en los torneos de Santa Mar\u00eda y San Felipe, el directorio de Arfa&#8230;<\/p>\n","protected":false},"author":1,"featured_media":88149,"comment_status":"closed","ping_status":"open","sticky":false,"template":"","format":"standard","meta":{"advanced_seo_description":"","jetpack_seo_html_title":"","jetpack_seo_noindex":false,"_jetpack_memberships_contains_paid_content":false,"footnotes":""},"categories":[19],"tags":[],"class_list":["post-88148","post","type-post","status-publish","format-standard","has-post-thumbnail","hentry","category-deportes"],"jetpack_featured_media_url":"https:\/\/i0.wp.com\/eltrabajo.cl\/portal\/wp-content\/uploads\/2018\/09\/foto-ibaceta.jpg?fit=580%2C399&ssl=1","jetpack_sharing_enabled":true,"jetpack_likes_enabled":true,"jetpack-related-posts":[],"_links":{"self":[{"href":"https:\/\/eltrabajo.cl\/portal\/wp-json\/wp\/v2\/posts\/88148","targetHints":{"allow":["GET"]}}],"collection":[{"href":"https:\/\/eltrabajo.cl\/portal\/wp-json\/wp\/v2\/posts"}],"about":[{"href":"https:\/\/eltrabajo.cl\/portal\/wp-json\/wp\/v2\/types\/post"}],"author":[{"embeddable":true,"href":"https:\/\/eltrabajo.cl\/portal\/wp-json\/wp\/v2\/users\/1"}],"replies":[{"embeddable":true,"href":"https:\/\/eltrabajo.cl\/portal\/wp-json\/wp\/v2\/comments?post=88148"}],"version-history":[{"count":0,"href":"https:\/\/eltrabajo.cl\/portal\/wp-json\/wp\/v2\/posts\/88148\/revisions"}],"wp:featuredmedia":[{"embeddable":true,"href":"https:\/\/eltrabajo.cl\/portal\/wp-json\/wp\/v2\/media\/88149"}],"wp:attachment":[{"href":"https:\/\/eltrabajo.cl\/portal\/wp-json\/wp\/v2\/media?parent=88148"}],"wp:term":[{"taxonomy":"category","embeddable":true,"href":"https:\/\/eltrabajo.cl\/portal\/wp-json\/wp\/v2\/categories?post=88148"},{"taxonomy":"post_tag","embeddable":true,"href":"https:\/\/eltrabajo.cl\/portal\/wp-json\/wp\/v2\/tags?post=88148"}],"curies":[{"name":"wp","href":"https:\/\/api.w.org\/{rel}","templated":true}]}}