{"id":88160,"date":"2018-09-06T05:00:56","date_gmt":"2018-09-06T09:00:56","guid":{"rendered":"http:\/\/www.eltrabajo.cl\/2017\/?p=88160"},"modified":"2018-09-06T05:00:56","modified_gmt":"2018-09-06T09:00:56","slug":"son-120-deportistas-de-la-provincia-clasificados-al-nacional-de-juegos-escolares","status":"publish","type":"post","link":"https:\/\/eltrabajo.cl\/portal\/son-120-deportistas-de-la-provincia-clasificados-al-nacional-de-juegos-escolares\/","title":{"rendered":"Son 120 deportistas de la provincia clasificados al Nacional de Juegos Escolares"},"content":{"rendered":"<figure id=\"attachment_88163\" aria-describedby=\"caption-attachment-88163\" style=\"width: 580px\" class=\"wp-caption alignnone\"><img data-recalc-dims=\"1\" loading=\"lazy\" decoding=\"async\" class=\"size-full wp-image-88163\" src=\"https:\/\/i0.wp.com\/www.eltrabajo.cl\/2017\/wp-content\/uploads\/2018\/09\/Nacionales1.jpg?resize=580%2C400\" alt=\"NUESTRAS CAMPEONAS.- Ellas son las chicas del Liceo Bicentenario Cordillera, las actuales campeonas en V\u00f3leibol U14.\" width=\"580\" height=\"400\" srcset=\"https:\/\/i0.wp.com\/eltrabajo.cl\/portal\/wp-content\/uploads\/2018\/09\/Nacionales1.jpg?w=580&amp;ssl=1 580w, https:\/\/i0.wp.com\/eltrabajo.cl\/portal\/wp-content\/uploads\/2018\/09\/Nacionales1.jpg?resize=200%2C138&amp;ssl=1 200w, https:\/\/i0.wp.com\/eltrabajo.cl\/portal\/wp-content\/uploads\/2018\/09\/Nacionales1.jpg?resize=300%2C207&amp;ssl=1 300w, https:\/\/i0.wp.com\/eltrabajo.cl\/portal\/wp-content\/uploads\/2018\/09\/Nacionales1.jpg?resize=218%2C150&amp;ssl=1 218w, https:\/\/i0.wp.com\/eltrabajo.cl\/portal\/wp-content\/uploads\/2018\/09\/Nacionales1.jpg?resize=400%2C276&amp;ssl=1 400w\" sizes=\"auto, (max-width: 580px) 100vw, 580px\" \/><figcaption id=\"caption-attachment-88163\" class=\"wp-caption-text\">NUESTRAS CAMPEONAS.- Ellas son las chicas del Liceo Bicentenario Cordillera, las actuales campeonas en V\u00f3leibol U14.<\/figcaption><\/figure>\n<p><span style=\"color: #ff0000;\"><strong>Ni\u00f1as del Cordillera este a\u00f1o buscar\u00e1n en V\u00f3ley su tricampeonato:<\/strong><\/span><\/p>\n<p>Una arrolladora presentaci\u00f3n, tanto en puntaje como medallaje, es la que desarrollaron cerca de 120 deportistas escolares de nuestra provincia, en los Juegos Regionales que se disputaron en Valpara\u00edso el pasado 24 de agosto, fichaje de gran factura que posicion\u00f3 a la provincia de San Felipe como la que m\u00e1s deportistas lleva al Nacional por la V Regi\u00f3n.<\/p>\n<p><span style=\"color: #ff0000;\"><strong>NUESTRA SELECCI\u00d3N<\/strong><\/span><br \/>\nAs\u00ed lo confirm\u00f3 a Diario El Trabajo el encargado del Departamento Municipal de Deportes de nuestra comuna, Danilo Pe\u00f1a, \u00abla verdad es que estamos muy contentos, San Felipe se trajo efectivamente de seis finales que jugaron los sanfelipe\u00f1os, nuestra comuna gan\u00f3 cinco, y en la que no gan\u00f3 que es el b\u00e1squet femenino, igual clasific\u00f3 al Nacional, ya que el lugar donde se desarrollar\u00e1 este campeonato en b\u00e1squetbol, es Valpara\u00edso y por lo tanto vamos a tener dos cupos, uno es el Liceo Mixto, todo esto como producto de las pol\u00edticas deportivas del gobierno vecinal del alcalde Patricio Freire\u00bb, coment\u00f3 Pe\u00f1a a nuestro medio.<\/p>\n<p><span style=\"color: #ff0000;\"><strong>TEMA UNIFORMES<\/strong><\/span><br \/>\nSeg\u00fan explic\u00f3 Danilo, las autoridades est\u00e1n solicitando al IND que los implementos deportivos como uniformes y dem\u00e1s accesorios les sean entregados a los j\u00f3venes en nuestra comuna, para evitarles a ellos el tener que viajar hasta el puerto. Este Nacional se desarrollar\u00e1 del 21 al 29 de septiembre; B\u00e1squet y V\u00f3leibol en Valpara\u00edso, el resto de deportes en Santiago.<br \/>\n\u00abHemos pedido oficialmente al IND que la entrega de implementos deportivos a nuestros deportistas no la haga en Valpara\u00edso, que mejor vengan ac\u00e1, para que nuestros chicos en su ciudad, en nuestra comuna y provincia, por lo que esperamos tambi\u00e9n que nuestro gobernador Claudio Rodr\u00edguez pueda apelar por nuestra petici\u00f3n, y que no tengamos a 120 chicos viajando hasta Valpara\u00edso\u00bb, coment\u00f3 el titular de Deportes.<\/p>\n<p><span style=\"color: #ff0000;\"><strong>VAN AL NACIONAL<\/strong><\/span><br \/>\nDiario El Trabajo tambi\u00e9n consult\u00f3 a Pe\u00f1a sobre qui\u00e9nes son los clasificados, el funcionario con orgullo nos individualiz\u00f3 los colegios y la cantidad de los clasificados al Nacional.<br \/>\n<strong>&#8211; \u00bfC\u00f3mo estamos con los clasificados?<\/strong><br \/>\n&#8211; Hemos clasificado a la Final del Nacional de los Juegos Escolares y esperamos que ojala a los chicos les vaya muy bien, y que nos representen en el respectivo Sudamericano Escolar, hemos clasificado con balonmano Damas y Varones; en b\u00e1squetbol tambi\u00e9n en Damas y Varones; en v\u00f3leibol Damas y Varones, en estos \u00faltimos muy contentos adem\u00e1s, porque la educaci\u00f3n municipal una vez m\u00e1s demuestra con esto los grandes resultados deportivos, en donde los varones U14 v\u00f3leibol, de la Escuela Jos\u00e9 de San Mart\u00edn, ya clasificados al Nacional, las damas v\u00f3leibol son del Liceo Bicentenario Cordillera, quienes una vez m\u00e1s y por tercer a\u00f1o consecutivo van al Nacional, han ganado dos veces el Nacional en ese deporte.<br \/>\n<strong>&#8211; \u00bfY en el caso de los deportistas individuales?<\/strong><br \/>\n&#8211; En el caso de deportes individuales tambi\u00e9n tenemos la clasificaci\u00f3n del joven Benjam\u00edn Silva, \u00e9l es de la Escuela JFK, clasific\u00f3 primero en ciclismo, y tambi\u00e9n un chico de la Escuela Sagrado Coraz\u00f3n en atletismo adaptado, junto con ellos adem\u00e1s, est\u00e1n clasificadas al Nacional dos ni\u00f1as del Colegio Alem\u00e1n de San Felipe en atletismo, as\u00ed tambi\u00e9n el equipo Futsal de Putaendo, tenemos adem\u00e1s a cinco alumnos de Llay Llay en atletismo, ellos son parte de nuestra provincia, San Felipe como provincia tendremos cerca de 120 participantes en este Nacional 2018.<br \/>\n<strong>Roberto Gonz\u00e1lez Short<\/strong><\/p>\n<figure id=\"attachment_88161\" aria-describedby=\"caption-attachment-88161\" style=\"width: 580px\" class=\"wp-caption alignnone\"><img data-recalc-dims=\"1\" loading=\"lazy\" decoding=\"async\" class=\"size-full wp-image-88161\" src=\"https:\/\/i0.wp.com\/www.eltrabajo.cl\/2017\/wp-content\/uploads\/2018\/09\/Nacionales_Benjamin-Silva.jpg?resize=580%2C400\" alt=\"\u2018LA BALA SILVA.- Este joven ciclista es Benjam\u00edn Silva, lo vemos aqu\u00ed cargado de copas y medallas, \u00e9l competir\u00e1 en Santiago por nuestra V Regi\u00f3n.\" width=\"580\" height=\"400\" srcset=\"https:\/\/i0.wp.com\/eltrabajo.cl\/portal\/wp-content\/uploads\/2018\/09\/Nacionales_Benjamin-Silva.jpg?w=580&amp;ssl=1 580w, https:\/\/i0.wp.com\/eltrabajo.cl\/portal\/wp-content\/uploads\/2018\/09\/Nacionales_Benjamin-Silva.jpg?resize=200%2C138&amp;ssl=1 200w, https:\/\/i0.wp.com\/eltrabajo.cl\/portal\/wp-content\/uploads\/2018\/09\/Nacionales_Benjamin-Silva.jpg?resize=300%2C207&amp;ssl=1 300w, https:\/\/i0.wp.com\/eltrabajo.cl\/portal\/wp-content\/uploads\/2018\/09\/Nacionales_Benjamin-Silva.jpg?resize=218%2C150&amp;ssl=1 218w, https:\/\/i0.wp.com\/eltrabajo.cl\/portal\/wp-content\/uploads\/2018\/09\/Nacionales_Benjamin-Silva.jpg?resize=400%2C276&amp;ssl=1 400w\" sizes=\"auto, (max-width: 580px) 100vw, 580px\" \/><figcaption id=\"caption-attachment-88161\" class=\"wp-caption-text\">\u2018LA BALA SILVA.- Este joven ciclista es Benjam\u00edn Silva, lo vemos aqu\u00ed cargado de copas y medallas, \u00e9l competir\u00e1 en Santiago por nuestra V Regi\u00f3n.<\/figcaption><\/figure>\n<figure id=\"attachment_88162\" aria-describedby=\"caption-attachment-88162\" style=\"width: 580px\" class=\"wp-caption alignnone\"><img data-recalc-dims=\"1\" loading=\"lazy\" decoding=\"async\" class=\"size-full wp-image-88162\" src=\"https:\/\/i0.wp.com\/www.eltrabajo.cl\/2017\/wp-content\/uploads\/2018\/09\/Nacionales_Danilo-Pena.jpg?resize=580%2C399\" alt=\"Encargado del Departamento Municipal de Deportes de nuestra comuna, Danilo Pe\u00f1a.\" width=\"580\" height=\"399\" srcset=\"https:\/\/i0.wp.com\/eltrabajo.cl\/portal\/wp-content\/uploads\/2018\/09\/Nacionales_Danilo-Pena.jpg?w=580&amp;ssl=1 580w, https:\/\/i0.wp.com\/eltrabajo.cl\/portal\/wp-content\/uploads\/2018\/09\/Nacionales_Danilo-Pena.jpg?resize=200%2C138&amp;ssl=1 200w, https:\/\/i0.wp.com\/eltrabajo.cl\/portal\/wp-content\/uploads\/2018\/09\/Nacionales_Danilo-Pena.jpg?resize=300%2C206&amp;ssl=1 300w, https:\/\/i0.wp.com\/eltrabajo.cl\/portal\/wp-content\/uploads\/2018\/09\/Nacionales_Danilo-Pena.jpg?resize=218%2C150&amp;ssl=1 218w, https:\/\/i0.wp.com\/eltrabajo.cl\/portal\/wp-content\/uploads\/2018\/09\/Nacionales_Danilo-Pena.jpg?resize=400%2C275&amp;ssl=1 400w\" sizes=\"auto, (max-width: 580px) 100vw, 580px\" \/><figcaption id=\"caption-attachment-88162\" class=\"wp-caption-text\">Encargado del Departamento Municipal de Deportes de nuestra comuna, Danilo Pe\u00f1a.<\/figcaption><\/figure>\n<figure id=\"attachment_88164\" aria-describedby=\"caption-attachment-88164\" style=\"width: 580px\" class=\"wp-caption alignnone\"><img data-recalc-dims=\"1\" loading=\"lazy\" decoding=\"async\" class=\"size-full wp-image-88164\" src=\"https:\/\/i0.wp.com\/www.eltrabajo.cl\/2017\/wp-content\/uploads\/2018\/09\/Nacionales2.jpg?resize=580%2C399\" alt=\"EXPERTO MOTIVADOR.- Aqu\u00ed tenemos al profesor Eduardo Ch\u00e1vez, gran profesional y motivador de las ni\u00f1as bicampeonas del Cordillera.\" width=\"580\" height=\"399\" srcset=\"https:\/\/i0.wp.com\/eltrabajo.cl\/portal\/wp-content\/uploads\/2018\/09\/Nacionales2.jpg?w=580&amp;ssl=1 580w, https:\/\/i0.wp.com\/eltrabajo.cl\/portal\/wp-content\/uploads\/2018\/09\/Nacionales2.jpg?resize=200%2C138&amp;ssl=1 200w, https:\/\/i0.wp.com\/eltrabajo.cl\/portal\/wp-content\/uploads\/2018\/09\/Nacionales2.jpg?resize=300%2C206&amp;ssl=1 300w, https:\/\/i0.wp.com\/eltrabajo.cl\/portal\/wp-content\/uploads\/2018\/09\/Nacionales2.jpg?resize=218%2C150&amp;ssl=1 218w, https:\/\/i0.wp.com\/eltrabajo.cl\/portal\/wp-content\/uploads\/2018\/09\/Nacionales2.jpg?resize=400%2C275&amp;ssl=1 400w\" sizes=\"auto, (max-width: 580px) 100vw, 580px\" \/><figcaption id=\"caption-attachment-88164\" class=\"wp-caption-text\">EXPERTO MOTIVADOR.- Aqu\u00ed tenemos al profesor Eduardo Ch\u00e1vez, gran profesional y motivador de las ni\u00f1as bicampeonas del Cordillera.<\/figcaption><\/figure>\n","protected":false},"excerpt":{"rendered":"<p>Ni\u00f1as del Cordillera este a\u00f1o buscar\u00e1n en V\u00f3ley su tricampeonato: Una arrolladora presentaci\u00f3n, tanto en puntaje como medallaje, es la que desarrollaron cerca de 120 deportistas escolares de nuestra provincia, en los&#8230;<\/p>\n","protected":false},"author":1,"featured_media":88161,"comment_status":"closed","ping_status":"open","sticky":false,"template":"","format":"standard","meta":{"advanced_seo_description":"","jetpack_seo_html_title":"","jetpack_seo_noindex":false,"_jetpack_memberships_contains_paid_content":false,"footnotes":""},"categories":[15],"tags":[],"class_list":["post-88160","post","type-post","status-publish","format-standard","has-post-thumbnail","hentry","category-comunidad"],"jetpack_featured_media_url":"https:\/\/i0.wp.com\/eltrabajo.cl\/portal\/wp-content\/uploads\/2018\/09\/Nacionales_Benjamin-Silva.jpg?fit=580%2C400&ssl=1","jetpack_sharing_enabled":true,"jetpack_likes_enabled":true,"jetpack-related-posts":[],"_links":{"self":[{"href":"https:\/\/eltrabajo.cl\/portal\/wp-json\/wp\/v2\/posts\/88160","targetHints":{"allow":["GET"]}}],"collection":[{"href":"https:\/\/eltrabajo.cl\/portal\/wp-json\/wp\/v2\/posts"}],"about":[{"href":"https:\/\/eltrabajo.cl\/portal\/wp-json\/wp\/v2\/types\/post"}],"author":[{"embeddable":true,"href":"https:\/\/eltrabajo.cl\/portal\/wp-json\/wp\/v2\/users\/1"}],"replies":[{"embeddable":true,"href":"https:\/\/eltrabajo.cl\/portal\/wp-json\/wp\/v2\/comments?post=88160"}],"version-history":[{"count":0,"href":"https:\/\/eltrabajo.cl\/portal\/wp-json\/wp\/v2\/posts\/88160\/revisions"}],"wp:featuredmedia":[{"embeddable":true,"href":"https:\/\/eltrabajo.cl\/portal\/wp-json\/wp\/v2\/media\/88161"}],"wp:attachment":[{"href":"https:\/\/eltrabajo.cl\/portal\/wp-json\/wp\/v2\/media?parent=88160"}],"wp:term":[{"taxonomy":"category","embeddable":true,"href":"https:\/\/eltrabajo.cl\/portal\/wp-json\/wp\/v2\/categories?post=88160"},{"taxonomy":"post_tag","embeddable":true,"href":"https:\/\/eltrabajo.cl\/portal\/wp-json\/wp\/v2\/tags?post=88160"}],"curies":[{"name":"wp","href":"https:\/\/api.w.org\/{rel}","templated":true}]}}