{"id":88166,"date":"2018-09-06T05:01:37","date_gmt":"2018-09-06T09:01:37","guid":{"rendered":"http:\/\/www.eltrabajo.cl\/2017\/?p=88166"},"modified":"2018-09-06T05:01:37","modified_gmt":"2018-09-06T09:01:37","slug":"apertura-de-san-martin-dara-conectividad-entre-michimalongo-y-tocornal","status":"publish","type":"post","link":"https:\/\/eltrabajo.cl\/portal\/apertura-de-san-martin-dara-conectividad-entre-michimalongo-y-tocornal\/","title":{"rendered":"Apertura de San Mart\u00edn dar\u00e1 conectividad entre Michimalongo y Tocornal"},"content":{"rendered":"<figure id=\"attachment_88167\" aria-describedby=\"caption-attachment-88167\" style=\"width: 580px\" class=\"wp-caption alignnone\"><img data-recalc-dims=\"1\" loading=\"lazy\" decoding=\"async\" class=\"size-full wp-image-88167\" src=\"https:\/\/i0.wp.com\/www.eltrabajo.cl\/2017\/wp-content\/uploads\/2018\/09\/Cinta1.jpg?resize=580%2C399\" alt=\"A\u00d1OS DE ESPERA.- El corte de cinta estuvo a cargo de las autoridades de nuestra comuna, puntualmente fue la presidenta de la junta vecinal de El Se\u00f1orial, \u00c9ricka \u00c1lvarez, quien meti\u00f3 tijera.\" width=\"580\" height=\"399\" srcset=\"https:\/\/i0.wp.com\/eltrabajo.cl\/portal\/wp-content\/uploads\/2018\/09\/Cinta1.jpg?w=580&amp;ssl=1 580w, https:\/\/i0.wp.com\/eltrabajo.cl\/portal\/wp-content\/uploads\/2018\/09\/Cinta1.jpg?resize=200%2C138&amp;ssl=1 200w, https:\/\/i0.wp.com\/eltrabajo.cl\/portal\/wp-content\/uploads\/2018\/09\/Cinta1.jpg?resize=300%2C206&amp;ssl=1 300w, https:\/\/i0.wp.com\/eltrabajo.cl\/portal\/wp-content\/uploads\/2018\/09\/Cinta1.jpg?resize=218%2C150&amp;ssl=1 218w, https:\/\/i0.wp.com\/eltrabajo.cl\/portal\/wp-content\/uploads\/2018\/09\/Cinta1.jpg?resize=400%2C275&amp;ssl=1 400w\" sizes=\"auto, (max-width: 580px) 100vw, 580px\" \/><figcaption id=\"caption-attachment-88167\" class=\"wp-caption-text\">A\u00d1OS DE ESPERA.- El corte de cinta estuvo a cargo de las autoridades de nuestra comuna, puntualmente fue la presidenta de la junta vecinal de El Se\u00f1orial, \u00c9ricka \u00c1lvarez, quien meti\u00f3 tijera.<\/figcaption><\/figure>\n<ul>\n<li><strong>El proyecto, que tuvo una inversi\u00f3n superior a los mil doscientos millones de pesos, contempl\u00f3 la construcci\u00f3n de 492 metros lineales de calzada que unir\u00e1 un sector ampliamente poblado con el damero central de la ciudad.<\/strong><\/li>\n<\/ul>\n<p>Una inversi\u00f3n de 1.281 millones de pesos, financiados a trav\u00e9s del Fondo Nacional de Desarrollo Regional (FNDR), demand\u00f3 la construcci\u00f3n y habilitaci\u00f3n del circuito calle San Mart\u00edn-Hermanos Carrera Oriente, obra que suma una nueva alternativa de conexi\u00f3n entre las avenidas Michimalongo y Tocornal.<br \/>\nLa obra fue inaugurada la tarde de este martes, por el alcalde Patricio Freire, acompa\u00f1ado por el gobernador Claudio Rodr\u00edguez; el consejero regional, Iv\u00e1n Reyes; y los concejales Patricia Boffa, Dante Rodr\u00edguez, Juan Carlos Sabaj y Mario Villanueva.<br \/>\nUna de las tareas que trabaj\u00f3, desde un inicio, la Municipalidad de San Felipe era que esta obra cumpliera con los est\u00e1ndares necesarios, brindando seguridad tanto a conductores como a peatones.<br \/>\nEl proyecto contempl\u00f3 la construcci\u00f3n de 492 metros lineales de calzada, correspondiente a la calle San Mart\u00edn, desde El Molino hasta Hermanos Carrera Oriente, y desde esta avenida, entre los pasajes Vicente Saa Cueto y Ren\u00e9 Flores.<br \/>\nLas villas El Se\u00f1orial y La Estancia son, en la actualidad, un sector bastante consolidado de nuestra ciudad, desde el punto de vista de la urbanizaci\u00f3n, formando parte importante de la trama vial de San Felipe, materializando la conexi\u00f3n de las avenidas Tocornal y Michamalongo.<br \/>\n\u00abUn proyecto que viene a generar una integraci\u00f3n vial de las villas El Se\u00f1orial y La Estancia, para que tengan un nuevo acceso al damero central. Es una gran obra para nuestra comuna\u00bb, preciso el Secretario de Planificaci\u00f3n de la Municipalidad de San Felipe, Claudio Paredes.<br \/>\nSobre lo mismo, el alcalde Patricio Freire reiter\u00f3 que impulsar obras de conectividad vial resulta muy importante para la administraci\u00f3n que encabeza, \u00aben eso estamos apostando en varios sectores de la comuna, fortaleciendo el crecimiento y desarrollo de nuestra ciudad\u00bb.<br \/>\nEl consejero regional, Iv\u00e1n Reyes, se\u00f1al\u00f3 que esto refleja la voluntad del Consejo Regional para apoyar obras que est\u00e1n destinadas a mejorar la calidad de vida de las comunas, \u00abir en la b\u00fasqueda de recursos para proyectos tan importantes que van en este sentido, la voluntad es seguir entregando este apoyo\u00bb.<br \/>\nLa dirigenta vecinal, Erika \u00c1lvarez, se mostr\u00f3 feliz con este proyecto, ya que \u00ablos vecinos recibimos s\u00faper bien esta obra. Es muy necesaria, porque tendremos tr\u00e1nsito expedito que unir\u00e1 Michimalongo y Tocornal. Ahora nos queda cuidar este proyecto, porque tambi\u00e9n es responsabilidad nuestra mantener estos avances\u00bb, sostuvo.<\/p>\n","protected":false},"excerpt":{"rendered":"<p>El proyecto, que tuvo una inversi\u00f3n superior a los mil doscientos millones de pesos, contempl\u00f3 la construcci\u00f3n de 492 metros lineales de calzada que unir\u00e1 un sector ampliamente poblado con el damero&#8230;<\/p>\n","protected":false},"author":1,"featured_media":88167,"comment_status":"closed","ping_status":"open","sticky":false,"template":"","format":"standard","meta":{"advanced_seo_description":"","jetpack_seo_html_title":"","jetpack_seo_noindex":false,"_jetpack_memberships_contains_paid_content":false,"footnotes":""},"categories":[1],"tags":[],"class_list":["post-88166","post","type-post","status-publish","format-standard","has-post-thumbnail","hentry","category-cronica"],"jetpack_featured_media_url":"https:\/\/i0.wp.com\/eltrabajo.cl\/portal\/wp-content\/uploads\/2018\/09\/Cinta1.jpg?fit=580%2C399&ssl=1","jetpack_sharing_enabled":true,"jetpack_likes_enabled":true,"jetpack-related-posts":[],"_links":{"self":[{"href":"https:\/\/eltrabajo.cl\/portal\/wp-json\/wp\/v2\/posts\/88166","targetHints":{"allow":["GET"]}}],"collection":[{"href":"https:\/\/eltrabajo.cl\/portal\/wp-json\/wp\/v2\/posts"}],"about":[{"href":"https:\/\/eltrabajo.cl\/portal\/wp-json\/wp\/v2\/types\/post"}],"author":[{"embeddable":true,"href":"https:\/\/eltrabajo.cl\/portal\/wp-json\/wp\/v2\/users\/1"}],"replies":[{"embeddable":true,"href":"https:\/\/eltrabajo.cl\/portal\/wp-json\/wp\/v2\/comments?post=88166"}],"version-history":[{"count":0,"href":"https:\/\/eltrabajo.cl\/portal\/wp-json\/wp\/v2\/posts\/88166\/revisions"}],"wp:featuredmedia":[{"embeddable":true,"href":"https:\/\/eltrabajo.cl\/portal\/wp-json\/wp\/v2\/media\/88167"}],"wp:attachment":[{"href":"https:\/\/eltrabajo.cl\/portal\/wp-json\/wp\/v2\/media?parent=88166"}],"wp:term":[{"taxonomy":"category","embeddable":true,"href":"https:\/\/eltrabajo.cl\/portal\/wp-json\/wp\/v2\/categories?post=88166"},{"taxonomy":"post_tag","embeddable":true,"href":"https:\/\/eltrabajo.cl\/portal\/wp-json\/wp\/v2\/tags?post=88166"}],"curies":[{"name":"wp","href":"https:\/\/api.w.org\/{rel}","templated":true}]}}