{"id":88173,"date":"2018-09-06T05:03:06","date_gmt":"2018-09-06T09:03:06","guid":{"rendered":"http:\/\/www.eltrabajo.cl\/2017\/?p=88173"},"modified":"2018-09-06T05:03:06","modified_gmt":"2018-09-06T09:03:06","slug":"nuevamente-la-delincuencia-esta-azotando-a-vecinos-de-villa-el-carmen","status":"publish","type":"post","link":"https:\/\/eltrabajo.cl\/portal\/nuevamente-la-delincuencia-esta-azotando-a-vecinos-de-villa-el-carmen\/","title":{"rendered":"Nuevamente la delincuencia est\u00e1 azotando a vecinos de Villa El Carmen"},"content":{"rendered":"<figure id=\"attachment_88174\" aria-describedby=\"caption-attachment-88174\" style=\"width: 580px\" class=\"wp-caption alignnone\"><img data-recalc-dims=\"1\" loading=\"lazy\" decoding=\"async\" class=\"size-full wp-image-88174\" src=\"https:\/\/i0.wp.com\/www.eltrabajo.cl\/2017\/wp-content\/uploads\/2018\/09\/12-de-febrero.jpg?resize=580%2C399\" alt=\"En esta calle 12 de Febrero desmantelaron un autom\u00f3vil la noche de este martes.\" width=\"580\" height=\"399\" srcset=\"https:\/\/i0.wp.com\/eltrabajo.cl\/portal\/wp-content\/uploads\/2018\/09\/12-de-febrero.jpg?w=580&amp;ssl=1 580w, https:\/\/i0.wp.com\/eltrabajo.cl\/portal\/wp-content\/uploads\/2018\/09\/12-de-febrero.jpg?resize=200%2C138&amp;ssl=1 200w, https:\/\/i0.wp.com\/eltrabajo.cl\/portal\/wp-content\/uploads\/2018\/09\/12-de-febrero.jpg?resize=300%2C206&amp;ssl=1 300w, https:\/\/i0.wp.com\/eltrabajo.cl\/portal\/wp-content\/uploads\/2018\/09\/12-de-febrero.jpg?resize=218%2C150&amp;ssl=1 218w, https:\/\/i0.wp.com\/eltrabajo.cl\/portal\/wp-content\/uploads\/2018\/09\/12-de-febrero.jpg?resize=400%2C275&amp;ssl=1 400w\" sizes=\"auto, (max-width: 580px) 100vw, 580px\" \/><figcaption id=\"caption-attachment-88174\" class=\"wp-caption-text\">En esta calle 12 de Febrero desmantelaron un autom\u00f3vil la noche de este martes.<\/figcaption><\/figure>\n<p>Una vez m\u00e1s la Villa El Carmen est\u00e1 siendo azotada por la delincuencia, donde tres casas han sido desvalijadas y la noche de este martes dos autos fueron desmantelados.<br \/>\nEn conversaci\u00f3n con nuestro medio, el presidente de la Villa El Carmen, etapas 4 y 5, Aroldo Cantillano Morales, reconoci\u00f3 que nuevamente est\u00e1n teniendo una gran cantidad de robos; \u201csobre todo porque se est\u00e1n trasladando desde la l\u00ednea del ferrocarril hacia nuestra Villa, anoche andaban hasta las tres de la ma\u00f1ana, menos mal que hab\u00eda unas personas que los estaban observando, esperamos que esto se termine con la llegada de las alarmas comunitarias, aunque hemos puesto alarmas individuales, sobre todo en la parte donde est\u00e1 avenida Aconcagua, porque llevan ya como tres casas desvalijadas. Anoche (martes) dos autos, uno en 12 de Febrero y otro al interior que los desarmaron enteros\u201d, se\u00f1al\u00f3.<br \/>\n<strong>&#8211; \u00bfHacen las denuncias en Carabineros?<\/strong><br \/>\n&#8211; Carabineros se ha portado muy bien, excelente, al momento de llamarlos aparecen r\u00e1pidamente, en eso no tenemos que quejarnos.<br \/>\n<strong>&#8211; \u00bfCu\u00e1l es la sensaci\u00f3n de la comunidad con este tema, mucha inseguridad, preocupaci\u00f3n?<\/strong><br \/>\n&#8211; Exactamente, muy inseguros, muy temerosos tambi\u00e9n. Nosotros hemos tratado de infundirles un poco de \u00e1nimo, sobre todo ahora que estamos muy cerca de obtener las alarmas comunitarias, porque postulamos pr\u00e1cticamente todas las juntas de vecinos de San Felipe, y se piensan colocar ahora en septiembre.<br \/>\n<strong>&#8211; \u00bfPor qu\u00e9 creen ustedes que Villa El Carmen es constantemente visitada, perjudicada por la delincuencia? <\/strong><br \/>\n&#8211; Mire, al lado sur de la Villa El Carmen est\u00e1 la l\u00ednea del tren, y la l\u00ednea del tren un poco m\u00e1s al sur se encuentra con la carretera que va a Los Andes, y ese es un terreno bald\u00edo, y la separaci\u00f3n entre la Villa El Carmen es una malla acma, entonces f\u00e1cilmente la traspasan y suben. La hemos soldado, pero la abren igual.<br \/>\nAroldo Cantillano Morales es presidente de las etapas 4 y 5, pero destaca que en el fondo todos los dirigentes trabajan por el bien de todos los vecinos del sector.<\/p>\n<figure id=\"attachment_88175\" aria-describedby=\"caption-attachment-88175\" style=\"width: 580px\" class=\"wp-caption alignnone\"><img data-recalc-dims=\"1\" loading=\"lazy\" decoding=\"async\" class=\"size-full wp-image-88175\" src=\"https:\/\/i0.wp.com\/www.eltrabajo.cl\/2017\/wp-content\/uploads\/2018\/09\/Aroldo.jpg?resize=580%2C399\" alt=\"Aroldo Cantillano Morales (a la derecha), junto a otro destacado dirigente como es Hugo Venegas.\" width=\"580\" height=\"399\" srcset=\"https:\/\/i0.wp.com\/eltrabajo.cl\/portal\/wp-content\/uploads\/2018\/09\/Aroldo.jpg?w=580&amp;ssl=1 580w, https:\/\/i0.wp.com\/eltrabajo.cl\/portal\/wp-content\/uploads\/2018\/09\/Aroldo.jpg?resize=200%2C138&amp;ssl=1 200w, https:\/\/i0.wp.com\/eltrabajo.cl\/portal\/wp-content\/uploads\/2018\/09\/Aroldo.jpg?resize=300%2C206&amp;ssl=1 300w, https:\/\/i0.wp.com\/eltrabajo.cl\/portal\/wp-content\/uploads\/2018\/09\/Aroldo.jpg?resize=218%2C150&amp;ssl=1 218w, https:\/\/i0.wp.com\/eltrabajo.cl\/portal\/wp-content\/uploads\/2018\/09\/Aroldo.jpg?resize=400%2C275&amp;ssl=1 400w\" sizes=\"auto, (max-width: 580px) 100vw, 580px\" \/><figcaption id=\"caption-attachment-88175\" class=\"wp-caption-text\">Aroldo Cantillano Morales (a la derecha), junto a otro destacado dirigente como es Hugo Venegas.<\/figcaption><\/figure>\n","protected":false},"excerpt":{"rendered":"<p>Una vez m\u00e1s la Villa El Carmen est\u00e1 siendo azotada por la delincuencia, donde tres casas han sido desvalijadas y la noche de este martes dos autos fueron desmantelados. En conversaci\u00f3n con&#8230;<\/p>\n","protected":false},"author":1,"featured_media":88175,"comment_status":"closed","ping_status":"open","sticky":false,"template":"","format":"standard","meta":{"advanced_seo_description":"","jetpack_seo_html_title":"","jetpack_seo_noindex":false,"_jetpack_memberships_contains_paid_content":false,"footnotes":""},"categories":[15],"tags":[],"class_list":["post-88173","post","type-post","status-publish","format-standard","has-post-thumbnail","hentry","category-comunidad"],"jetpack_featured_media_url":"https:\/\/i0.wp.com\/eltrabajo.cl\/portal\/wp-content\/uploads\/2018\/09\/Aroldo.jpg?fit=580%2C399&ssl=1","jetpack_sharing_enabled":true,"jetpack_likes_enabled":true,"jetpack-related-posts":[],"_links":{"self":[{"href":"https:\/\/eltrabajo.cl\/portal\/wp-json\/wp\/v2\/posts\/88173","targetHints":{"allow":["GET"]}}],"collection":[{"href":"https:\/\/eltrabajo.cl\/portal\/wp-json\/wp\/v2\/posts"}],"about":[{"href":"https:\/\/eltrabajo.cl\/portal\/wp-json\/wp\/v2\/types\/post"}],"author":[{"embeddable":true,"href":"https:\/\/eltrabajo.cl\/portal\/wp-json\/wp\/v2\/users\/1"}],"replies":[{"embeddable":true,"href":"https:\/\/eltrabajo.cl\/portal\/wp-json\/wp\/v2\/comments?post=88173"}],"version-history":[{"count":0,"href":"https:\/\/eltrabajo.cl\/portal\/wp-json\/wp\/v2\/posts\/88173\/revisions"}],"wp:featuredmedia":[{"embeddable":true,"href":"https:\/\/eltrabajo.cl\/portal\/wp-json\/wp\/v2\/media\/88175"}],"wp:attachment":[{"href":"https:\/\/eltrabajo.cl\/portal\/wp-json\/wp\/v2\/media?parent=88173"}],"wp:term":[{"taxonomy":"category","embeddable":true,"href":"https:\/\/eltrabajo.cl\/portal\/wp-json\/wp\/v2\/categories?post=88173"},{"taxonomy":"post_tag","embeddable":true,"href":"https:\/\/eltrabajo.cl\/portal\/wp-json\/wp\/v2\/tags?post=88173"}],"curies":[{"name":"wp","href":"https:\/\/api.w.org\/{rel}","templated":true}]}}