{"id":88196,"date":"2018-09-07T05:01:16","date_gmt":"2018-09-07T09:01:16","guid":{"rendered":"http:\/\/www.eltrabajo.cl\/2017\/?p=88196"},"modified":"2018-09-07T05:01:16","modified_gmt":"2018-09-07T09:01:16","slug":"sanfelipenos-compiten-manana-en-primer-interregional-de-bandas-en-san-javier","status":"publish","type":"post","link":"https:\/\/eltrabajo.cl\/portal\/sanfelipenos-compiten-manana-en-primer-interregional-de-bandas-en-san-javier\/","title":{"rendered":"Sanfelipe\u00f1os compiten ma\u00f1ana en Primer Interregional de bandas en San Javier"},"content":{"rendered":"<figure id=\"attachment_88198\" aria-describedby=\"caption-attachment-88198\" style=\"width: 579px\" class=\"wp-caption alignnone\"><img data-recalc-dims=\"1\" loading=\"lazy\" decoding=\"async\" class=\"size-full wp-image-88198\" src=\"https:\/\/i0.wp.com\/www.eltrabajo.cl\/2017\/wp-content\/uploads\/2018\/09\/Banda2.jpg?resize=579%2C386\" alt=\"Ayer las c\u00e1maras de Diario El Trabajo pillaron a estos valiosos directivos de tan hermoso proyecto.\" width=\"579\" height=\"386\" srcset=\"https:\/\/i0.wp.com\/eltrabajo.cl\/portal\/wp-content\/uploads\/2018\/09\/Banda2.jpg?w=579&amp;ssl=1 579w, https:\/\/i0.wp.com\/eltrabajo.cl\/portal\/wp-content\/uploads\/2018\/09\/Banda2.jpg?resize=200%2C133&amp;ssl=1 200w, https:\/\/i0.wp.com\/eltrabajo.cl\/portal\/wp-content\/uploads\/2018\/09\/Banda2.jpg?resize=300%2C200&amp;ssl=1 300w, https:\/\/i0.wp.com\/eltrabajo.cl\/portal\/wp-content\/uploads\/2018\/09\/Banda2.jpg?resize=225%2C150&amp;ssl=1 225w, https:\/\/i0.wp.com\/eltrabajo.cl\/portal\/wp-content\/uploads\/2018\/09\/Banda2.jpg?resize=400%2C267&amp;ssl=1 400w\" sizes=\"auto, (max-width: 579px) 100vw, 579px\" \/><figcaption id=\"caption-attachment-88198\" class=\"wp-caption-text\">Ayer las c\u00e1maras de Diario El Trabajo pillaron a estos valiosos directivos de tan hermoso proyecto.<\/figcaption><\/figure>\n<p>Ma\u00f1ana s\u00e1bado para los chicos de la Banda de Guerra General Patriota Jos\u00e9 de San Mart\u00edn, de la Escuela Jos\u00e9 de San Mart\u00edn de San Felipe, ser\u00e1 m\u00e1s que un d\u00eda importante, ya que viajar\u00e1n hasta la ciudad de San Javier para representar a nuestra comuna en el Primer Interregional de Bandas organizado por Liceo Manuel Montt, de San Javier, jornada en la que se ver\u00e1n las caras con las m\u00e1s competitivas agrupaciones del pa\u00eds, son 60 estudiantes sanfelipe\u00f1os los que viajar\u00e1n con sus padres tambi\u00e9n hoy viernes a las 7:30 horas. Este viaje, con tres buses llenos, es financiado gracias a los Fondos SEP del colegio.<br \/>\nEl certamen se realizar\u00e1 ma\u00f1ana a partir de las 14:00 horas en el Estadio Municipal Alfonso Escobar Villablanca. Esta Banda fue fundada el 5 de septiembre de 2016 y est\u00e1 a cargo del instructor Ignacio Aguilera Morales, como director de la misma.<\/p>\n<figure id=\"attachment_88197\" aria-describedby=\"caption-attachment-88197\" style=\"width: 579px\" class=\"wp-caption alignnone\"><img data-recalc-dims=\"1\" loading=\"lazy\" decoding=\"async\" class=\"size-full wp-image-88197\" src=\"https:\/\/i0.wp.com\/www.eltrabajo.cl\/2017\/wp-content\/uploads\/2018\/09\/Banda1.jpg?resize=579%2C386\" alt=\"Aqu\u00ed tenemos a los chicos de la Escuela Jos\u00e9 de San Mart\u00edn, motivados ante este gran desaf\u00edo.\" width=\"579\" height=\"386\" srcset=\"https:\/\/i0.wp.com\/eltrabajo.cl\/portal\/wp-content\/uploads\/2018\/09\/Banda1.jpg?w=579&amp;ssl=1 579w, https:\/\/i0.wp.com\/eltrabajo.cl\/portal\/wp-content\/uploads\/2018\/09\/Banda1.jpg?resize=200%2C133&amp;ssl=1 200w, https:\/\/i0.wp.com\/eltrabajo.cl\/portal\/wp-content\/uploads\/2018\/09\/Banda1.jpg?resize=300%2C200&amp;ssl=1 300w, https:\/\/i0.wp.com\/eltrabajo.cl\/portal\/wp-content\/uploads\/2018\/09\/Banda1.jpg?resize=225%2C150&amp;ssl=1 225w, https:\/\/i0.wp.com\/eltrabajo.cl\/portal\/wp-content\/uploads\/2018\/09\/Banda1.jpg?resize=400%2C267&amp;ssl=1 400w\" sizes=\"auto, (max-width: 579px) 100vw, 579px\" \/><figcaption id=\"caption-attachment-88197\" class=\"wp-caption-text\">Aqu\u00ed tenemos a los chicos de la Escuela Jos\u00e9 de San Mart\u00edn, motivados ante este gran desaf\u00edo.<\/figcaption><\/figure>\n","protected":false},"excerpt":{"rendered":"<p>Ma\u00f1ana s\u00e1bado para los chicos de la Banda de Guerra General Patriota Jos\u00e9 de San Mart\u00edn, de la Escuela Jos\u00e9 de San Mart\u00edn de San Felipe, ser\u00e1 m\u00e1s que un d\u00eda importante,&#8230;<\/p>\n","protected":false},"author":1,"featured_media":88197,"comment_status":"closed","ping_status":"open","sticky":false,"template":"","format":"standard","meta":{"advanced_seo_description":"","jetpack_seo_html_title":"","jetpack_seo_noindex":false,"_jetpack_memberships_contains_paid_content":false,"footnotes":""},"categories":[15],"tags":[],"class_list":["post-88196","post","type-post","status-publish","format-standard","has-post-thumbnail","hentry","category-comunidad"],"jetpack_featured_media_url":"https:\/\/i0.wp.com\/eltrabajo.cl\/portal\/wp-content\/uploads\/2018\/09\/Banda1.jpg?fit=579%2C386&ssl=1","jetpack_sharing_enabled":true,"jetpack_likes_enabled":true,"jetpack-related-posts":[],"_links":{"self":[{"href":"https:\/\/eltrabajo.cl\/portal\/wp-json\/wp\/v2\/posts\/88196","targetHints":{"allow":["GET"]}}],"collection":[{"href":"https:\/\/eltrabajo.cl\/portal\/wp-json\/wp\/v2\/posts"}],"about":[{"href":"https:\/\/eltrabajo.cl\/portal\/wp-json\/wp\/v2\/types\/post"}],"author":[{"embeddable":true,"href":"https:\/\/eltrabajo.cl\/portal\/wp-json\/wp\/v2\/users\/1"}],"replies":[{"embeddable":true,"href":"https:\/\/eltrabajo.cl\/portal\/wp-json\/wp\/v2\/comments?post=88196"}],"version-history":[{"count":0,"href":"https:\/\/eltrabajo.cl\/portal\/wp-json\/wp\/v2\/posts\/88196\/revisions"}],"wp:featuredmedia":[{"embeddable":true,"href":"https:\/\/eltrabajo.cl\/portal\/wp-json\/wp\/v2\/media\/88197"}],"wp:attachment":[{"href":"https:\/\/eltrabajo.cl\/portal\/wp-json\/wp\/v2\/media?parent=88196"}],"wp:term":[{"taxonomy":"category","embeddable":true,"href":"https:\/\/eltrabajo.cl\/portal\/wp-json\/wp\/v2\/categories?post=88196"},{"taxonomy":"post_tag","embeddable":true,"href":"https:\/\/eltrabajo.cl\/portal\/wp-json\/wp\/v2\/tags?post=88196"}],"curies":[{"name":"wp","href":"https:\/\/api.w.org\/{rel}","templated":true}]}}