{"id":88200,"date":"2018-09-07T05:02:27","date_gmt":"2018-09-07T09:02:27","guid":{"rendered":"http:\/\/www.eltrabajo.cl\/2017\/?p=88200"},"modified":"2018-09-07T05:02:27","modified_gmt":"2018-09-07T09:02:27","slug":"burocracia-demora-salida-a-terreno-de-camionetas-de-seguridad-ciudadana","status":"publish","type":"post","link":"https:\/\/eltrabajo.cl\/portal\/burocracia-demora-salida-a-terreno-de-camionetas-de-seguridad-ciudadana\/","title":{"rendered":"Burocracia demora salida a terreno de camionetas de seguridad ciudadana"},"content":{"rendered":"<figure id=\"attachment_88201\" aria-describedby=\"caption-attachment-88201\" style=\"width: 579px\" class=\"wp-caption alignnone\"><img data-recalc-dims=\"1\" loading=\"lazy\" decoding=\"async\" class=\"size-full wp-image-88201\" src=\"https:\/\/i0.wp.com\/www.eltrabajo.cl\/2017\/wp-content\/uploads\/2018\/09\/SAN-FELIPE-CAMIONETAS-SEGURIDAD.jpg?resize=579%2C382\" alt=\"Ac\u00e1 vemos las camionetas junto a personal de fiscalizaci\u00f3n durante la ceremonia de entrega.\" width=\"579\" height=\"382\" srcset=\"https:\/\/i0.wp.com\/eltrabajo.cl\/portal\/wp-content\/uploads\/2018\/09\/SAN-FELIPE-CAMIONETAS-SEGURIDAD.jpg?w=579&amp;ssl=1 579w, https:\/\/i0.wp.com\/eltrabajo.cl\/portal\/wp-content\/uploads\/2018\/09\/SAN-FELIPE-CAMIONETAS-SEGURIDAD.jpg?resize=200%2C132&amp;ssl=1 200w, https:\/\/i0.wp.com\/eltrabajo.cl\/portal\/wp-content\/uploads\/2018\/09\/SAN-FELIPE-CAMIONETAS-SEGURIDAD.jpg?resize=300%2C198&amp;ssl=1 300w, https:\/\/i0.wp.com\/eltrabajo.cl\/portal\/wp-content\/uploads\/2018\/09\/SAN-FELIPE-CAMIONETAS-SEGURIDAD.jpg?resize=227%2C150&amp;ssl=1 227w, https:\/\/i0.wp.com\/eltrabajo.cl\/portal\/wp-content\/uploads\/2018\/09\/SAN-FELIPE-CAMIONETAS-SEGURIDAD.jpg?resize=400%2C264&amp;ssl=1 400w\" sizes=\"auto, (max-width: 579px) 100vw, 579px\" \/><figcaption id=\"caption-attachment-88201\" class=\"wp-caption-text\">Ac\u00e1 vemos las camionetas junto a personal de fiscalizaci\u00f3n durante la ceremonia de entrega.<\/figcaption><\/figure>\n<p>Fueron entregadas con bombos y platillos en una ceremonia encabezada por el alcalde Patricio Freire Canto, representantes del gobierno provincial y regional, sin embargo hasta el d\u00eda de hoy la comunidad de San Felipe no las ha visto transitar por las calles de la ciudad. Nos referimos a las camionetas que se supone patrullar\u00e1n la comuna en apoyo a la labor de las polic\u00edas, con el fin de aumentar la sensaci\u00f3n de seguridad en las personas, medidas que est\u00e1n siendo muy usadas por las autoridades teniendo en cuenta la sensaci\u00f3n de abandono que tienen las personas en cuanto a la delincuencia.<br \/>\nEn palabras simples, todos saben que est\u00e1n, pero nadie las ha visto.<br \/>\nEl coordinador comunal de Seguridad, Alexis Guerrero, en conversaci\u00f3n con les medios de prensa y al ser consultado por esta situaci\u00f3n, se\u00f1al\u00f3 que las camionetas van a empezar a funcionar con personal del departamento de Fiscalizaci\u00f3n en esta primera etapa de aqu\u00ed a diciembre, \u201cpara afinar este sistema y posteriormente en el 2019 -porque lo van a incluir en el presupuesto de este a\u00f1o- van a empezar a funcionar de una forma mixta, tambi\u00e9n de apoyo al trabajo de los fiscalizadores, pero tambi\u00e9n en labores de prevenci\u00f3n\u201d, indic\u00f3.<br \/>\nReconoci\u00f3 de todas maneras que est\u00e1n en un tema administrativo de traspaso \u201cde una direcci\u00f3n a otra para ya dar curso a la implementaci\u00f3n, yo espero que muy pronto las camionetas est\u00e9n en terreno dando a notar para lo que se adquirieron y el uso que se les tiene que dar\u201d, finaliz\u00f3.<br \/>\nLas camionetas totalmente equipadas tuvieron un costo cercano a los ochenta millones de pesos.<\/p>\n","protected":false},"excerpt":{"rendered":"<p>Fueron entregadas con bombos y platillos en una ceremonia encabezada por el alcalde Patricio Freire Canto, representantes del gobierno provincial y regional, sin embargo hasta el d\u00eda de hoy la comunidad de&#8230;<\/p>\n","protected":false},"author":1,"featured_media":88201,"comment_status":"closed","ping_status":"open","sticky":false,"template":"","format":"standard","meta":{"advanced_seo_description":"","jetpack_seo_html_title":"","jetpack_seo_noindex":false,"_jetpack_memberships_contains_paid_content":false,"footnotes":""},"categories":[1],"tags":[],"class_list":["post-88200","post","type-post","status-publish","format-standard","has-post-thumbnail","hentry","category-cronica"],"jetpack_featured_media_url":"https:\/\/i0.wp.com\/eltrabajo.cl\/portal\/wp-content\/uploads\/2018\/09\/SAN-FELIPE-CAMIONETAS-SEGURIDAD.jpg?fit=579%2C382&ssl=1","jetpack_sharing_enabled":true,"jetpack_likes_enabled":true,"jetpack-related-posts":[],"_links":{"self":[{"href":"https:\/\/eltrabajo.cl\/portal\/wp-json\/wp\/v2\/posts\/88200","targetHints":{"allow":["GET"]}}],"collection":[{"href":"https:\/\/eltrabajo.cl\/portal\/wp-json\/wp\/v2\/posts"}],"about":[{"href":"https:\/\/eltrabajo.cl\/portal\/wp-json\/wp\/v2\/types\/post"}],"author":[{"embeddable":true,"href":"https:\/\/eltrabajo.cl\/portal\/wp-json\/wp\/v2\/users\/1"}],"replies":[{"embeddable":true,"href":"https:\/\/eltrabajo.cl\/portal\/wp-json\/wp\/v2\/comments?post=88200"}],"version-history":[{"count":0,"href":"https:\/\/eltrabajo.cl\/portal\/wp-json\/wp\/v2\/posts\/88200\/revisions"}],"wp:featuredmedia":[{"embeddable":true,"href":"https:\/\/eltrabajo.cl\/portal\/wp-json\/wp\/v2\/media\/88201"}],"wp:attachment":[{"href":"https:\/\/eltrabajo.cl\/portal\/wp-json\/wp\/v2\/media?parent=88200"}],"wp:term":[{"taxonomy":"category","embeddable":true,"href":"https:\/\/eltrabajo.cl\/portal\/wp-json\/wp\/v2\/categories?post=88200"},{"taxonomy":"post_tag","embeddable":true,"href":"https:\/\/eltrabajo.cl\/portal\/wp-json\/wp\/v2\/tags?post=88200"}],"curies":[{"name":"wp","href":"https:\/\/api.w.org\/{rel}","templated":true}]}}