{"id":88203,"date":"2018-09-07T05:03:43","date_gmt":"2018-09-07T09:03:43","guid":{"rendered":"http:\/\/www.eltrabajo.cl\/2017\/?p=88203"},"modified":"2018-09-07T05:03:43","modified_gmt":"2018-09-07T09:03:43","slug":"a-fines-de-mes-parte-reparacion-de-planta-de-tratamiento-de-algarrobal","status":"publish","type":"post","link":"https:\/\/eltrabajo.cl\/portal\/a-fines-de-mes-parte-reparacion-de-planta-de-tratamiento-de-algarrobal\/","title":{"rendered":"A fines de mes parte reparaci\u00f3n de planta de tratamiento de Algarrobal"},"content":{"rendered":"<figure id=\"attachment_88204\" aria-describedby=\"caption-attachment-88204\" style=\"width: 579px\" class=\"wp-caption alignnone\"><img data-recalc-dims=\"1\" loading=\"lazy\" decoding=\"async\" class=\"size-full wp-image-88204\" src=\"https:\/\/i0.wp.com\/www.eltrabajo.cl\/2017\/wp-content\/uploads\/2018\/09\/FirmaConvenioAlgarrobal.jpg?resize=579%2C356\" alt=\"El gobernador Claudio Rodr\u00edguez junto al alcalde Patricio Freire y el director de comunidades de Codelco Divisi\u00f3n Andina, Carlos R\u00edos, firman el convenio de financiamiento para reparar la planta de tratamiento de aguas servidas de Algarrobal.\" width=\"579\" height=\"356\" srcset=\"https:\/\/i0.wp.com\/eltrabajo.cl\/portal\/wp-content\/uploads\/2018\/09\/FirmaConvenioAlgarrobal.jpg?w=579&amp;ssl=1 579w, https:\/\/i0.wp.com\/eltrabajo.cl\/portal\/wp-content\/uploads\/2018\/09\/FirmaConvenioAlgarrobal.jpg?resize=200%2C123&amp;ssl=1 200w, https:\/\/i0.wp.com\/eltrabajo.cl\/portal\/wp-content\/uploads\/2018\/09\/FirmaConvenioAlgarrobal.jpg?resize=300%2C184&amp;ssl=1 300w, https:\/\/i0.wp.com\/eltrabajo.cl\/portal\/wp-content\/uploads\/2018\/09\/FirmaConvenioAlgarrobal.jpg?resize=244%2C150&amp;ssl=1 244w, https:\/\/i0.wp.com\/eltrabajo.cl\/portal\/wp-content\/uploads\/2018\/09\/FirmaConvenioAlgarrobal.jpg?resize=400%2C246&amp;ssl=1 400w\" sizes=\"auto, (max-width: 579px) 100vw, 579px\" \/><figcaption id=\"caption-attachment-88204\" class=\"wp-caption-text\">El gobernador Claudio Rodr\u00edguez junto al alcalde Patricio Freire y el director de comunidades de Codelco Divisi\u00f3n Andina, Carlos R\u00edos, firman el convenio de financiamiento para reparar la planta de tratamiento de aguas servidas de Algarrobal.<\/figcaption><\/figure>\n<ul>\n<li><strong>Obra demandar\u00e1 una inversi\u00f3n de 25 millones de pesos y fue el resultado de una gesti\u00f3n entre la Municipalidad de San Felipe, Gobernaci\u00f3n y Codelco Divisi\u00f3n Andina.<\/strong><\/li>\n<\/ul>\n<p>En una muestra del trabajo conjunto que impulsan las autoridades locales, se firm\u00f3 el convenio de financiamiento que permitir\u00e1 la reparaci\u00f3n de la maquinaria que opera la planta de tratamiento de aguas servidas ubicada en el sector Algarrobal, en la comuna de San Felipe.<br \/>\nEl proyecto demandar\u00e1 un costo total de 25 millones de pesos y se espera que la ejecuci\u00f3n se inicie a fines del mes de septiembre.<br \/>\nEl aporte fue entregado por Codelco Divisi\u00f3n Andina, en respuesta a las gestiones realizadas en conjunto por el alcalde Patricio Freire y el gobernador Claudio Rodr\u00edguez, como tambi\u00e9n por la propia directiva de la Cooperativa Algarrobal y de la junta de vecinos del mencionado sector.<br \/>\nEl desperfecto de la maquinaria se registr\u00f3 en febrero de este a\u00f1o, afectando a un total de 120 familias que est\u00e1n conectadas a la planta.<br \/>\nA ra\u00edz de esta emergencia sanitaria, los vecinos solicitaron el apoyo de la Municipalidad de San Felipe, permitiendo contar con un servicio de camiones limpia fosas y con esto, evitar un problema mayor.<br \/>\nLa dificultad que enfrentaba la directiva de la cooperativa, adem\u00e1s de no contar con los recursos para la reparaci\u00f3n, se daba por el costo que significaba levantar un proyecto para construir una nueva planta y los plazos que este proceso demandar\u00eda.<br \/>\n\u00abLo que est\u00e1bamos viviendo era una situaci\u00f3n bien compleja, no ten\u00edamos c\u00f3mo pedir los recursos para conseguirlo, se logr\u00f3 este acuerdo con Codelco y nos donar\u00e1 el dinero para modernizar la planta a la espera del proyecto final\u00bb, coment\u00f3 la presidenta de la junta de vecinos de Algarrobal, Andrea Quijanes.<br \/>\nA\u00f1adi\u00f3 que esto se transform\u00f3 en un problema ambiental severo para todo el sector, principalmente por los malos olores, m\u00e1s a\u00fan cuando hay una poblaci\u00f3n y metros m\u00e1s all\u00e1 est\u00e1 la escuela: \u00abEra una situaci\u00f3n poco digna, por eso esperamos que se hagan los arreglos y sacar la planta de ah\u00ed\u00bb.<br \/>\nEl alcalde Patricio Freire valor\u00f3 el aporte de Codelco Divisi\u00f3n Andina, se\u00f1alando que se est\u00e1 consciente de la necesidad que exist\u00eda de efectuar este arreglo en el m\u00e1s breve plazo: \u00abEl municipio est\u00e1 trabajando en el dise\u00f1o de una planta nueva, pero en el intertanto estos arreglos ser\u00e1n fundamentales dentro de este mismo proceso\u00bb, coment\u00f3.<br \/>\nEl director de comunidades de Codelco Divisi\u00f3n Andina, Carlos R\u00edos, dej\u00f3 en claro que solo se hizo eco de lo que ped\u00edan los vecinos: \u00abEvaluamos que es un proyecto intermedio y que no es la soluci\u00f3n final del problema que tienen, pero estamos muy gratos de darle un respiro a la localidad de Algarrobal y buscar una soluci\u00f3n integral junto a las autoridades\u00bb.<\/p>\n","protected":false},"excerpt":{"rendered":"<p>Obra demandar\u00e1 una inversi\u00f3n de 25 millones de pesos y fue el resultado de una gesti\u00f3n entre la Municipalidad de San Felipe, Gobernaci\u00f3n y Codelco Divisi\u00f3n Andina. En una muestra del trabajo&#8230;<\/p>\n","protected":false},"author":1,"featured_media":88204,"comment_status":"closed","ping_status":"open","sticky":false,"template":"","format":"standard","meta":{"advanced_seo_description":"","jetpack_seo_html_title":"","jetpack_seo_noindex":false,"_jetpack_memberships_contains_paid_content":false,"footnotes":""},"categories":[1],"tags":[],"class_list":["post-88203","post","type-post","status-publish","format-standard","has-post-thumbnail","hentry","category-cronica"],"jetpack_featured_media_url":"https:\/\/i0.wp.com\/eltrabajo.cl\/portal\/wp-content\/uploads\/2018\/09\/FirmaConvenioAlgarrobal.jpg?fit=579%2C356&ssl=1","jetpack_sharing_enabled":true,"jetpack_likes_enabled":true,"jetpack-related-posts":[],"_links":{"self":[{"href":"https:\/\/eltrabajo.cl\/portal\/wp-json\/wp\/v2\/posts\/88203","targetHints":{"allow":["GET"]}}],"collection":[{"href":"https:\/\/eltrabajo.cl\/portal\/wp-json\/wp\/v2\/posts"}],"about":[{"href":"https:\/\/eltrabajo.cl\/portal\/wp-json\/wp\/v2\/types\/post"}],"author":[{"embeddable":true,"href":"https:\/\/eltrabajo.cl\/portal\/wp-json\/wp\/v2\/users\/1"}],"replies":[{"embeddable":true,"href":"https:\/\/eltrabajo.cl\/portal\/wp-json\/wp\/v2\/comments?post=88203"}],"version-history":[{"count":0,"href":"https:\/\/eltrabajo.cl\/portal\/wp-json\/wp\/v2\/posts\/88203\/revisions"}],"wp:featuredmedia":[{"embeddable":true,"href":"https:\/\/eltrabajo.cl\/portal\/wp-json\/wp\/v2\/media\/88204"}],"wp:attachment":[{"href":"https:\/\/eltrabajo.cl\/portal\/wp-json\/wp\/v2\/media?parent=88203"}],"wp:term":[{"taxonomy":"category","embeddable":true,"href":"https:\/\/eltrabajo.cl\/portal\/wp-json\/wp\/v2\/categories?post=88203"},{"taxonomy":"post_tag","embeddable":true,"href":"https:\/\/eltrabajo.cl\/portal\/wp-json\/wp\/v2\/tags?post=88203"}],"curies":[{"name":"wp","href":"https:\/\/api.w.org\/{rel}","templated":true}]}}