{"id":88216,"date":"2018-09-10T05:00:07","date_gmt":"2018-09-10T09:00:07","guid":{"rendered":"http:\/\/www.eltrabajo.cl\/2017\/?p=88216"},"modified":"2018-09-10T05:00:07","modified_gmt":"2018-09-10T09:00:07","slug":"no-hay-ninguna-solicitud-formal-de-tur-bus-para-operar-a-santiago-o-valparaiso-desde-san-felipe","status":"publish","type":"post","link":"https:\/\/eltrabajo.cl\/portal\/no-hay-ninguna-solicitud-formal-de-tur-bus-para-operar-a-santiago-o-valparaiso-desde-san-felipe\/","title":{"rendered":"\u00abNo hay ninguna solicitud formal de Tur Bus para operar a Santiago o Valpara\u00edso desde San Felipe\u00bb"},"content":{"rendered":"<figure id=\"attachment_88217\" aria-describedby=\"caption-attachment-88217\" style=\"width: 580px\" class=\"wp-caption alignnone\"><img data-recalc-dims=\"1\" loading=\"lazy\" decoding=\"async\" class=\"size-full wp-image-88217\" src=\"https:\/\/i0.wp.com\/www.eltrabajo.cl\/2017\/wp-content\/uploads\/2018\/09\/seremi.jpg?resize=580%2C400\" alt=\"En la foto Gerard Oliger, Seremi de Transporte, tercero de izquierda a derecha.\" width=\"580\" height=\"400\" srcset=\"https:\/\/i0.wp.com\/eltrabajo.cl\/portal\/wp-content\/uploads\/2018\/09\/seremi.jpg?w=580&amp;ssl=1 580w, https:\/\/i0.wp.com\/eltrabajo.cl\/portal\/wp-content\/uploads\/2018\/09\/seremi.jpg?resize=200%2C138&amp;ssl=1 200w, https:\/\/i0.wp.com\/eltrabajo.cl\/portal\/wp-content\/uploads\/2018\/09\/seremi.jpg?resize=300%2C207&amp;ssl=1 300w, https:\/\/i0.wp.com\/eltrabajo.cl\/portal\/wp-content\/uploads\/2018\/09\/seremi.jpg?resize=218%2C150&amp;ssl=1 218w, https:\/\/i0.wp.com\/eltrabajo.cl\/portal\/wp-content\/uploads\/2018\/09\/seremi.jpg?resize=400%2C276&amp;ssl=1 400w\" sizes=\"auto, (max-width: 580px) 100vw, 580px\" \/><figcaption id=\"caption-attachment-88217\" class=\"wp-caption-text\">En la foto Gerard Oliger, Seremi de Transporte, tercero de izquierda a derecha.<\/figcaption><\/figure>\n<p><span style=\"color: #ff0000;\"><strong>Seremi de Transporte Gerard Oliger:<\/strong><\/span><\/p>\n<p>El Seremi de Transporte de la V Regi\u00f3n Valpara\u00edso durante su visita al terminal de buses de San Felipe para efectuar la fiscalizaci\u00f3n de buses interprovinciales, al ser consultado por nuestro medio sobre el estado en que est\u00e1 la solicitud de la empresa Tur Bus para operar entre Santiago-San Felipe y Valpara\u00edso-San Felipe, dijo que ellos no tienen ninguna solicitud formal de esta empresa, pese a que la empresa ya cuenta con la autorizaci\u00f3n del Concejo Municipal para tener una oficina de ventas de pasajes en el terminal Rodoviario.<br \/>\n\u201cNo no nos ha llegado solicitud formal\u201d, dijo Gerard Oliger.<br \/>\n<strong>&#8211; \u00bfNo nada?<\/strong><br \/>\n&#8211; No, nada.<br \/>\n<strong>&#8211; El director de Tr\u00e1nsito dijo en su momento que la tramitaci\u00f3n estaba en la Seremi de Transportes.<\/strong><br \/>\n&#8211; No tenemos solicitud formal.<br \/>\n<strong>&#8211; \u00bfNo hay nada de Tur Bus entonces? <\/strong><br \/>\n&#8211; No tenemos solicitud formal.<br \/>\n<strong>&#8211; Cuando usted dice solicitud formal \u00bfa qu\u00e9 se refiere?<\/strong><br \/>\n&#8211; Que no ha llegado nada, no, no tenemos solicitud.<\/p>\n<p><span style=\"color: #ff0000;\"><strong>EL DUOPOLIO<\/strong><\/span><br \/>\nActualmente existe un duopolio integrado por las empresas Pullman Bus y Buses Ahumada, que operan tanto hacia Santiago en el caso de Ahumada, mientras que Pullman Bus a Santiago, Vi\u00f1a del Mar, Valpara\u00edso en forma directa.<br \/>\nEl martes de la semana pasada, en sesi\u00f3n ordinaria, el Concejo Municipal de San Felipe aprob\u00f3 por unanimidad la solicitud presentada por la empresa Tur Bus a trav\u00e9s de la alcald\u00eda para acceder a tener una oficina de venta de pasajes en el terminal Rodoviario de la ciudad, ubicado en Avenida Yungay, y de esa manera poder efectuar recorridos a Santiago, Vi\u00f1a del Mar y Valpara\u00edso.<br \/>\nEsto fue ratificado por el director de Tr\u00e1nsito, Guillermo Orellana, quien en ese momento se\u00f1al\u00f3 que \u00abefectivamente el Concejo Municipal a trav\u00e9s de una propuesta que entreg\u00f3 el alcalde, aprob\u00f3 el ingreso al terminal Rodoviario de la empresa Tur Bus que en su oferta para la comunidad de San Felipe presenta recorridos hacia San Felipe Santiago, San Felipe Vi\u00f1a del Mar Valpara\u00edso y en ese sentido el alcalde est\u00e1 muy satisfecho que la esta empresa haya llegado para el beneficio de la comunidad\u00bb.<br \/>\nA\u00f1adi\u00f3 que con el documento se va a generar un certificado de acuerdo, despu\u00e9s un decreto y as\u00ed la empresa inicia sus diligencias ante la Seremi de Transporte para que pueda gestionar ante ese organismo los procesos para obtener los permisos de los servicios correspondientes.<br \/>\n<strong>&#8211; \u00bfEso cu\u00e1ndo ya podr\u00eda estar listo?<\/strong><br \/>\n&#8211; Desconozco los requisitos que le piden en la Seremi de Transporte, hay un formato de procedimiento, eso lo establece el Ministerio de Transporte, yo quiero que esto est\u00e9 lo m\u00e1s pronto posible, antes de 30 d\u00edas, pero mientras no est\u00e9 la resoluci\u00f3n que permite echar a andar el servicio, el municipio no puede informar respecto a la entrega definitiva que har\u00e1 la seremi de transporte.<br \/>\n<strong>&#8211; Pero de todas maneras ya es un punto a favor que la empresa de Tur Bus cuente con la autorizaci\u00f3n municipal.<\/strong><br \/>\n&#8211; Indudablemente, porque uno de los requisitos que se exig\u00eda a la empresa es contar con una autorizaci\u00f3n municipal para ingresar al terminal, con ello ya la empresa ha logrado, lo tienen en su poder, por lo tanto est\u00e1n iniciando a partir de ahora tr\u00e1mites con la Seremi de Transporte.<br \/>\nEn cuanto a alguna injerencia en las tarifas de los pasajes, dijo que ellos no incid\u00edan en eso porque es facultad de la Seremi de Transporte, sin embargo la empresa informar\u00e1 el precio definitivo que ofrecer\u00e1 al p\u00fablico Sanfelipe\u00f1o.<br \/>\n<strong>&#8211; Hace tiempo que no se hac\u00eda este tipo de solicitudes.<\/strong><br \/>\n&#8211; No ten\u00edamos, una por el factor de capacidad, hoy hemos hecho una asociatividad entre dos empresas para que puedan permitir mayor servicio, diversidad y que la gente elija el mejor servicio dentro de la oferta del mercado que hoy existe.<br \/>\nActualmente existen dos empresas con recorrido director a Vi\u00f1a del Mar, Valpara\u00edso y Santiago.<\/p>\n","protected":false},"excerpt":{"rendered":"<p>Seremi de Transporte Gerard Oliger: El Seremi de Transporte de la V Regi\u00f3n Valpara\u00edso durante su visita al terminal de buses de San Felipe para efectuar la fiscalizaci\u00f3n de buses interprovinciales, al&#8230;<\/p>\n","protected":false},"author":1,"featured_media":88217,"comment_status":"closed","ping_status":"open","sticky":false,"template":"","format":"standard","meta":{"advanced_seo_description":"","jetpack_seo_html_title":"","jetpack_seo_noindex":false,"_jetpack_memberships_contains_paid_content":false,"footnotes":""},"categories":[1],"tags":[],"class_list":["post-88216","post","type-post","status-publish","format-standard","has-post-thumbnail","hentry","category-cronica"],"jetpack_featured_media_url":"https:\/\/i0.wp.com\/eltrabajo.cl\/portal\/wp-content\/uploads\/2018\/09\/seremi.jpg?fit=580%2C400&ssl=1","jetpack_sharing_enabled":true,"jetpack_likes_enabled":true,"jetpack-related-posts":[],"_links":{"self":[{"href":"https:\/\/eltrabajo.cl\/portal\/wp-json\/wp\/v2\/posts\/88216","targetHints":{"allow":["GET"]}}],"collection":[{"href":"https:\/\/eltrabajo.cl\/portal\/wp-json\/wp\/v2\/posts"}],"about":[{"href":"https:\/\/eltrabajo.cl\/portal\/wp-json\/wp\/v2\/types\/post"}],"author":[{"embeddable":true,"href":"https:\/\/eltrabajo.cl\/portal\/wp-json\/wp\/v2\/users\/1"}],"replies":[{"embeddable":true,"href":"https:\/\/eltrabajo.cl\/portal\/wp-json\/wp\/v2\/comments?post=88216"}],"version-history":[{"count":0,"href":"https:\/\/eltrabajo.cl\/portal\/wp-json\/wp\/v2\/posts\/88216\/revisions"}],"wp:featuredmedia":[{"embeddable":true,"href":"https:\/\/eltrabajo.cl\/portal\/wp-json\/wp\/v2\/media\/88217"}],"wp:attachment":[{"href":"https:\/\/eltrabajo.cl\/portal\/wp-json\/wp\/v2\/media?parent=88216"}],"wp:term":[{"taxonomy":"category","embeddable":true,"href":"https:\/\/eltrabajo.cl\/portal\/wp-json\/wp\/v2\/categories?post=88216"},{"taxonomy":"post_tag","embeddable":true,"href":"https:\/\/eltrabajo.cl\/portal\/wp-json\/wp\/v2\/tags?post=88216"}],"curies":[{"name":"wp","href":"https:\/\/api.w.org\/{rel}","templated":true}]}}