{"id":88222,"date":"2018-09-10T05:02:34","date_gmt":"2018-09-10T09:02:34","guid":{"rendered":"http:\/\/www.eltrabajo.cl\/2017\/?p=88222"},"modified":"2018-09-10T05:02:34","modified_gmt":"2018-09-10T09:02:34","slug":"vitoko-urbina-brillo-en-el-4o-encuentro-de-coleccionistas-del-futbol","status":"publish","type":"post","link":"https:\/\/eltrabajo.cl\/portal\/vitoko-urbina-brillo-en-el-4o-encuentro-de-coleccionistas-del-futbol\/","title":{"rendered":"\u2018Vitoko\u2019 Urbina brill\u00f3 en el 4\u00ba Encuentro de Coleccionistas del F\u00fatbol"},"content":{"rendered":"<figure id=\"attachment_88224\" aria-describedby=\"caption-attachment-88224\" style=\"width: 580px\" class=\"wp-caption alignnone\"><img data-recalc-dims=\"1\" loading=\"lazy\" decoding=\"async\" class=\"size-full wp-image-88224\" src=\"https:\/\/i0.wp.com\/www.eltrabajo.cl\/2017\/wp-content\/uploads\/2018\/09\/Vitoko.jpg?resize=580%2C400\" alt=\"Ac\u00e1 lo vemos durante el encuentro junto a su colecci\u00f3n de Uni\u00f3n San Felipe.\" width=\"580\" height=\"400\" srcset=\"https:\/\/i0.wp.com\/eltrabajo.cl\/portal\/wp-content\/uploads\/2018\/09\/Vitoko.jpg?w=580&amp;ssl=1 580w, https:\/\/i0.wp.com\/eltrabajo.cl\/portal\/wp-content\/uploads\/2018\/09\/Vitoko.jpg?resize=200%2C138&amp;ssl=1 200w, https:\/\/i0.wp.com\/eltrabajo.cl\/portal\/wp-content\/uploads\/2018\/09\/Vitoko.jpg?resize=300%2C207&amp;ssl=1 300w, https:\/\/i0.wp.com\/eltrabajo.cl\/portal\/wp-content\/uploads\/2018\/09\/Vitoko.jpg?resize=218%2C150&amp;ssl=1 218w, https:\/\/i0.wp.com\/eltrabajo.cl\/portal\/wp-content\/uploads\/2018\/09\/Vitoko.jpg?resize=400%2C276&amp;ssl=1 400w\" sizes=\"auto, (max-width: 580px) 100vw, 580px\" \/><figcaption id=\"caption-attachment-88224\" class=\"wp-caption-text\">Ac\u00e1 lo vemos durante el encuentro junto a su colecci\u00f3n de Uni\u00f3n San Felipe.<\/figcaption><\/figure>\n<p><span style=\"color: #ff0000;\"><strong>Realizado en Vi\u00f1a del Mar:<\/strong><\/span><\/p>\n<p>Como muy enriquecedor calific\u00f3 \u2018Vitoko\u2019 Urbina, hincha emblem\u00e1tic de Uni\u00f3n San Felipe, su participaci\u00f3n en el 4\u00ba Encuentro de Coleccionistas del F\u00fatbol desarrollado este s\u00e1bado en el Polideportivo de la Universidad Andr\u00e9s Bello de Vi\u00f1a del Mar.<br \/>\n\u201cEl encuentro fue enriquecedor para una persona como yo, soy hincha coleccionista sigo la historia del Club Uni\u00f3n San Felipe, tambi\u00e9n enriquecedor conocer a otros pares que ven\u00edan de Cobreloa, Rangers, \u00d1ublense, Curic\u00f3 Unido, se supon\u00eda que a esta exposici\u00f3n ir\u00edamos unos 20 pero fuimos 30 expositores, lleg\u00f3 gente que conoc\u00eda a Uni\u00f3n San Felipe, es decir, no se conoce s\u00f3lo a nivel local sino nacional, porque por ejemplo la gente reconoc\u00eda que Uni\u00f3n San Felipe hab\u00eda sido campe\u00f3n dos veces consecutivas, incluso que hab\u00eda participado en la Copa Libertadores, tambi\u00e9n conoc\u00edan a jugadores nombraron al DT. Santib\u00e1\u00f1ez, Cocoa Villarroel, Salvador G\u00e1lvez, Humberto Tapia, Castillo, Uruguay Grafi\u00f1a etc., del a\u00f1o 2.000 conoc\u00edan a Marcelo Corrales\u201d, dijo Urbina a Diario El Trabajo.<br \/>\nCuenta que entre las cosas que m\u00e1s les llam\u00f3 la atenci\u00f3n a los visitantes fueron algunos zapatos de f\u00fatbol, El Hallulla Mu\u00f1oz, el marcador que indica cuando Uni\u00f3n San Felipe sali\u00f3 campe\u00f3n, revistas Estadio y Diario El Trabajo, \u201csab\u00edan que gan\u00f3 la Copa Chile que le dio derecho a participar en la Copa Sudam\u00e9rica, en un momento lleg\u00f3 el Chita Cruz, \u00e9l tambi\u00e9n reconoci\u00f3 a algunos jugadores y los felicit\u00f3, porque era importante que hubiera gente en los clubes que se dedicara a esto, a la historia del mismo, reconoci\u00f3 tambi\u00e9n a jugadores como G\u00e1lvez, y al mismo Cocoa Villarroel\u201d, se\u00f1al\u00f3<br \/>\nLa entrada para acceder a este encuentro era llevar alimentos no perecibles.<br \/>\nLa actividad se desarroll\u00f3 entre las 11:00 y las 18:00 horas. Vitoko regres\u00f3 de esta actividad alrededor de las 20:00 horas emocionado de participar en este 4\u00ba Encuentro de Coleccionistas del F\u00fatbol. Fue acompa\u00f1ado por otro destacado hincha del Uni Uni como fue \u2018Longoni\u2019.<\/p>\n<figure id=\"attachment_88223\" aria-describedby=\"caption-attachment-88223\" style=\"width: 580px\" class=\"wp-caption alignnone\"><img data-recalc-dims=\"1\" loading=\"lazy\" decoding=\"async\" class=\"size-full wp-image-88223\" src=\"https:\/\/i0.wp.com\/www.eltrabajo.cl\/2017\/wp-content\/uploads\/2018\/09\/vitoko-Chita-Cruz.jpg?resize=580%2C400\" alt=\"De Izquierda a derecha: \u2018Longoni\u2019 el hist\u00f3rico Humberto \u2018Chita\u2019 Cruz y Vitoko Urbina, durante el encuentro de coleccionistas del f\u00fatbol posando con el bander\u00edn del Uni-Uni.\" width=\"580\" height=\"400\" srcset=\"https:\/\/i0.wp.com\/eltrabajo.cl\/portal\/wp-content\/uploads\/2018\/09\/vitoko-Chita-Cruz.jpg?w=580&amp;ssl=1 580w, https:\/\/i0.wp.com\/eltrabajo.cl\/portal\/wp-content\/uploads\/2018\/09\/vitoko-Chita-Cruz.jpg?resize=200%2C138&amp;ssl=1 200w, https:\/\/i0.wp.com\/eltrabajo.cl\/portal\/wp-content\/uploads\/2018\/09\/vitoko-Chita-Cruz.jpg?resize=300%2C207&amp;ssl=1 300w, https:\/\/i0.wp.com\/eltrabajo.cl\/portal\/wp-content\/uploads\/2018\/09\/vitoko-Chita-Cruz.jpg?resize=218%2C150&amp;ssl=1 218w, https:\/\/i0.wp.com\/eltrabajo.cl\/portal\/wp-content\/uploads\/2018\/09\/vitoko-Chita-Cruz.jpg?resize=400%2C276&amp;ssl=1 400w\" sizes=\"auto, (max-width: 580px) 100vw, 580px\" \/><figcaption id=\"caption-attachment-88223\" class=\"wp-caption-text\">De Izquierda a derecha: \u2018Longoni\u2019 el hist\u00f3rico Humberto \u2018Chita\u2019 Cruz y Vitoko Urbina, durante el encuentro de coleccionistas del f\u00fatbol posando con el bander\u00edn del Uni-Uni.<\/figcaption><\/figure>\n","protected":false},"excerpt":{"rendered":"<p>Realizado en Vi\u00f1a del Mar: Como muy enriquecedor calific\u00f3 \u2018Vitoko\u2019 Urbina, hincha emblem\u00e1tic de Uni\u00f3n San Felipe, su participaci\u00f3n en el 4\u00ba Encuentro de Coleccionistas del F\u00fatbol desarrollado este s\u00e1bado en el&#8230;<\/p>\n","protected":false},"author":1,"featured_media":88223,"comment_status":"closed","ping_status":"open","sticky":false,"template":"","format":"standard","meta":{"advanced_seo_description":"","jetpack_seo_html_title":"","jetpack_seo_noindex":false,"_jetpack_memberships_contains_paid_content":false,"footnotes":""},"categories":[15],"tags":[],"class_list":["post-88222","post","type-post","status-publish","format-standard","has-post-thumbnail","hentry","category-comunidad"],"jetpack_featured_media_url":"https:\/\/i0.wp.com\/eltrabajo.cl\/portal\/wp-content\/uploads\/2018\/09\/vitoko-Chita-Cruz.jpg?fit=580%2C400&ssl=1","jetpack_sharing_enabled":true,"jetpack_likes_enabled":true,"jetpack-related-posts":[],"_links":{"self":[{"href":"https:\/\/eltrabajo.cl\/portal\/wp-json\/wp\/v2\/posts\/88222","targetHints":{"allow":["GET"]}}],"collection":[{"href":"https:\/\/eltrabajo.cl\/portal\/wp-json\/wp\/v2\/posts"}],"about":[{"href":"https:\/\/eltrabajo.cl\/portal\/wp-json\/wp\/v2\/types\/post"}],"author":[{"embeddable":true,"href":"https:\/\/eltrabajo.cl\/portal\/wp-json\/wp\/v2\/users\/1"}],"replies":[{"embeddable":true,"href":"https:\/\/eltrabajo.cl\/portal\/wp-json\/wp\/v2\/comments?post=88222"}],"version-history":[{"count":0,"href":"https:\/\/eltrabajo.cl\/portal\/wp-json\/wp\/v2\/posts\/88222\/revisions"}],"wp:featuredmedia":[{"embeddable":true,"href":"https:\/\/eltrabajo.cl\/portal\/wp-json\/wp\/v2\/media\/88223"}],"wp:attachment":[{"href":"https:\/\/eltrabajo.cl\/portal\/wp-json\/wp\/v2\/media?parent=88222"}],"wp:term":[{"taxonomy":"category","embeddable":true,"href":"https:\/\/eltrabajo.cl\/portal\/wp-json\/wp\/v2\/categories?post=88222"},{"taxonomy":"post_tag","embeddable":true,"href":"https:\/\/eltrabajo.cl\/portal\/wp-json\/wp\/v2\/tags?post=88222"}],"curies":[{"name":"wp","href":"https:\/\/api.w.org\/{rel}","templated":true}]}}