{"id":88235,"date":"2018-09-11T05:00:58","date_gmt":"2018-09-11T09:00:58","guid":{"rendered":"http:\/\/www.eltrabajo.cl\/2017\/?p=88235"},"modified":"2018-09-11T05:00:58","modified_gmt":"2018-09-11T09:00:58","slug":"bandas-de-guerra-panquehuina-y-sanfelipena-ganan-1o-y-3o-lugar-en-nacional-de-bandas","status":"publish","type":"post","link":"https:\/\/eltrabajo.cl\/portal\/bandas-de-guerra-panquehuina-y-sanfelipena-ganan-1o-y-3o-lugar-en-nacional-de-bandas\/","title":{"rendered":"Bandas de Guerra panquehuina y sanfelipe\u00f1a ganan 1\u00ba y 3\u00ba lugar en Nacional de Bandas"},"content":{"rendered":"<figure id=\"attachment_88236\" aria-describedby=\"caption-attachment-88236\" style=\"width: 580px\" class=\"wp-caption alignnone\"><img data-recalc-dims=\"1\" loading=\"lazy\" decoding=\"async\" class=\"size-full wp-image-88236\" src=\"https:\/\/i0.wp.com\/www.eltrabajo.cl\/2017\/wp-content\/uploads\/2018\/09\/Campeones1.jpg?resize=580%2C399\" alt=\"SON LOS CAMPEONES.- Ellos son los estudiantes que conforman la Banda de Guerra del Liceo de Panquehue, quienes este a\u00f1o ganaron el Primer Interregional de Bandas 2018, organizado por Liceo Manuel Montt, de San Javier.\" width=\"580\" height=\"399\" srcset=\"https:\/\/i0.wp.com\/eltrabajo.cl\/portal\/wp-content\/uploads\/2018\/09\/Campeones1.jpg?w=580&amp;ssl=1 580w, https:\/\/i0.wp.com\/eltrabajo.cl\/portal\/wp-content\/uploads\/2018\/09\/Campeones1.jpg?resize=200%2C138&amp;ssl=1 200w, https:\/\/i0.wp.com\/eltrabajo.cl\/portal\/wp-content\/uploads\/2018\/09\/Campeones1.jpg?resize=300%2C206&amp;ssl=1 300w, https:\/\/i0.wp.com\/eltrabajo.cl\/portal\/wp-content\/uploads\/2018\/09\/Campeones1.jpg?resize=218%2C150&amp;ssl=1 218w, https:\/\/i0.wp.com\/eltrabajo.cl\/portal\/wp-content\/uploads\/2018\/09\/Campeones1.jpg?resize=400%2C275&amp;ssl=1 400w\" sizes=\"auto, (max-width: 580px) 100vw, 580px\" \/><figcaption id=\"caption-attachment-88236\" class=\"wp-caption-text\">SON LOS CAMPEONES.- Ellos son los estudiantes que conforman la Banda de Guerra del Liceo de Panquehue, quienes este a\u00f1o ganaron el Primer Interregional de Bandas 2018, organizado por Liceo Manuel Montt, de San Javier.<\/figcaption><\/figure>\n<p><span style=\"color: #ff0000;\"><strong>Regresaron con medallas, copas y diplomas:<\/strong><\/span><\/p>\n<p>Tal como hab\u00edamos informado a nuestros lectores, la Banda Escolar General Patriota Jos\u00e9 de San Mart\u00edn, de la Escuela Jos\u00e9 de San Mart\u00edn, viajaba este s\u00e1bado a representar nuestra comuna en el Primer Interregional de Bandas 2018, organizado por Liceo Manuel Montt, de San Javier, y regres\u00f3 con el tercer lugar B\u00e1sica Novatos.<br \/>\nTambi\u00e9n es importante destacar que por el Valle de Aconcagua no solamente esta escuela sanfelipe\u00f1a viaj\u00f3 a dicho campeonato, ya que tambi\u00e9n la Banda de Guerra del Liceo Panquehue particip\u00f3 en la actividad, logrando el primer lugar en la categor\u00eda B\u00e1sica Novatos.<\/p>\n<p><span style=\"color: #ff0000;\"><strong>LOS CAMPEONES<\/strong><\/span><br \/>\nHablemos de los campeones, a ellos en la ma\u00f1ana ayer lunes las autoridades les rindieron un especial homenaje en el patio principal de su colegio, en Panquehue, \u00abestamos felices por este primer lugar en categor\u00eda B\u00e1sica nuestros ni\u00f1os, obtuvieron tambi\u00e9n el 2\u00ba lugar en Media, primer lugar Tambor Mayor y primer lugar en Trompeta Mayor, esta es una banda que reci\u00e9n empieza hace dos a\u00f1os (\u2026) esta es la primera competencia fuera de Panquehue y vemos que vienen con tremendos logros, yo como autoridad fui el primero en ofrecer el apoyo que se necesitara para que estos chicos lograran brillar con su banda, agradecer tambi\u00e9n a los instructores, apoderados y a los mismos estudiantes\u00bb, dijo a Diario El Trabajo el alcalde de Panquehue, Luis Pradenas.<\/p>\n<p><span style=\"color: #ff0000;\"><strong>TALENTO MARTINIANO<\/strong><\/span><br \/>\nTambi\u00e9n nuestro medio habl\u00f3 con los due\u00f1os del tercer lugar, la Banda de Guerra de la Jos\u00e9 de San Mart\u00edn, en la persona de su instructor principal, Ignacio Aguilera, quien nos coment\u00f3 que \u00abuna gran jornada para todos los que fuimos este a\u00f1o a San Javier, como Banda de Guerra estamos felices por este tercer lugar obtenido en la competencia de Bandas de Guerra \u2018Sones liceanos 2018\u2019, en Regi\u00f3n del Maule. Fue una experiencia maravillosa, participaron agrupaciones escolares de Regi\u00f3n de Los Lagos, Curanilahue, Valdivia, Yerbas Buenas, Rengo, Vi\u00f1a de Mar y del Valle de Aconcagua. Como instructor de nuestra Banda estoy muy orgulloso del trabajo que lo ni\u00f1os presentaron a toda la ciudadan\u00eda que estuvo el pasado s\u00e1bado en el Estadio Municipal Alfonso Escobar Villablanca, de San Javier, y al completo apoyo de nuestra directora Ximena Baquedano y la madrina de la Banda, Daniela Viveros\u00bb, coment\u00f3 Aguilera a Diario El Trabajo.<br \/>\nTambi\u00e9n a los chicos de esta escuela sanfelipe\u00f1a sus profesores ofrecieron un c\u00e1lido homenaje en su casa de estudios, cientos de compa\u00f1eros tambi\u00e9n salieron al patio principal para festejar este tercer lugar B\u00e1sica Novatos.<br \/>\n<strong>Roberto Gonz\u00e1lez Short<\/strong><\/p>\n<figure id=\"attachment_88237\" aria-describedby=\"caption-attachment-88237\" style=\"width: 580px\" class=\"wp-caption alignnone\"><img data-recalc-dims=\"1\" loading=\"lazy\" decoding=\"async\" class=\"size-full wp-image-88237\" src=\"https:\/\/i0.wp.com\/www.eltrabajo.cl\/2017\/wp-content\/uploads\/2018\/09\/Campeones2.jpg?resize=580%2C400\" alt=\"B\u00c1SICA NOVATOS.- As\u00ed celebraron los chicos de la Banda de Guerra de la Escuela Jos\u00e9 de San Mart\u00edn, de San Felipe, su tercer lugar conquistado en esta cita nacional.\" width=\"580\" height=\"400\" srcset=\"https:\/\/i0.wp.com\/eltrabajo.cl\/portal\/wp-content\/uploads\/2018\/09\/Campeones2.jpg?w=580&amp;ssl=1 580w, https:\/\/i0.wp.com\/eltrabajo.cl\/portal\/wp-content\/uploads\/2018\/09\/Campeones2.jpg?resize=200%2C138&amp;ssl=1 200w, https:\/\/i0.wp.com\/eltrabajo.cl\/portal\/wp-content\/uploads\/2018\/09\/Campeones2.jpg?resize=300%2C207&amp;ssl=1 300w, https:\/\/i0.wp.com\/eltrabajo.cl\/portal\/wp-content\/uploads\/2018\/09\/Campeones2.jpg?resize=218%2C150&amp;ssl=1 218w, https:\/\/i0.wp.com\/eltrabajo.cl\/portal\/wp-content\/uploads\/2018\/09\/Campeones2.jpg?resize=400%2C276&amp;ssl=1 400w\" sizes=\"auto, (max-width: 580px) 100vw, 580px\" \/><figcaption id=\"caption-attachment-88237\" class=\"wp-caption-text\">B\u00c1SICA NOVATOS.- As\u00ed celebraron los chicos de la Banda de Guerra de la Escuela Jos\u00e9 de San Mart\u00edn, de San Felipe, su tercer lugar conquistado en esta cita nacional.<\/figcaption><\/figure>\n","protected":false},"excerpt":{"rendered":"<p>Regresaron con medallas, copas y diplomas: Tal como hab\u00edamos informado a nuestros lectores, la Banda Escolar General Patriota Jos\u00e9 de San Mart\u00edn, de la Escuela Jos\u00e9 de San Mart\u00edn, viajaba este s\u00e1bado&#8230;<\/p>\n","protected":false},"author":1,"featured_media":88237,"comment_status":"closed","ping_status":"open","sticky":false,"template":"","format":"standard","meta":{"advanced_seo_description":"","jetpack_seo_html_title":"","jetpack_seo_noindex":false,"_jetpack_memberships_contains_paid_content":false,"footnotes":""},"categories":[15],"tags":[],"class_list":["post-88235","post","type-post","status-publish","format-standard","has-post-thumbnail","hentry","category-comunidad"],"jetpack_featured_media_url":"https:\/\/i0.wp.com\/eltrabajo.cl\/portal\/wp-content\/uploads\/2018\/09\/Campeones2.jpg?fit=580%2C400&ssl=1","jetpack_sharing_enabled":true,"jetpack_likes_enabled":true,"jetpack-related-posts":[],"_links":{"self":[{"href":"https:\/\/eltrabajo.cl\/portal\/wp-json\/wp\/v2\/posts\/88235","targetHints":{"allow":["GET"]}}],"collection":[{"href":"https:\/\/eltrabajo.cl\/portal\/wp-json\/wp\/v2\/posts"}],"about":[{"href":"https:\/\/eltrabajo.cl\/portal\/wp-json\/wp\/v2\/types\/post"}],"author":[{"embeddable":true,"href":"https:\/\/eltrabajo.cl\/portal\/wp-json\/wp\/v2\/users\/1"}],"replies":[{"embeddable":true,"href":"https:\/\/eltrabajo.cl\/portal\/wp-json\/wp\/v2\/comments?post=88235"}],"version-history":[{"count":0,"href":"https:\/\/eltrabajo.cl\/portal\/wp-json\/wp\/v2\/posts\/88235\/revisions"}],"wp:featuredmedia":[{"embeddable":true,"href":"https:\/\/eltrabajo.cl\/portal\/wp-json\/wp\/v2\/media\/88237"}],"wp:attachment":[{"href":"https:\/\/eltrabajo.cl\/portal\/wp-json\/wp\/v2\/media?parent=88235"}],"wp:term":[{"taxonomy":"category","embeddable":true,"href":"https:\/\/eltrabajo.cl\/portal\/wp-json\/wp\/v2\/categories?post=88235"},{"taxonomy":"post_tag","embeddable":true,"href":"https:\/\/eltrabajo.cl\/portal\/wp-json\/wp\/v2\/tags?post=88235"}],"curies":[{"name":"wp","href":"https:\/\/api.w.org\/{rel}","templated":true}]}}