{"id":88239,"date":"2018-09-11T05:01:26","date_gmt":"2018-09-11T09:01:26","guid":{"rendered":"http:\/\/www.eltrabajo.cl\/2017\/?p=88239"},"modified":"2018-09-11T05:01:26","modified_gmt":"2018-09-11T09:01:26","slug":"christian-lovrincevich-fue-cesado-en-su-cargo-de-dt-del-uni-uni","status":"publish","type":"post","link":"https:\/\/eltrabajo.cl\/portal\/christian-lovrincevich-fue-cesado-en-su-cargo-de-dt-del-uni-uni\/","title":{"rendered":"Christian Lovrincevich fue cesado en su cargo de DT del Un\u00ed Un\u00ed"},"content":{"rendered":"<figure id=\"attachment_88240\" aria-describedby=\"caption-attachment-88240\" style=\"width: 580px\" class=\"wp-caption alignnone\"><img data-recalc-dims=\"1\" loading=\"lazy\" decoding=\"async\" class=\"size-full wp-image-88240\" src=\"https:\/\/i0.wp.com\/www.eltrabajo.cl\/2017\/wp-content\/uploads\/2018\/09\/lovrincevich.jpg?resize=580%2C400\" alt=\"Christian Lovrincevich fue cesado de sus funciones en el Un\u00ed Un\u00ed.\" width=\"580\" height=\"400\" srcset=\"https:\/\/i0.wp.com\/eltrabajo.cl\/portal\/wp-content\/uploads\/2018\/09\/lovrincevich.jpg?w=580&amp;ssl=1 580w, https:\/\/i0.wp.com\/eltrabajo.cl\/portal\/wp-content\/uploads\/2018\/09\/lovrincevich.jpg?resize=200%2C138&amp;ssl=1 200w, https:\/\/i0.wp.com\/eltrabajo.cl\/portal\/wp-content\/uploads\/2018\/09\/lovrincevich.jpg?resize=300%2C207&amp;ssl=1 300w, https:\/\/i0.wp.com\/eltrabajo.cl\/portal\/wp-content\/uploads\/2018\/09\/lovrincevich.jpg?resize=218%2C150&amp;ssl=1 218w, https:\/\/i0.wp.com\/eltrabajo.cl\/portal\/wp-content\/uploads\/2018\/09\/lovrincevich.jpg?resize=400%2C276&amp;ssl=1 400w\" sizes=\"auto, (max-width: 580px) 100vw, 580px\" \/><figcaption id=\"caption-attachment-88240\" class=\"wp-caption-text\">Christian Lovrincevich fue cesado de sus funciones en el Un\u00ed Un\u00ed.<\/figcaption><\/figure>\n<p>En lo que ya es una historia repetida y muchas veces contada, Uni\u00f3n San Felipe volvi\u00f3 a sufrir modificaciones en su banco t\u00e9cnico debido a que en horas la ma\u00f1ana del lunes, fue desafectado de su cargo de entrenador, el trasandino Christian Lovrincevich.<br \/>\nLa seguidilla de malos resultados, en los cuales el conjunto sanfelipe\u00f1o cosech\u00f3 apenas 1 punto de 15 posibles, a lo que se agreg\u00f3 una pobre producci\u00f3n futbol\u00edstica que no daba indicios de mejorar, fueron motivos de mucho peso para que la regencia albirroja decidiera poner t\u00e9rmino a la relaci\u00f3n contractual con el entrenador y su ayudante de campo, Ariel Paolorossi.<br \/>\nFue el Gerente General unionista, Eduardo Olivares, el encargado de confirmar la salida de Lovrincevich: \u201cEl f\u00fatbol es una actividad en la cual se est\u00e1 en permanente evaluaci\u00f3n, m\u00e1s todav\u00eda los cuerpos t\u00e9cnicos que se deben a los resultados; eso no es un misterio para nadie porque sucede en todos los clubes. Sacar 1 punto de 15 dice a las claras que existe un problema y que hay que intentar corregirlo ya que quedan 21 puntos por disputar y todav\u00eda tenemos opciones de luchar por entrar a la liguilla\u201d, afirm\u00f3 el directivo que tambi\u00e9n confirm\u00f3 que Omar Arcos asumir\u00e1 de forma interina el mando del plantel de honor sanfelipe\u00f1o, aunque no descart\u00f3 el arribo de otro t\u00e9cnico. \u201cPor ahora Arcos y Carre\u00f1o (PF) ser\u00e1n los encargados del equipo, afortunadamente viene un receso que nos da un tiempo para analizar si sigue o llega otro entrenador\u201d, cerr\u00f3 Olivares.<\/p>\n","protected":false},"excerpt":{"rendered":"<p>En lo que ya es una historia repetida y muchas veces contada, Uni\u00f3n San Felipe volvi\u00f3 a sufrir modificaciones en su banco t\u00e9cnico debido a que en horas la ma\u00f1ana del lunes,&#8230;<\/p>\n","protected":false},"author":1,"featured_media":88240,"comment_status":"closed","ping_status":"open","sticky":false,"template":"","format":"standard","meta":{"advanced_seo_description":"","jetpack_seo_html_title":"","jetpack_seo_noindex":false,"_jetpack_memberships_contains_paid_content":false,"footnotes":""},"categories":[19],"tags":[],"class_list":["post-88239","post","type-post","status-publish","format-standard","has-post-thumbnail","hentry","category-deportes"],"jetpack_featured_media_url":"https:\/\/i0.wp.com\/eltrabajo.cl\/portal\/wp-content\/uploads\/2018\/09\/lovrincevich.jpg?fit=580%2C400&ssl=1","jetpack_sharing_enabled":true,"jetpack_likes_enabled":true,"jetpack-related-posts":[],"_links":{"self":[{"href":"https:\/\/eltrabajo.cl\/portal\/wp-json\/wp\/v2\/posts\/88239","targetHints":{"allow":["GET"]}}],"collection":[{"href":"https:\/\/eltrabajo.cl\/portal\/wp-json\/wp\/v2\/posts"}],"about":[{"href":"https:\/\/eltrabajo.cl\/portal\/wp-json\/wp\/v2\/types\/post"}],"author":[{"embeddable":true,"href":"https:\/\/eltrabajo.cl\/portal\/wp-json\/wp\/v2\/users\/1"}],"replies":[{"embeddable":true,"href":"https:\/\/eltrabajo.cl\/portal\/wp-json\/wp\/v2\/comments?post=88239"}],"version-history":[{"count":0,"href":"https:\/\/eltrabajo.cl\/portal\/wp-json\/wp\/v2\/posts\/88239\/revisions"}],"wp:featuredmedia":[{"embeddable":true,"href":"https:\/\/eltrabajo.cl\/portal\/wp-json\/wp\/v2\/media\/88240"}],"wp:attachment":[{"href":"https:\/\/eltrabajo.cl\/portal\/wp-json\/wp\/v2\/media?parent=88239"}],"wp:term":[{"taxonomy":"category","embeddable":true,"href":"https:\/\/eltrabajo.cl\/portal\/wp-json\/wp\/v2\/categories?post=88239"},{"taxonomy":"post_tag","embeddable":true,"href":"https:\/\/eltrabajo.cl\/portal\/wp-json\/wp\/v2\/tags?post=88239"}],"curies":[{"name":"wp","href":"https:\/\/api.w.org\/{rel}","templated":true}]}}