{"id":88249,"date":"2018-09-11T05:04:54","date_gmt":"2018-09-11T09:04:54","guid":{"rendered":"http:\/\/www.eltrabajo.cl\/2017\/?p=88249"},"modified":"2018-09-11T05:04:54","modified_gmt":"2018-09-11T09:04:54","slug":"adulto-mayor-sufre-violenta-caida-al-tropezar-con-tacha-que-separa-ciclo-vias","status":"publish","type":"post","link":"https:\/\/eltrabajo.cl\/portal\/adulto-mayor-sufre-violenta-caida-al-tropezar-con-tacha-que-separa-ciclo-vias\/","title":{"rendered":"Adulto mayor sufre violenta ca\u00edda al tropezar con tacha que separa ciclo v\u00edas"},"content":{"rendered":"<figure id=\"attachment_88250\" aria-describedby=\"caption-attachment-88250\" style=\"width: 580px\" class=\"wp-caption alignnone\"><img data-recalc-dims=\"1\" loading=\"lazy\" decoding=\"async\" class=\"size-full wp-image-88250\" src=\"https:\/\/i0.wp.com\/www.eltrabajo.cl\/2017\/wp-content\/uploads\/2018\/09\/portada-tacha.jpg?resize=580%2C399\" alt=\"El adulto mayor tirado en el suelo, siendo atendido por transe\u00fantes, quienes lo protegieron con un quitasol del calor reinante a esa hora de la ma\u00f1ana.\" width=\"580\" height=\"399\" srcset=\"https:\/\/i0.wp.com\/eltrabajo.cl\/portal\/wp-content\/uploads\/2018\/09\/portada-tacha.jpg?w=580&amp;ssl=1 580w, https:\/\/i0.wp.com\/eltrabajo.cl\/portal\/wp-content\/uploads\/2018\/09\/portada-tacha.jpg?resize=200%2C138&amp;ssl=1 200w, https:\/\/i0.wp.com\/eltrabajo.cl\/portal\/wp-content\/uploads\/2018\/09\/portada-tacha.jpg?resize=300%2C206&amp;ssl=1 300w, https:\/\/i0.wp.com\/eltrabajo.cl\/portal\/wp-content\/uploads\/2018\/09\/portada-tacha.jpg?resize=218%2C150&amp;ssl=1 218w, https:\/\/i0.wp.com\/eltrabajo.cl\/portal\/wp-content\/uploads\/2018\/09\/portada-tacha.jpg?resize=400%2C275&amp;ssl=1 400w\" sizes=\"auto, (max-width: 580px) 100vw, 580px\" \/><figcaption id=\"caption-attachment-88250\" class=\"wp-caption-text\">El adulto mayor tirado en el suelo, siendo atendido por transe\u00fantes, quienes lo protegieron con un quitasol del calor reinante a esa hora de la ma\u00f1ana.<\/figcaption><\/figure>\n<p><span style=\"color: #ff0000;\"><strong>Ya son varios casos debido a que peatones no est\u00e1n cruzando en las esquinas.<\/strong><\/span><\/p>\n<p>Un adulto mayor de aproximadamente unos ochenta a\u00f1os de edad, cay\u00f3 al suelo luego de tropezarse en una de las tachas instaladas en calle Prat que dividen las ciclo v\u00edas de la calzada.<br \/>\nEl accidente ocurri\u00f3 ayer cerca del medio d\u00eda, en circunstancias que esta persona cruz\u00f3 la calzada en forma indebida, a mitad de cuadra, en calle Prat a la altura del 643, donde hay un centro de diagn\u00f3stico.<br \/>\nEl adulto mayor fue auxiliado por transe\u00fantes que pasaban por el lugar, que por mientras esperaban la llegada de la ambulancia del SAMU, lo protegieron del calor que reinaba a esa hora con un quitasol.<br \/>\nA simple vista la persona presentaba una herida en la frente.<br \/>\nLa semana pasada tambi\u00e9n una mujer se tropez\u00f3 en estas tachas, cayendo violentamente al suelo. Esto ocurri\u00f3 unos metros m\u00e1s arriba, en la intersecci\u00f3n de las calles Prat con Traslavi\u00f1a, afortunadamente en esa ocasi\u00f3n la mujer fue auxiliada por personas que pasaban por el lugar, envi\u00e1ndola en un taxi colectivo a su casa.<br \/>\nPersonas que transitan diariamente por el lugar dijeron que esto se est\u00e1 tornando muy frecuente, aunque la principal responsabilidad es de los peatones que no cruzan en las esquinas, donde no existen las tachas.<br \/>\n&#8211; Yo que transito por aqu\u00ed puedo decir que se han ca\u00eddo como seis personas, que se han tropezado. El otro d\u00eda una mujer adulta mayor se tropez\u00f3, cay\u00f3 a la calle. Peligroso, casi la agarra un veh\u00edculo que ven\u00eda pasando, y el otro d\u00eda se cay\u00f3 un caballero que vende verduras, se enred\u00f3 en esos cototos y salt\u00f3 lejos, menos mal que ayudaron al caballero porque casi lo atropellan ah\u00ed- dijo un transe\u00fante.<br \/>\nOtra persona que estaba trabajando en esa calle nos dice que al menos ella sabe que se han ca\u00eddo cuatro personas: \u201cEl jueves se cay\u00f3 una se\u00f1ora en la esquina (Prat con Traslavi\u00f1a), casi se mat\u00f3; el viernes cay\u00f3 otra persona, el s\u00e1bado cay\u00f3 el caballero de las ensaladas, ahora este caballero se parti\u00f3 la cabeza. Las micros pasan muy cerca de los autos y es un alto riesgo, tanto para m\u00ed como para cualquier persona, hasta para el conductor que se va bajando del auto es peligroso, porque las micros pasan cerca de los autom\u00f3viles, entonces corro riesgo yo, corre riesgo el usuario, la persona que va caminando tambi\u00e9n, entonces es ciclo v\u00edas o es estacionamiento, una de las dos cosas tiene que ser, porque cuando muera una persona se van a dar cuenta en que la ciclo v\u00eda est\u00e1 mal puesta\u2026 est\u00e1 muy mal puesta\u201d, comenta una trabajadora del lugar.<br \/>\n\u201cSe cay\u00f3 una persona, se han ca\u00eddo como cinco o seis personas que no ven esas cuestiones que pusieron ah\u00ed\u2026 no la ven y est\u00e1 mal puesta esa cuesti\u00f3n, si andan re poco ciclistas, hay m\u00e1s autos que ciclistas. San Felipe no estaba preparado para recibir tanta gente y tantos autom\u00f3viles, debieran preocuparse m\u00e1s de los autom\u00f3viles, no del ciclista, porque el ciclista sabe andar en bicicleta\u2026 el sanfelipe\u00f1o sabe andar en bicicleta\u201d, dijo otro transe\u00fante.<br \/>\nFinalmente la ambulancia tuvo que subirse a la vereda para estabilizar al paciente antes de trasladarlo al servicio de urgencia del Hospital San Camilo.<\/p>\n","protected":false},"excerpt":{"rendered":"<p>Ya son varios casos debido a que peatones no est\u00e1n cruzando en las esquinas. Un adulto mayor de aproximadamente unos ochenta a\u00f1os de edad, cay\u00f3 al suelo luego de tropezarse en una&#8230;<\/p>\n","protected":false},"author":1,"featured_media":88250,"comment_status":"closed","ping_status":"open","sticky":false,"template":"","format":"standard","meta":{"advanced_seo_description":"","jetpack_seo_html_title":"","jetpack_seo_noindex":false,"_jetpack_memberships_contains_paid_content":false,"footnotes":""},"categories":[15],"tags":[],"class_list":["post-88249","post","type-post","status-publish","format-standard","has-post-thumbnail","hentry","category-comunidad"],"jetpack_featured_media_url":"https:\/\/i0.wp.com\/eltrabajo.cl\/portal\/wp-content\/uploads\/2018\/09\/portada-tacha.jpg?fit=580%2C399&ssl=1","jetpack_sharing_enabled":true,"jetpack_likes_enabled":true,"jetpack-related-posts":[],"_links":{"self":[{"href":"https:\/\/eltrabajo.cl\/portal\/wp-json\/wp\/v2\/posts\/88249","targetHints":{"allow":["GET"]}}],"collection":[{"href":"https:\/\/eltrabajo.cl\/portal\/wp-json\/wp\/v2\/posts"}],"about":[{"href":"https:\/\/eltrabajo.cl\/portal\/wp-json\/wp\/v2\/types\/post"}],"author":[{"embeddable":true,"href":"https:\/\/eltrabajo.cl\/portal\/wp-json\/wp\/v2\/users\/1"}],"replies":[{"embeddable":true,"href":"https:\/\/eltrabajo.cl\/portal\/wp-json\/wp\/v2\/comments?post=88249"}],"version-history":[{"count":0,"href":"https:\/\/eltrabajo.cl\/portal\/wp-json\/wp\/v2\/posts\/88249\/revisions"}],"wp:featuredmedia":[{"embeddable":true,"href":"https:\/\/eltrabajo.cl\/portal\/wp-json\/wp\/v2\/media\/88250"}],"wp:attachment":[{"href":"https:\/\/eltrabajo.cl\/portal\/wp-json\/wp\/v2\/media?parent=88249"}],"wp:term":[{"taxonomy":"category","embeddable":true,"href":"https:\/\/eltrabajo.cl\/portal\/wp-json\/wp\/v2\/categories?post=88249"},{"taxonomy":"post_tag","embeddable":true,"href":"https:\/\/eltrabajo.cl\/portal\/wp-json\/wp\/v2\/tags?post=88249"}],"curies":[{"name":"wp","href":"https:\/\/api.w.org\/{rel}","templated":true}]}}