{"id":88255,"date":"2018-09-12T05:00:55","date_gmt":"2018-09-12T09:00:55","guid":{"rendered":"http:\/\/www.eltrabajo.cl\/2017\/?p=88255"},"modified":"2018-09-12T05:00:55","modified_gmt":"2018-09-12T09:00:55","slug":"chicos-de-casa-azul-celebran-fiestas-patrias-con-una-fonda-en-chacabuco","status":"publish","type":"post","link":"https:\/\/eltrabajo.cl\/portal\/chicos-de-casa-azul-celebran-fiestas-patrias-con-una-fonda-en-chacabuco\/","title":{"rendered":"Chicos de Casa Azul celebran Fiestas Patrias con una Fonda en Chacabuco"},"content":{"rendered":"<figure id=\"attachment_88259\" aria-describedby=\"caption-attachment-88259\" style=\"width: 580px\" class=\"wp-caption alignnone\"><img data-recalc-dims=\"1\" loading=\"lazy\" decoding=\"async\" class=\"size-full wp-image-88259\" src=\"https:\/\/i0.wp.com\/www.eltrabajo.cl\/2017\/wp-content\/uploads\/2018\/09\/Azul3.jpg?resize=580%2C399\" alt=\"PINCHOS DE FRUTA.- As\u00ed se vivieron las Fiestas Patrias ayer martes en la sede de Casa Azul, choripanes, bebidas, bailes, pinchos de fruta y divertidas bromas.\" width=\"580\" height=\"399\" srcset=\"https:\/\/i0.wp.com\/eltrabajo.cl\/portal\/wp-content\/uploads\/2018\/09\/Azul3.jpg?w=580&amp;ssl=1 580w, https:\/\/i0.wp.com\/eltrabajo.cl\/portal\/wp-content\/uploads\/2018\/09\/Azul3.jpg?resize=200%2C138&amp;ssl=1 200w, https:\/\/i0.wp.com\/eltrabajo.cl\/portal\/wp-content\/uploads\/2018\/09\/Azul3.jpg?resize=300%2C206&amp;ssl=1 300w, https:\/\/i0.wp.com\/eltrabajo.cl\/portal\/wp-content\/uploads\/2018\/09\/Azul3.jpg?resize=218%2C150&amp;ssl=1 218w, https:\/\/i0.wp.com\/eltrabajo.cl\/portal\/wp-content\/uploads\/2018\/09\/Azul3.jpg?resize=400%2C275&amp;ssl=1 400w\" sizes=\"auto, (max-width: 580px) 100vw, 580px\" \/><figcaption id=\"caption-attachment-88259\" class=\"wp-caption-text\">PINCHOS DE FRUTA.- As\u00ed se vivieron las Fiestas Patrias ayer martes en la sede de Casa Azul, choripanes, bebidas, bailes, pinchos de fruta y divertidas bromas.<\/figcaption><\/figure>\n<p><span style=\"color: #ff0000;\"><strong>Autistas de Aconcagua se abren paso en nuestra sociedad:<\/strong><\/span><\/p>\n<p>Las Fiestas Patrias est\u00e1n en su mejor momento y las Fuerzas Vivas de nuestra comuna lo han dejado bien claro con cada Esquinazo y fiesta costumbrista que se desarrollan en las poblaciones de San Felipe, de la misma manera algunas organizaciones de bien social tambi\u00e9n han montado su carnaval del Folklore en conjunto con las personas que las mantienen funcionando.<\/p>\n<p><strong><span style=\"color: #ff0000;\">SUS OBJETIVOS<\/span><\/strong><br \/>\nEsa fue la actividad que se realiz\u00f3 ayer martes en la sede de Fundaci\u00f3n So\u00f1arte (Casa Azul, Chacabuco 189), dependencias en donde los profesionales que la atienden, los usuarios y apoderados, celebraron con una amena Fonda, Diario El Trabajo tom\u00f3 registro de esta actividad y hoy lo compartimos con nuestros lectores.<br \/>\n\u00abNuestra fundaci\u00f3n naci\u00f3 en marzo de 2016 como continuidad del trabajo realizado por la agrupaci\u00f3n Autismo San Felipe de Aconcagua, abriendo a la comunidad en mayo del mismo a\u00f1o con el nombre \u2018Centro terap\u00e9utico especializado en el Trastorno del Espectro Autista, Casa Azul\u2019, significando el punto de partida para generar cambios y visibilizar el diagn\u00f3stico de autismo. Es bajo esta l\u00ednea de trabajo que Casa Azul se presenta como una soluci\u00f3n concreta a las carencias que en diferentes \u00e1mbitos viven d\u00eda a d\u00eda las personas que est\u00e1n bajo este diagn\u00f3stico y que alcanzan tambi\u00e9n en forma directa a su n\u00facleo familiar\u00bb, coment\u00f3 a nuestro medio una de las directivas de la fundaci\u00f3n, \u00c9rika Ch\u00e1vez Ortega.<br \/>\nSeg\u00fan explic\u00f3 la funcionaria, y tambi\u00e9n madre de una persona autista, actualmente son 56 ni\u00f1os y j\u00f3venes los que son atendidos en esta ONG, \u00abpero no podemos atenderlos a todos, tenemos una lista de espera de m\u00e1s de 30 personas, y esto contando con el apoyo econ\u00f3mico de las municipalidades de Putaendo, Santa Mar\u00eda y de San Felipe, adem\u00e1s de una cuota fija acordada con los apoderados, a\u00fan as\u00ed la demanda sigue siendo alta, gastamos cerca de $2 millones mensualmente, y pese a que a\u00fan no hay pol\u00edticas p\u00fablicas claras para atender esta situaci\u00f3n en nuestro pa\u00eds, y por eso naci\u00f3 Casa Azul, para atender a estas familias y usuarios\u00bb, agreg\u00f3 \u00c9rika.<\/p>\n<p><span style=\"color: #ff0000;\"><strong>INSTALARON FONDA<\/strong><\/span><br \/>\nDurante el tiempo que Casa Azul lleva en funcionamiento ha trabajado por ayudar a las familias aconcag\u00fcinas, generando redes de apoyo y prestando las ayudas necesarias para ver avances en el desarrollo de los ni\u00f1os atendidos, coordinado el trabajo en conjunto entre la fundaci\u00f3n, los colegios y el hogar, \u00abpara esto contamos con un excelente equipo terap\u00e9utico, el que se enfoca por potenciar las habilidades de nuestros ni\u00f1os, entregando planes de trabajo espec\u00edficos acorde a las necesidades de cada uno. Si bien dentro del TEA encontramos descendidas las habilidades relacionadas con la interacci\u00f3n social, el lenguaje, la comunicaci\u00f3n y se presentan intereses restringidos, cada ni\u00f1o es un mundo \u00fanico y de ah\u00ed esta modalidad de trabajo. Es en este sentido y para potenciar la autovalencia y las habilidades sociales, que quisimos este martes celebrar por adelantado nuestras Fiestas Patrias con nuestra Fonda TEA-Tikitien, donde nuestros chicos encabezan la actividad, elaborando brochetas, preparando choripanes y juegos t\u00edpicos, y si bien no es una actividad de convocatoria masiva a la comunidad, quisimos contar la experiencia para visibilizar gracias a Diario El Trabajo que con los apoyos necesarios nuestros chicos avanzan, se genera la confianza en que pueden realizar cosas y que experimenten tambi\u00e9n nuevas experiencias. Sin duda es una jornada significativa tanto para nuestros ni\u00f1os, sus familias y para nosotros como Centro, sinti\u00e9ndonos tremendamente orgullosos de los logros de nuestros chicos por el trabajo que con tanta dedicaci\u00f3n se entrega. Para terminar, queremos destacar que nuestras puertas est\u00e1n abiertas para quienes quieran conocer el trabajo que realizamos\u00bb, dijo la funcionaria.<br \/>\n<strong>Roberto Gonz\u00e1lez Short<\/strong><\/p>\n<figure id=\"attachment_88257\" aria-describedby=\"caption-attachment-88257\" style=\"width: 580px\" class=\"wp-caption alignnone\"><img data-recalc-dims=\"1\" loading=\"lazy\" decoding=\"async\" class=\"size-full wp-image-88257\" src=\"https:\/\/i0.wp.com\/www.eltrabajo.cl\/2017\/wp-content\/uploads\/2018\/09\/Azul1.jpg?resize=580%2C400\" alt=\"LA GRAN FAMILIA TEA.- Las c\u00e1maras de Diario El Trabajo pillaron a estos chicos de Casa Azul en plena acci\u00f3n comercial en su Fonda dieciochera, junto a apoderados y funcionarios formando una sola familia.\" width=\"580\" height=\"400\" srcset=\"https:\/\/i0.wp.com\/eltrabajo.cl\/portal\/wp-content\/uploads\/2018\/09\/Azul1.jpg?w=580&amp;ssl=1 580w, https:\/\/i0.wp.com\/eltrabajo.cl\/portal\/wp-content\/uploads\/2018\/09\/Azul1.jpg?resize=200%2C138&amp;ssl=1 200w, https:\/\/i0.wp.com\/eltrabajo.cl\/portal\/wp-content\/uploads\/2018\/09\/Azul1.jpg?resize=300%2C207&amp;ssl=1 300w, https:\/\/i0.wp.com\/eltrabajo.cl\/portal\/wp-content\/uploads\/2018\/09\/Azul1.jpg?resize=218%2C150&amp;ssl=1 218w, https:\/\/i0.wp.com\/eltrabajo.cl\/portal\/wp-content\/uploads\/2018\/09\/Azul1.jpg?resize=400%2C276&amp;ssl=1 400w\" sizes=\"auto, (max-width: 580px) 100vw, 580px\" \/><figcaption id=\"caption-attachment-88257\" class=\"wp-caption-text\">LA GRAN FAMILIA TEA.- Las c\u00e1maras de Diario El Trabajo pillaron a estos chicos de Casa Azul en plena acci\u00f3n comercial en su Fonda dieciochera, junto a apoderados y funcionarios formando una sola familia.<\/figcaption><\/figure>\n<figure id=\"attachment_88258\" aria-describedby=\"caption-attachment-88258\" style=\"width: 580px\" class=\"wp-caption alignnone\"><img data-recalc-dims=\"1\" loading=\"lazy\" decoding=\"async\" class=\"size-full wp-image-88258\" src=\"https:\/\/i0.wp.com\/www.eltrabajo.cl\/2017\/wp-content\/uploads\/2018\/09\/Azul2.jpg?resize=580%2C400\" alt=\"FIESTAS PATRIAS.- Definitivamente esta comunidad de Fundaci\u00f3n So\u00f1arte s\u00ed que sabe divertirse y crecer con armon\u00eda, aqu\u00ed les vemos preparando el chorip\u00e1n.\" width=\"580\" height=\"400\" srcset=\"https:\/\/i0.wp.com\/eltrabajo.cl\/portal\/wp-content\/uploads\/2018\/09\/Azul2.jpg?w=580&amp;ssl=1 580w, https:\/\/i0.wp.com\/eltrabajo.cl\/portal\/wp-content\/uploads\/2018\/09\/Azul2.jpg?resize=200%2C138&amp;ssl=1 200w, https:\/\/i0.wp.com\/eltrabajo.cl\/portal\/wp-content\/uploads\/2018\/09\/Azul2.jpg?resize=300%2C207&amp;ssl=1 300w, https:\/\/i0.wp.com\/eltrabajo.cl\/portal\/wp-content\/uploads\/2018\/09\/Azul2.jpg?resize=218%2C150&amp;ssl=1 218w, https:\/\/i0.wp.com\/eltrabajo.cl\/portal\/wp-content\/uploads\/2018\/09\/Azul2.jpg?resize=400%2C276&amp;ssl=1 400w\" sizes=\"auto, (max-width: 580px) 100vw, 580px\" \/><figcaption id=\"caption-attachment-88258\" class=\"wp-caption-text\">FIESTAS PATRIAS.- Definitivamente esta comunidad de Fundaci\u00f3n So\u00f1arte s\u00ed que sabe divertirse y crecer con armon\u00eda, aqu\u00ed les vemos preparando el chorip\u00e1n.<\/figcaption><\/figure>\n<figure id=\"attachment_88260\" aria-describedby=\"caption-attachment-88260\" style=\"width: 580px\" class=\"wp-caption alignnone\"><img data-recalc-dims=\"1\" loading=\"lazy\" decoding=\"async\" class=\"size-full wp-image-88260\" src=\"https:\/\/i0.wp.com\/www.eltrabajo.cl\/2017\/wp-content\/uploads\/2018\/09\/Azul4.jpg?resize=580%2C400\" alt=\"AMIGOS AZULES.- Aqu\u00ed tenemos s\u00f3lo a una parte de los funcionarios de Casa Azul, quienes con gran alegr\u00eda celebraron las Fiestas Patrias junto a los ni\u00f1os y j\u00f3venes de Fundaci\u00f3n So\u00f1arte.\" width=\"580\" height=\"400\" srcset=\"https:\/\/i0.wp.com\/eltrabajo.cl\/portal\/wp-content\/uploads\/2018\/09\/Azul4.jpg?w=580&amp;ssl=1 580w, https:\/\/i0.wp.com\/eltrabajo.cl\/portal\/wp-content\/uploads\/2018\/09\/Azul4.jpg?resize=200%2C138&amp;ssl=1 200w, https:\/\/i0.wp.com\/eltrabajo.cl\/portal\/wp-content\/uploads\/2018\/09\/Azul4.jpg?resize=300%2C207&amp;ssl=1 300w, https:\/\/i0.wp.com\/eltrabajo.cl\/portal\/wp-content\/uploads\/2018\/09\/Azul4.jpg?resize=218%2C150&amp;ssl=1 218w, https:\/\/i0.wp.com\/eltrabajo.cl\/portal\/wp-content\/uploads\/2018\/09\/Azul4.jpg?resize=400%2C276&amp;ssl=1 400w\" sizes=\"auto, (max-width: 580px) 100vw, 580px\" \/><figcaption id=\"caption-attachment-88260\" class=\"wp-caption-text\">AMIGOS AZULES.- Aqu\u00ed tenemos s\u00f3lo a una parte de los funcionarios de Casa Azul, quienes con gran alegr\u00eda celebraron las Fiestas Patrias junto a los ni\u00f1os y j\u00f3venes de Fundaci\u00f3n So\u00f1arte.<\/figcaption><\/figure>\n<figure id=\"attachment_88256\" aria-describedby=\"caption-attachment-88256\" style=\"width: 579px\" class=\"wp-caption alignnone\"><img data-recalc-dims=\"1\" loading=\"lazy\" decoding=\"async\" class=\"size-full wp-image-88256\" src=\"https:\/\/i0.wp.com\/www.eltrabajo.cl\/2017\/wp-content\/uploads\/2018\/09\/Azul_Erika-Chavez.jpg?resize=579%2C611\" alt=\"Directiva de la Fundaci\u00f3n So\u00f1arte Casa Azul, \u00c9rika Ch\u00e1vez Ortega.\" width=\"579\" height=\"611\" srcset=\"https:\/\/i0.wp.com\/eltrabajo.cl\/portal\/wp-content\/uploads\/2018\/09\/Azul_Erika-Chavez.jpg?w=579&amp;ssl=1 579w, https:\/\/i0.wp.com\/eltrabajo.cl\/portal\/wp-content\/uploads\/2018\/09\/Azul_Erika-Chavez.jpg?resize=142%2C150&amp;ssl=1 142w, https:\/\/i0.wp.com\/eltrabajo.cl\/portal\/wp-content\/uploads\/2018\/09\/Azul_Erika-Chavez.jpg?resize=284%2C300&amp;ssl=1 284w, https:\/\/i0.wp.com\/eltrabajo.cl\/portal\/wp-content\/uploads\/2018\/09\/Azul_Erika-Chavez.jpg?resize=400%2C422&amp;ssl=1 400w\" sizes=\"auto, (max-width: 579px) 100vw, 579px\" \/><figcaption id=\"caption-attachment-88256\" class=\"wp-caption-text\">Directiva de la Fundaci\u00f3n So\u00f1arte Casa Azul, \u00c9rika Ch\u00e1vez Ortega.<\/figcaption><\/figure>\n","protected":false},"excerpt":{"rendered":"<p>Autistas de Aconcagua se abren paso en nuestra sociedad: Las Fiestas Patrias est\u00e1n en su mejor momento y las Fuerzas Vivas de nuestra comuna lo han dejado bien claro con cada Esquinazo&#8230;<\/p>\n","protected":false},"author":1,"featured_media":88257,"comment_status":"closed","ping_status":"open","sticky":false,"template":"","format":"standard","meta":{"advanced_seo_description":"","jetpack_seo_html_title":"","jetpack_seo_noindex":false,"_jetpack_memberships_contains_paid_content":false,"footnotes":""},"categories":[15],"tags":[],"class_list":["post-88255","post","type-post","status-publish","format-standard","has-post-thumbnail","hentry","category-comunidad"],"jetpack_featured_media_url":"https:\/\/i0.wp.com\/eltrabajo.cl\/portal\/wp-content\/uploads\/2018\/09\/Azul1.jpg?fit=580%2C400&ssl=1","jetpack_sharing_enabled":true,"jetpack_likes_enabled":true,"jetpack-related-posts":[],"_links":{"self":[{"href":"https:\/\/eltrabajo.cl\/portal\/wp-json\/wp\/v2\/posts\/88255","targetHints":{"allow":["GET"]}}],"collection":[{"href":"https:\/\/eltrabajo.cl\/portal\/wp-json\/wp\/v2\/posts"}],"about":[{"href":"https:\/\/eltrabajo.cl\/portal\/wp-json\/wp\/v2\/types\/post"}],"author":[{"embeddable":true,"href":"https:\/\/eltrabajo.cl\/portal\/wp-json\/wp\/v2\/users\/1"}],"replies":[{"embeddable":true,"href":"https:\/\/eltrabajo.cl\/portal\/wp-json\/wp\/v2\/comments?post=88255"}],"version-history":[{"count":0,"href":"https:\/\/eltrabajo.cl\/portal\/wp-json\/wp\/v2\/posts\/88255\/revisions"}],"wp:featuredmedia":[{"embeddable":true,"href":"https:\/\/eltrabajo.cl\/portal\/wp-json\/wp\/v2\/media\/88257"}],"wp:attachment":[{"href":"https:\/\/eltrabajo.cl\/portal\/wp-json\/wp\/v2\/media?parent=88255"}],"wp:term":[{"taxonomy":"category","embeddable":true,"href":"https:\/\/eltrabajo.cl\/portal\/wp-json\/wp\/v2\/categories?post=88255"},{"taxonomy":"post_tag","embeddable":true,"href":"https:\/\/eltrabajo.cl\/portal\/wp-json\/wp\/v2\/tags?post=88255"}],"curies":[{"name":"wp","href":"https:\/\/api.w.org\/{rel}","templated":true}]}}