{"id":88262,"date":"2018-09-12T05:01:46","date_gmt":"2018-09-12T09:01:46","guid":{"rendered":"http:\/\/www.eltrabajo.cl\/2017\/?p=88262"},"modified":"2018-09-12T05:01:46","modified_gmt":"2018-09-12T09:01:46","slug":"alcalde-pradenas-interpone-querella-tras-emergencia-ambiental-en-panquehue","status":"publish","type":"post","link":"https:\/\/eltrabajo.cl\/portal\/alcalde-pradenas-interpone-querella-tras-emergencia-ambiental-en-panquehue\/","title":{"rendered":"Alcalde Pradenas interpone querella tras emergencia ambiental en Panquehue"},"content":{"rendered":"<figure id=\"attachment_88263\" aria-describedby=\"caption-attachment-88263\" style=\"width: 580px\" class=\"wp-caption alignnone\"><img data-recalc-dims=\"1\" loading=\"lazy\" decoding=\"async\" class=\"size-full wp-image-88263\" src=\"https:\/\/i0.wp.com\/www.eltrabajo.cl\/2017\/wp-content\/uploads\/2018\/09\/querella-pradenas-ocampo-fajardo.jpg?resize=580%2C400\" alt=\"El abogado Juan Ocampo junto al alcalde Luis Pradenas dialogan con el Fiscal Eduardo Fajardo.\" width=\"580\" height=\"400\" srcset=\"https:\/\/i0.wp.com\/eltrabajo.cl\/portal\/wp-content\/uploads\/2018\/09\/querella-pradenas-ocampo-fajardo.jpg?w=580&amp;ssl=1 580w, https:\/\/i0.wp.com\/eltrabajo.cl\/portal\/wp-content\/uploads\/2018\/09\/querella-pradenas-ocampo-fajardo.jpg?resize=200%2C138&amp;ssl=1 200w, https:\/\/i0.wp.com\/eltrabajo.cl\/portal\/wp-content\/uploads\/2018\/09\/querella-pradenas-ocampo-fajardo.jpg?resize=300%2C207&amp;ssl=1 300w, https:\/\/i0.wp.com\/eltrabajo.cl\/portal\/wp-content\/uploads\/2018\/09\/querella-pradenas-ocampo-fajardo.jpg?resize=218%2C150&amp;ssl=1 218w, https:\/\/i0.wp.com\/eltrabajo.cl\/portal\/wp-content\/uploads\/2018\/09\/querella-pradenas-ocampo-fajardo.jpg?resize=400%2C276&amp;ssl=1 400w\" sizes=\"auto, (max-width: 580px) 100vw, 580px\" \/><figcaption id=\"caption-attachment-88263\" class=\"wp-caption-text\">El abogado Juan Ocampo junto al alcalde Luis Pradenas dialogan con el Fiscal Eduardo Fajardo.<\/figcaption><\/figure>\n<ul>\n<li><strong>Acompa\u00f1ado de su asesor jur\u00eddico el abogado Juan Ocampo, se present\u00f3 la acci\u00f3n judicial por la afectaci\u00f3n a la salud p\u00fablica y el medio ambiente.<\/strong><\/li>\n<\/ul>\n<p>Con el objeto que la justicia determine a los responsables de la emergencia ambiental registrada la ma\u00f1ana del pasado viernes 7 de septiembre, donde se vieron afectados alumnos del colegio Panquehue, el alcalde Luis Pradenas interpuso la ma\u00f1ana de ayer una querella en el Tribunal de Garant\u00eda de San Felipe, por la afectaci\u00f3n a la salud p\u00fablica y el medio ambiente.<br \/>\nSe trata de una acci\u00f3n judicial que hab\u00eda sido anunciada por el edil panquehuino, tras su participaci\u00f3n en el comit\u00e9 comunal de emergencia que el mismo d\u00eda de la alerta sesion\u00f3 en Panquehue, con el fin de evaluar el protocolo aplicado en dicha instancia.<br \/>\nDe acuerdo a lo se\u00f1alado por el alcalde Pradenas, lo que se pretende con esta acci\u00f3n es determinar responsabilidades en el uso de los elementos qu\u00edmicos que provocaron la emergencia y se aplique las sanciones que determina la ley.<br \/>\n\u00abSe trata del uso de una sustancia que se est\u00e1 investigando y que fue utilizada en un predio agr\u00edcola. Por lo tanto nosotros como municipio actuamos ante esta emergencia en dos etapas, la primera de ellas fue atender a los menores que resultaron afectados, que se cumpli\u00f3 a cabalidad y hoy en d\u00eda puedo decir que est\u00e1n todos sin ning\u00fan tipo de complicaci\u00f3n, para lo cual se ha hecho un seguimiento por parte del Cesfam; en tanto la segunda acci\u00f3n nuestra obedece a la presentaci\u00f3n de esta querella y solicitar una investigaci\u00f3n, ya sea de los servicios p\u00fablicos, la Seremi de Salud y la Fiscal\u00eda, para establecer fehacientemente como ocurrieron los hechos y los responsables sean sancionados como determina la ley\u00bb.<br \/>\nJuan Ocampo, abogado y asesor jur\u00eddico de la municipalidad de Panquehue, explic\u00f3 que la acci\u00f3n busca definir responsables como autores, c\u00f3mplices o encubridores del delito de da\u00f1o a la salud p\u00fablica.<br \/>\nOcampo indic\u00f3 que la ley estipula multas y eventualmente penas de privaci\u00f3n de libertad para los autores de la contaminaci\u00f3n.<br \/>\n\u00abEs una querella por infracci\u00f3n a la salud p\u00fablica y para tales efectos la ley contempla multas como penas privativas de libertad. Ahora el resto de las acciones ser\u00e1n vistas con posterioridad, pues tal como dijo el alcalde aqu\u00ed se han incurrido en gastos que no son menores, tanto para la municipalidad como para los servicios de emergencia que llegaron al lugar para dominar la situaci\u00f3n\u00bb.<br \/>\nLa emergencia ambiental motiv\u00f3 la evacuaci\u00f3n de los alumnos del colegio Panquehue y requiri\u00f3 conformar un comit\u00e9 de operaciones de emergencia en el que estuvo presente el gobernador provincial de San Felipe y autoridades ambientales y de salud.<br \/>\nLa Seremi de Salud instruy\u00f3 un sumario sanitario y la Brigada Investigadora de Delitos Contra el Medio Ambiente y el patrimonio cultural de la\u00a0PDI est\u00e1 indagando las causas exactas del hecho, y la responsabilidad que le cabe a las empresas agr\u00edcolas de la zona.<\/p>\n<figure id=\"attachment_88264\" aria-describedby=\"caption-attachment-88264\" style=\"width: 580px\" class=\"wp-caption alignnone\"><img data-recalc-dims=\"1\" loading=\"lazy\" decoding=\"async\" class=\"size-full wp-image-88264\" src=\"https:\/\/i0.wp.com\/www.eltrabajo.cl\/2017\/wp-content\/uploads\/2018\/09\/querella-alcalde-panquehue.jpg?resize=580%2C399\" alt=\"El alcalde Luis Pradenas present\u00f3 la querella la ma\u00f1ana de ayer, con el objetivo de determinar responsabilidades y que se apliquen las sanciones establecidas en la ley.\" width=\"580\" height=\"399\" srcset=\"https:\/\/i0.wp.com\/eltrabajo.cl\/portal\/wp-content\/uploads\/2018\/09\/querella-alcalde-panquehue.jpg?w=580&amp;ssl=1 580w, https:\/\/i0.wp.com\/eltrabajo.cl\/portal\/wp-content\/uploads\/2018\/09\/querella-alcalde-panquehue.jpg?resize=200%2C138&amp;ssl=1 200w, https:\/\/i0.wp.com\/eltrabajo.cl\/portal\/wp-content\/uploads\/2018\/09\/querella-alcalde-panquehue.jpg?resize=300%2C206&amp;ssl=1 300w, https:\/\/i0.wp.com\/eltrabajo.cl\/portal\/wp-content\/uploads\/2018\/09\/querella-alcalde-panquehue.jpg?resize=218%2C150&amp;ssl=1 218w, https:\/\/i0.wp.com\/eltrabajo.cl\/portal\/wp-content\/uploads\/2018\/09\/querella-alcalde-panquehue.jpg?resize=400%2C275&amp;ssl=1 400w\" sizes=\"auto, (max-width: 580px) 100vw, 580px\" \/><figcaption id=\"caption-attachment-88264\" class=\"wp-caption-text\">El alcalde Luis Pradenas present\u00f3 la querella la ma\u00f1ana de ayer, con el objetivo de determinar responsabilidades y que se apliquen las sanciones establecidas en la ley.<\/figcaption><\/figure>\n","protected":false},"excerpt":{"rendered":"<p>Acompa\u00f1ado de su asesor jur\u00eddico el abogado Juan Ocampo, se present\u00f3 la acci\u00f3n judicial por la afectaci\u00f3n a la salud p\u00fablica y el medio ambiente. Con el objeto que la justicia determine&#8230;<\/p>\n","protected":false},"author":1,"featured_media":88263,"comment_status":"closed","ping_status":"open","sticky":false,"template":"","format":"standard","meta":{"advanced_seo_description":"","jetpack_seo_html_title":"","jetpack_seo_noindex":false,"_jetpack_memberships_contains_paid_content":false,"footnotes":""},"categories":[1],"tags":[],"class_list":["post-88262","post","type-post","status-publish","format-standard","has-post-thumbnail","hentry","category-cronica"],"jetpack_featured_media_url":"https:\/\/i0.wp.com\/eltrabajo.cl\/portal\/wp-content\/uploads\/2018\/09\/querella-pradenas-ocampo-fajardo.jpg?fit=580%2C400&ssl=1","jetpack_sharing_enabled":true,"jetpack_likes_enabled":true,"jetpack-related-posts":[],"_links":{"self":[{"href":"https:\/\/eltrabajo.cl\/portal\/wp-json\/wp\/v2\/posts\/88262","targetHints":{"allow":["GET"]}}],"collection":[{"href":"https:\/\/eltrabajo.cl\/portal\/wp-json\/wp\/v2\/posts"}],"about":[{"href":"https:\/\/eltrabajo.cl\/portal\/wp-json\/wp\/v2\/types\/post"}],"author":[{"embeddable":true,"href":"https:\/\/eltrabajo.cl\/portal\/wp-json\/wp\/v2\/users\/1"}],"replies":[{"embeddable":true,"href":"https:\/\/eltrabajo.cl\/portal\/wp-json\/wp\/v2\/comments?post=88262"}],"version-history":[{"count":0,"href":"https:\/\/eltrabajo.cl\/portal\/wp-json\/wp\/v2\/posts\/88262\/revisions"}],"wp:featuredmedia":[{"embeddable":true,"href":"https:\/\/eltrabajo.cl\/portal\/wp-json\/wp\/v2\/media\/88263"}],"wp:attachment":[{"href":"https:\/\/eltrabajo.cl\/portal\/wp-json\/wp\/v2\/media?parent=88262"}],"wp:term":[{"taxonomy":"category","embeddable":true,"href":"https:\/\/eltrabajo.cl\/portal\/wp-json\/wp\/v2\/categories?post=88262"},{"taxonomy":"post_tag","embeddable":true,"href":"https:\/\/eltrabajo.cl\/portal\/wp-json\/wp\/v2\/tags?post=88262"}],"curies":[{"name":"wp","href":"https:\/\/api.w.org\/{rel}","templated":true}]}}