{"id":88266,"date":"2018-09-12T05:02:04","date_gmt":"2018-09-12T09:02:04","guid":{"rendered":"http:\/\/www.eltrabajo.cl\/2017\/?p=88266"},"modified":"2018-09-12T05:02:04","modified_gmt":"2018-09-12T09:02:04","slug":"vecinos-no-saben-que-hacer-para-terminar-estacionamiento-de-camiones","status":"publish","type":"post","link":"https:\/\/eltrabajo.cl\/portal\/vecinos-no-saben-que-hacer-para-terminar-estacionamiento-de-camiones\/","title":{"rendered":"Vecinos no saben qu\u00e9 hacer para terminar estacionamiento de camiones"},"content":{"rendered":"<figure id=\"attachment_88267\" aria-describedby=\"caption-attachment-88267\" style=\"width: 580px\" class=\"wp-caption alignnone\"><img data-recalc-dims=\"1\" loading=\"lazy\" decoding=\"async\" class=\"size-full wp-image-88267\" src=\"https:\/\/i0.wp.com\/www.eltrabajo.cl\/2017\/wp-content\/uploads\/2018\/09\/camiones.jpg?resize=580%2C398\" alt=\"Cuatro camiones y un microb\u00fas estaban ayer en la ma\u00f1ana estacionados en calle 5 de Abril, en labores de descarga incluso.\" width=\"580\" height=\"398\" srcset=\"https:\/\/i0.wp.com\/eltrabajo.cl\/portal\/wp-content\/uploads\/2018\/09\/camiones.jpg?w=580&amp;ssl=1 580w, https:\/\/i0.wp.com\/eltrabajo.cl\/portal\/wp-content\/uploads\/2018\/09\/camiones.jpg?resize=200%2C137&amp;ssl=1 200w, https:\/\/i0.wp.com\/eltrabajo.cl\/portal\/wp-content\/uploads\/2018\/09\/camiones.jpg?resize=300%2C206&amp;ssl=1 300w, https:\/\/i0.wp.com\/eltrabajo.cl\/portal\/wp-content\/uploads\/2018\/09\/camiones.jpg?resize=219%2C150&amp;ssl=1 219w, https:\/\/i0.wp.com\/eltrabajo.cl\/portal\/wp-content\/uploads\/2018\/09\/camiones.jpg?resize=400%2C274&amp;ssl=1 400w\" sizes=\"auto, (max-width: 580px) 100vw, 580px\" \/><figcaption id=\"caption-attachment-88267\" class=\"wp-caption-text\">Cuatro camiones y un microb\u00fas estaban ayer en la ma\u00f1ana estacionados en calle 5 de Abril, en labores de descarga incluso.<\/figcaption><\/figure>\n<p><span style=\"color: #ff0000;\"><strong>Obstaculizan el tr\u00e1nsito detr\u00e1s del Tottus en 5 de Abril:<\/strong><\/span><\/p>\n<p>Fue en el derecho al pataleo de radio Aconcagua donde un auditor que se identific\u00f3 como Jorge, domiciliado en los departamentos que est\u00e1n ubicados detr\u00e1s del Supermercado Tottus, llam\u00f3 para denunciar un problema que se viene arrastrando desde hace tiempo, donde seg\u00fan el auditor, la autoridad no hace nada.<br \/>\nLa queja tiene que ver con los camiones que se estacionan por calle 5 de Abril entre 12 de Febrero y Padre Hurtado, para descargar mercader\u00edas que deben entregar en el supermercado Tottus.<br \/>\n\u201cNosotros vivimos detr\u00e1s del Tottus en la calle 5 de Abril, entre las calles 12 de Febrero y Padre Hurtado, y este tema de descarga en el supermercado, pese a que hemos reclamado varias veces por la radio, se ha ido a Carabineros, hay doce inspectores nuevos y ninguno se ha dado una vuelta por ac\u00e1. No se puede estacionar en esta calle y tenemos que estar haciendo malabares para pasar con los veh\u00edculos, no respetan nada; t\u00fa hablas con la gente del Tottus y les da exactamente lo mismo, en ning\u00fan momento ha habido una soluci\u00f3n para arreglar, cortar los ruidos molestos; la gente de los camiones hacen sus necesidades aqu\u00ed en los postes. No solamente es el tema de los estacionamientos el peligro que conlleva, porque se estacionan hasta arriba del paso peatonal; ahora hay un cami\u00f3n en estos momentos arriba de la mitad del paso peatonal y no se ven los peatones, \u00bfestamos esperando que haya un accidente de verdad?\u201d, se\u00f1ala Jorge.<br \/>\nSe queja del actuar de la municipalidad \u201cque se ha encargado de llenar a partes a la gente, este famoso escuadr\u00f3n de la muerte, no son capaces de caminar para ac\u00e1. Yo recuerdo que Agrasan ten\u00eda autorizaci\u00f3n para descargar a cierta hora, pero ac\u00e1 es todo el d\u00eda; yo llevo viviendo en San Felipe casi 35 a\u00f1os, es una verg\u00fcenza\u2026 es una verg\u00fcenza\u2026 te lo juro es una verg\u00fcenza lo que pasa ac\u00e1 atr\u00e1s. Ahora que viene el verano ni te cuento los olores que hay aqu\u00ed, esto lo convers\u00e1bamos con otras personas, se ha hecho p\u00fablico en tu radio, en programas de otras, y da lo mismo, la municipalidad no responde, el se\u00f1or Patricio Freire parece que cuando llega el momento de pedir los votos es el \u00fanico momento donde \u00e9l hace alguna soluci\u00f3n y soluciones de parche, o sea no basta con que el plan maestro tenga la crema en el damero central\u201d, se\u00f1al\u00f3.<br \/>\nNuestro medio lleg\u00f3 al lugar y pudo comprobar in situ que hab\u00eda cuatro camiones y un bus estacionados al costado derecho hacia 12 de Febrero, verificando los malabares que deben hacer los veh\u00edculos que pasan por el lugar debido a que es doble tr\u00e1nsito.<\/p>\n","protected":false},"excerpt":{"rendered":"<p>Obstaculizan el tr\u00e1nsito detr\u00e1s del Tottus en 5 de Abril: Fue en el derecho al pataleo de radio Aconcagua donde un auditor que se identific\u00f3 como Jorge, domiciliado en los departamentos que&#8230;<\/p>\n","protected":false},"author":1,"featured_media":88267,"comment_status":"closed","ping_status":"open","sticky":false,"template":"","format":"standard","meta":{"advanced_seo_description":"","jetpack_seo_html_title":"","jetpack_seo_noindex":false,"_jetpack_memberships_contains_paid_content":false,"footnotes":""},"categories":[15],"tags":[],"class_list":["post-88266","post","type-post","status-publish","format-standard","has-post-thumbnail","hentry","category-comunidad"],"jetpack_featured_media_url":"https:\/\/i0.wp.com\/eltrabajo.cl\/portal\/wp-content\/uploads\/2018\/09\/camiones.jpg?fit=580%2C398&ssl=1","jetpack_sharing_enabled":true,"jetpack_likes_enabled":true,"jetpack-related-posts":[],"_links":{"self":[{"href":"https:\/\/eltrabajo.cl\/portal\/wp-json\/wp\/v2\/posts\/88266","targetHints":{"allow":["GET"]}}],"collection":[{"href":"https:\/\/eltrabajo.cl\/portal\/wp-json\/wp\/v2\/posts"}],"about":[{"href":"https:\/\/eltrabajo.cl\/portal\/wp-json\/wp\/v2\/types\/post"}],"author":[{"embeddable":true,"href":"https:\/\/eltrabajo.cl\/portal\/wp-json\/wp\/v2\/users\/1"}],"replies":[{"embeddable":true,"href":"https:\/\/eltrabajo.cl\/portal\/wp-json\/wp\/v2\/comments?post=88266"}],"version-history":[{"count":0,"href":"https:\/\/eltrabajo.cl\/portal\/wp-json\/wp\/v2\/posts\/88266\/revisions"}],"wp:featuredmedia":[{"embeddable":true,"href":"https:\/\/eltrabajo.cl\/portal\/wp-json\/wp\/v2\/media\/88267"}],"wp:attachment":[{"href":"https:\/\/eltrabajo.cl\/portal\/wp-json\/wp\/v2\/media?parent=88266"}],"wp:term":[{"taxonomy":"category","embeddable":true,"href":"https:\/\/eltrabajo.cl\/portal\/wp-json\/wp\/v2\/categories?post=88266"},{"taxonomy":"post_tag","embeddable":true,"href":"https:\/\/eltrabajo.cl\/portal\/wp-json\/wp\/v2\/tags?post=88266"}],"curies":[{"name":"wp","href":"https:\/\/api.w.org\/{rel}","templated":true}]}}