{"id":88269,"date":"2018-09-12T05:03:24","date_gmt":"2018-09-12T09:03:24","guid":{"rendered":"http:\/\/www.eltrabajo.cl\/2017\/?p=88269"},"modified":"2018-09-12T05:03:24","modified_gmt":"2018-09-12T09:03:24","slug":"en-bellavista-se-desarrollara-la-ramada-oficial-de-san-felipe","status":"publish","type":"post","link":"https:\/\/eltrabajo.cl\/portal\/en-bellavista-se-desarrollara-la-ramada-oficial-de-san-felipe\/","title":{"rendered":"En Bellavista se desarrollar\u00e1 la Ramada Oficial de San Felipe"},"content":{"rendered":"<figure id=\"attachment_88270\" aria-describedby=\"caption-attachment-88270\" style=\"width: 580px\" class=\"wp-caption alignnone\"><img data-recalc-dims=\"1\" loading=\"lazy\" decoding=\"async\" class=\"size-full wp-image-88270\" src=\"https:\/\/i0.wp.com\/www.eltrabajo.cl\/2017\/wp-content\/uploads\/2018\/09\/fiestas-patrias-bellavista-Jos%C3%A9-Manuel-Arancibia.jpg?resize=580%2C400\" alt=\"El secretario del Club de Huasos Bellavista, Jos\u00e9 Manuel Arancibia (derecha), destac\u00f3 las actividades que se han programado para la ocasi\u00f3n.\" width=\"580\" height=\"400\" srcset=\"https:\/\/i0.wp.com\/eltrabajo.cl\/portal\/wp-content\/uploads\/2018\/09\/fiestas-patrias-bellavista-Jos%C3%A9-Manuel-Arancibia.jpg?w=580&amp;ssl=1 580w, https:\/\/i0.wp.com\/eltrabajo.cl\/portal\/wp-content\/uploads\/2018\/09\/fiestas-patrias-bellavista-Jos%C3%A9-Manuel-Arancibia.jpg?resize=200%2C138&amp;ssl=1 200w, https:\/\/i0.wp.com\/eltrabajo.cl\/portal\/wp-content\/uploads\/2018\/09\/fiestas-patrias-bellavista-Jos%C3%A9-Manuel-Arancibia.jpg?resize=300%2C207&amp;ssl=1 300w, https:\/\/i0.wp.com\/eltrabajo.cl\/portal\/wp-content\/uploads\/2018\/09\/fiestas-patrias-bellavista-Jos%C3%A9-Manuel-Arancibia.jpg?resize=218%2C150&amp;ssl=1 218w, https:\/\/i0.wp.com\/eltrabajo.cl\/portal\/wp-content\/uploads\/2018\/09\/fiestas-patrias-bellavista-Jos%C3%A9-Manuel-Arancibia.jpg?resize=400%2C276&amp;ssl=1 400w\" sizes=\"auto, (max-width: 580px) 100vw, 580px\" \/><figcaption id=\"caption-attachment-88270\" class=\"wp-caption-text\">El secretario del Club de Huasos Bellavista, Jos\u00e9 Manuel Arancibia (derecha), destac\u00f3 las actividades que se han programado para la ocasi\u00f3n.<\/figcaption><\/figure>\n<ul>\n<li><strong>La medialuna del sector ser\u00e1 la sede para la celebraci\u00f3n de la Fiesta Huasa, la ramada y el rodeo oficial que inician el pr\u00f3ximo domingo 16 de septiembre, a partir de las 10.30 horas.<\/strong><\/li>\n<\/ul>\n<p>Confirmado se encuentra el lugar donde se emplazar\u00e1 la Fiesta Huasa, Rodeo y Ramada Oficial. Se trata de la localidad de Bellavista, que durante este 2018 contar\u00e1 con una serie de actividades destinadas a que todos los sanfelipe\u00f1os puedan disfrutar de las fiestas patrias con tres d\u00edas de celebraciones.<br \/>\nLas primeras cuecas se bailar\u00e1n en la Fiesta Huasa, este domingo 16, desde las 10.30 horas, en la medialuna de este tradicional sector, donde instalar\u00e1n juegos t\u00edpicos para grandes y chicos, domaduras, comidas y bebidas t\u00edpicas y la presentaci\u00f3n de un grupo ranchero.<br \/>\nSiguiendo con los festejos, durante esa misma jornada, a eso de las 20.00 horas, en compa\u00f1\u00eda de autoridades y vecinos, realizar\u00e1n la inauguraci\u00f3n de la Ramada Oficial que contar\u00e1 con m\u00fasica en vivo, platos t\u00edpicos y distintas sorpresas.<br \/>\n\u00abTenemos preparado una serie de sorpresa, tendremos juegos inflables para los ni\u00f1os, venta de empanadas, anticuchos y terremotos, adem\u00e1s de la presentaci\u00f3n del grupo Nostalgia (durante el 17) y Pira\u00f1a 4 (el 18 de septiembre) amenizando el baile\u00bb, sostuvo el secretario del Club de Huasos Bellavista, Jos\u00e9 Manuel Arancibia.<br \/>\nFinalmente, el Rodeo Oficial, que iniciar\u00e1 cercano a las 09.00 de la ma\u00f1ana durante los d\u00edas 17 y 18 de septiembre, contar\u00e1 con m\u00e1s de 50 de las mejores colleras de la zona, quienes se jugar\u00e1n el todo por el todo para quedarse con el primer lugar de este certamen.<br \/>\nLa entrada tendr\u00e1 un valor de $1.500 por persona, exceptuando los ni\u00f1os que no pagar\u00e1n. Est\u00e1 todo dispuesto para disfrutar de estas fiestas patrias en una zona t\u00edpica de la comuna.<\/p>\n","protected":false},"excerpt":{"rendered":"<p>La medialuna del sector ser\u00e1 la sede para la celebraci\u00f3n de la Fiesta Huasa, la ramada y el rodeo oficial que inician el pr\u00f3ximo domingo 16 de septiembre, a partir de las&#8230;<\/p>\n","protected":false},"author":1,"featured_media":88270,"comment_status":"closed","ping_status":"open","sticky":false,"template":"","format":"standard","meta":{"advanced_seo_description":"","jetpack_seo_html_title":"","jetpack_seo_noindex":false,"_jetpack_memberships_contains_paid_content":false,"footnotes":""},"categories":[1],"tags":[],"class_list":["post-88269","post","type-post","status-publish","format-standard","has-post-thumbnail","hentry","category-cronica"],"jetpack_featured_media_url":"https:\/\/i0.wp.com\/eltrabajo.cl\/portal\/wp-content\/uploads\/2018\/09\/fiestas-patrias-bellavista-Jos%C3%A9-Manuel-Arancibia.jpg?fit=580%2C400&ssl=1","jetpack_sharing_enabled":true,"jetpack_likes_enabled":true,"jetpack-related-posts":[],"_links":{"self":[{"href":"https:\/\/eltrabajo.cl\/portal\/wp-json\/wp\/v2\/posts\/88269","targetHints":{"allow":["GET"]}}],"collection":[{"href":"https:\/\/eltrabajo.cl\/portal\/wp-json\/wp\/v2\/posts"}],"about":[{"href":"https:\/\/eltrabajo.cl\/portal\/wp-json\/wp\/v2\/types\/post"}],"author":[{"embeddable":true,"href":"https:\/\/eltrabajo.cl\/portal\/wp-json\/wp\/v2\/users\/1"}],"replies":[{"embeddable":true,"href":"https:\/\/eltrabajo.cl\/portal\/wp-json\/wp\/v2\/comments?post=88269"}],"version-history":[{"count":0,"href":"https:\/\/eltrabajo.cl\/portal\/wp-json\/wp\/v2\/posts\/88269\/revisions"}],"wp:featuredmedia":[{"embeddable":true,"href":"https:\/\/eltrabajo.cl\/portal\/wp-json\/wp\/v2\/media\/88270"}],"wp:attachment":[{"href":"https:\/\/eltrabajo.cl\/portal\/wp-json\/wp\/v2\/media?parent=88269"}],"wp:term":[{"taxonomy":"category","embeddable":true,"href":"https:\/\/eltrabajo.cl\/portal\/wp-json\/wp\/v2\/categories?post=88269"},{"taxonomy":"post_tag","embeddable":true,"href":"https:\/\/eltrabajo.cl\/portal\/wp-json\/wp\/v2\/tags?post=88269"}],"curies":[{"name":"wp","href":"https:\/\/api.w.org\/{rel}","templated":true}]}}