{"id":88272,"date":"2018-09-12T05:04:38","date_gmt":"2018-09-12T09:04:38","guid":{"rendered":"http:\/\/www.eltrabajo.cl\/2017\/?p=88272"},"modified":"2018-09-12T05:04:38","modified_gmt":"2018-09-12T09:04:38","slug":"al-menos-veinte-haitianos-se-han-acercado-a-la-gobernacion-de-san-felipe-para-ser-considerados-en-el-plan-retorno","status":"publish","type":"post","link":"https:\/\/eltrabajo.cl\/portal\/al-menos-veinte-haitianos-se-han-acercado-a-la-gobernacion-de-san-felipe-para-ser-considerados-en-el-plan-retorno\/","title":{"rendered":"Al menos veinte haitianos se han acercado a la Gobernaci\u00f3n de San Felipe para ser considerados en el Plan Retorno"},"content":{"rendered":"<figure id=\"attachment_88273\" aria-describedby=\"caption-attachment-88273\" style=\"width: 580px\" class=\"wp-caption alignnone\"><img data-recalc-dims=\"1\" loading=\"lazy\" decoding=\"async\" class=\"size-full wp-image-88273\" src=\"https:\/\/i0.wp.com\/www.eltrabajo.cl\/2017\/wp-content\/uploads\/2018\/09\/haitianos-2.jpg?resize=580%2C398\" alt=\"En la foto de archivo algunos de los miles de haitianos que llegaron a San Felipe con la esperanza de encontrar una mejor vida. Algunos lo han logrado, pero otros ven en el Plan Retorno una opci\u00f3n para su futuro.\" width=\"580\" height=\"398\" srcset=\"https:\/\/i0.wp.com\/eltrabajo.cl\/portal\/wp-content\/uploads\/2018\/09\/haitianos-2.jpg?w=580&amp;ssl=1 580w, https:\/\/i0.wp.com\/eltrabajo.cl\/portal\/wp-content\/uploads\/2018\/09\/haitianos-2.jpg?resize=200%2C137&amp;ssl=1 200w, https:\/\/i0.wp.com\/eltrabajo.cl\/portal\/wp-content\/uploads\/2018\/09\/haitianos-2.jpg?resize=300%2C206&amp;ssl=1 300w, https:\/\/i0.wp.com\/eltrabajo.cl\/portal\/wp-content\/uploads\/2018\/09\/haitianos-2.jpg?resize=219%2C150&amp;ssl=1 219w, https:\/\/i0.wp.com\/eltrabajo.cl\/portal\/wp-content\/uploads\/2018\/09\/haitianos-2.jpg?resize=400%2C274&amp;ssl=1 400w\" sizes=\"auto, (max-width: 580px) 100vw, 580px\" \/><figcaption id=\"caption-attachment-88273\" class=\"wp-caption-text\">En la foto de archivo algunos de los miles de haitianos que llegaron a San Felipe con la esperanza de encontrar una mejor vida. Algunos lo han logrado, pero otros ven en el Plan Retorno una opci\u00f3n para su futuro.<\/figcaption><\/figure>\n<p>Hace unas semanas el Subsecretario del Interior, Rodrigo Ubilla, dio a conocer el plan retorno enfocado hacia ciudadanos haitianos que deseen volver a su pa\u00eds porque no se cumplieron las expectativas que ten\u00edan cuando decidieron venir a Chile, e incluso dentro de las posibilidades que se est\u00e1n evaluando, est\u00e1 la de usar el avi\u00f3n presidencial para este traslado.<br \/>\nEn la provincia de San Felipe, la encargada del departamento de Extranjer\u00eda de la Gobernaci\u00f3n Provincial, Juana D\u00edaz, se\u00f1al\u00f3 que hasta el momento han sido unas veinte personas de nacionalidad Haitiana las que se han acercado para entregar sus datos y poder ser considerados en este plan retorno.<br \/>\n\u201cA nivel nacional se est\u00e1n evaluando las posibilidades para aportar a este plan de retorno para que las personas que llegaron a Chile provenientes de Hait\u00ed y que no lograron cumplir con sus expectativas, sus sue\u00f1os, sus metas, puedan devolverse a su pa\u00eds de origen de manera ordenada, d\u00e1ndole las mayores facilidades para este proceso. Dentro de las posibilidades que se est\u00e1n evaluando, est\u00e1 utilizar el avi\u00f3n presidencial, pero eso es una posibilidad, todav\u00eda no es oficial de c\u00f3mo y cu\u00e1ndo se iniciar\u00eda este proceso. La otra informaci\u00f3n que tenemos es que se va a habilitar la plataforma de regularizaci\u00f3n para que estas personas que quieran retornar a su pa\u00eds, puedan hacerlo, pero todav\u00eda no se ha iniciado formalmente. Eso igual lo informaremos a tiempo para que las personas puedan acudir ac\u00e1\u201d, se\u00f1al\u00f3 D\u00edaz.<br \/>\nReconoci\u00f3 que a la Gobernaci\u00f3n Provincial de San Felipe se han acercado personas que quieren acceder a este beneficio, \u201cpero le estamos pidiendo que por favor se inscriban ac\u00e1 de manera informal, que tenemos sus datos y le vamos a avisar cuando la plataforma se abra y de esa forma podamos inscribirlas formalmente. En estas dos semana han venido alrededor de veinte, indicando que la mayor problem\u00e1tica ha sido encontrar trabajo, que tienen escasez de dinero para poder solventar sus gastos ac\u00e1, entonces est\u00e1n esperanzados con esta posibilidad de volver a su pa\u00eds, ya que ac\u00e1 en Chile no pudieron alcanzar un trabajo que se les prometi\u00f3 o que ellos esperaban; ven una alternativa en esto de su retorno, est\u00e1n claramente complicados con su situaci\u00f3n, el clima no les favoreci\u00f3, hay algunos empleadores que abusaron de ellos, muchos fueron v\u00edctimas de estafas, entonces claro, llega un punto de que est\u00e1n bastante complicados y ven una esperanza en esto del plan de retorno humanitario\u201d, finaliz\u00f3 Juana D\u00edaz.<\/p>\n","protected":false},"excerpt":{"rendered":"<p>Hace unas semanas el Subsecretario del Interior, Rodrigo Ubilla, dio a conocer el plan retorno enfocado hacia ciudadanos haitianos que deseen volver a su pa\u00eds porque no se cumplieron las expectativas que&#8230;<\/p>\n","protected":false},"author":1,"featured_media":88273,"comment_status":"closed","ping_status":"open","sticky":false,"template":"","format":"standard","meta":{"advanced_seo_description":"","jetpack_seo_html_title":"","jetpack_seo_noindex":false,"_jetpack_memberships_contains_paid_content":false,"footnotes":""},"categories":[1],"tags":[],"class_list":["post-88272","post","type-post","status-publish","format-standard","has-post-thumbnail","hentry","category-cronica"],"jetpack_featured_media_url":"https:\/\/i0.wp.com\/eltrabajo.cl\/portal\/wp-content\/uploads\/2018\/09\/haitianos-2.jpg?fit=580%2C398&ssl=1","jetpack_sharing_enabled":true,"jetpack_likes_enabled":true,"jetpack-related-posts":[],"_links":{"self":[{"href":"https:\/\/eltrabajo.cl\/portal\/wp-json\/wp\/v2\/posts\/88272","targetHints":{"allow":["GET"]}}],"collection":[{"href":"https:\/\/eltrabajo.cl\/portal\/wp-json\/wp\/v2\/posts"}],"about":[{"href":"https:\/\/eltrabajo.cl\/portal\/wp-json\/wp\/v2\/types\/post"}],"author":[{"embeddable":true,"href":"https:\/\/eltrabajo.cl\/portal\/wp-json\/wp\/v2\/users\/1"}],"replies":[{"embeddable":true,"href":"https:\/\/eltrabajo.cl\/portal\/wp-json\/wp\/v2\/comments?post=88272"}],"version-history":[{"count":0,"href":"https:\/\/eltrabajo.cl\/portal\/wp-json\/wp\/v2\/posts\/88272\/revisions"}],"wp:featuredmedia":[{"embeddable":true,"href":"https:\/\/eltrabajo.cl\/portal\/wp-json\/wp\/v2\/media\/88273"}],"wp:attachment":[{"href":"https:\/\/eltrabajo.cl\/portal\/wp-json\/wp\/v2\/media?parent=88272"}],"wp:term":[{"taxonomy":"category","embeddable":true,"href":"https:\/\/eltrabajo.cl\/portal\/wp-json\/wp\/v2\/categories?post=88272"},{"taxonomy":"post_tag","embeddable":true,"href":"https:\/\/eltrabajo.cl\/portal\/wp-json\/wp\/v2\/tags?post=88272"}],"curies":[{"name":"wp","href":"https:\/\/api.w.org\/{rel}","templated":true}]}}