{"id":88283,"date":"2018-09-13T05:00:58","date_gmt":"2018-09-13T09:00:58","guid":{"rendered":"http:\/\/www.eltrabajo.cl\/2017\/?p=88283"},"modified":"2018-09-13T05:00:58","modified_gmt":"2018-09-13T09:00:58","slug":"antonio-lepe-e-isabel-castro-ganan-el-regional-de-cueca-en-la-calera","status":"publish","type":"post","link":"https:\/\/eltrabajo.cl\/portal\/antonio-lepe-e-isabel-castro-ganan-el-regional-de-cueca-en-la-calera\/","title":{"rendered":"Antonio Lepe e Isabel Castro ganan el Regional de Cueca en La Calera"},"content":{"rendered":"<figure id=\"attachment_88288\" aria-describedby=\"caption-attachment-88288\" style=\"width: 580px\" class=\"wp-caption alignnone\"><img data-recalc-dims=\"1\" loading=\"lazy\" decoding=\"async\" class=\"size-full wp-image-88288\" src=\"https:\/\/i0.wp.com\/www.eltrabajo.cl\/2017\/wp-content\/uploads\/2018\/09\/Campeones1-1.jpg?resize=580%2C399\" alt=\"BIEN RECIBIDOS.- Una gran comitiva de folcloristas sanfelipe\u00f1os posa junto a las autoridades comunales en compa\u00f1\u00eda de los nuevos campeones regionales de Cueca 2018, en el frontis de la Municipalidad de San Felipe.\" width=\"580\" height=\"399\" srcset=\"https:\/\/i0.wp.com\/eltrabajo.cl\/portal\/wp-content\/uploads\/2018\/09\/Campeones1-1.jpg?w=580&amp;ssl=1 580w, https:\/\/i0.wp.com\/eltrabajo.cl\/portal\/wp-content\/uploads\/2018\/09\/Campeones1-1.jpg?resize=200%2C138&amp;ssl=1 200w, https:\/\/i0.wp.com\/eltrabajo.cl\/portal\/wp-content\/uploads\/2018\/09\/Campeones1-1.jpg?resize=300%2C206&amp;ssl=1 300w, https:\/\/i0.wp.com\/eltrabajo.cl\/portal\/wp-content\/uploads\/2018\/09\/Campeones1-1.jpg?resize=218%2C150&amp;ssl=1 218w, https:\/\/i0.wp.com\/eltrabajo.cl\/portal\/wp-content\/uploads\/2018\/09\/Campeones1-1.jpg?resize=400%2C275&amp;ssl=1 400w\" sizes=\"auto, (max-width: 580px) 100vw, 580px\" \/><figcaption id=\"caption-attachment-88288\" class=\"wp-caption-text\">BIEN RECIBIDOS.- Una gran comitiva de folcloristas sanfelipe\u00f1os posa junto a las autoridades comunales en compa\u00f1\u00eda de los nuevos campeones regionales de Cueca 2018, en el frontis de la Municipalidad de San Felipe.<\/figcaption><\/figure>\n<p><span style=\"color: #ff0000;\"><strong>Bailarines sanfelipe\u00f1os nos representar\u00e1n en el Nacional de Tom\u00e9:<\/strong><\/span><\/p>\n<p>Una muy grata noticia es la que se gener\u00f3 en toda la V Regi\u00f3n a ra\u00edz del electrizante triunfo obtenido por la pareja de bailarines de cueca sanfelipe\u00f1a, en el Regional de Cueca La Calera 2018, desarrollado este martes en esa comuna, jornada folcl\u00f3rica en la que se reunieron los mejores de cada comuna de la Regi\u00f3n de Valpara\u00edso.<br \/>\nSe trata de Antonio Lepe e Isabel Castro, experimentados cuequeros que ganaron esta disputa regional para instalarse con pleno derecho en el Nacional de Cueca que se desarrollar\u00e1 los d\u00edas 29 y 30 de septiembre de este a\u00f1o en la ciudad de Tom\u00e9.<br \/>\nMinutos despu\u00e9s que el Jurado los anunciara como campeones regionales, r\u00e1pidamente la noticia se supo en redes sociales de cada comuna, impactando m\u00e1s fuertemente en San Felipe, ya que no solamente estos artistas locales representar\u00e1n a nuestra comuna en Tom\u00e9, sino que tambi\u00e9n a toda la V Regi\u00f3n.<br \/>\nLa llegada de los campeones regionales de Cueca Adulto Mayor 2018 a San Felipe, se dio cerca de las 20:00 horas, cuando la pareja arrib\u00f3 en el bus municipal con una nutrida comitiva de vecinos mayores del Centro Adulto Mayor Ayec\u00e1n. A la llegada estaba el alcalde Patricio Freire, el gobernador Claudio Rodr\u00edguez y amigos de los bailarines.<\/p>\n<p><span style=\"color: #ff0000;\"><strong>NUESTROS CAMPEONES<\/strong><\/span><br \/>\nA su llegada a nuestra comuna Diario El Trabajo habl\u00f3 con los protagonistas, empezando con Antonio Lepe, flamante campe\u00f3n de la V Regi\u00f3n: \u00abMi esposa Isabel y yo somos ahora campeones regionales gracias al esfuerzo personal y al apoyo de las autoridades comunales que nos permitieron llegar a este evento regional. As\u00ed logramos sacar la cara por San Felipe y traernos el primer lugar. Este triunfo mi esposa y yo queremos dedicarlo a nuestro gran amigo, ya fallecido, el folclorista Osvaldo Gonz\u00e1lez Concha, amigo que nos ense\u00f1\u00f3 mucho sobre nuestro Baile Nacional, y a quien no olvidamos\u00bb, dijo Lepe.<br \/>\nAs\u00ed tambi\u00e9n nuestra campeona, do\u00f1a Isabel Castro, nos coment\u00f3 que \u00abfue muy duro, tuvimos que enfrentar a trece parejas de cueca, de esas trece parejas aqu\u00ed estamos, y como dijo mi esposo, este campeonato lo dedicamos al Negro Gonz\u00e1lez, nuestro gran amigo\u00bb.<br \/>\nDe la misma forma la primera autoridad provincial, el gobernador Claudio Rodr\u00edguez, coment\u00f3 a Diario El Trabajo que estaba \u00abmuy contento de haber podido retomar este provincial, despu\u00e9s que no se hac\u00eda desde hace varios a\u00f1os, este es un campeonato muy lindo, emocionante, muy nuestro, muy chileno, y recibir ahora a nuestros campeones regionales la verdad es que nos llena de alegr\u00eda tanto como autoridad y sanfelipe\u00f1o, esta pareja se impuso frente a las dem\u00e1s, lo hicieron muy bien, por lo que seguimos ahora con el sue\u00f1o de llegar a ser campeones nacionales\u00bb, dijo Rodr\u00edguez.<br \/>\nQuien estaba que no cab\u00eda de contento a la llegada de la comitiva de folcloristas, era don Patricio Freire, quien recibi\u00f3 efusivamente a los campeones: \u00abBueno, muy orgulloso de que una pareja de folcloristas de nuestra comuna lograra este campeonato, ahora vamos al Nacional por nuestra V Regi\u00f3n, ojala que nos sigan dando esta clase de sorpresas\u00bb.<br \/>\nDiario El Trabajo tambi\u00e9n habl\u00f3 con Luisa Salinas, la mejor amiga del fallecido Osvaldo Gonz\u00e1lez y tambi\u00e9n de los campeones, ella ha seguido de cerca este proceso: \u00abA los pocos minutos de ser anunciados campeones Antonio y do\u00f1a Isabel, llam\u00e9 a la viuda de Osvaldo, le cont\u00e9 que todos le pedimos a \u00c9l que nos echara la manito desde el Cielo y as\u00ed pudimos llegar a este Nacional. Felicitar tambi\u00e9n a los chiquillos, triunfaron como lo hacen los grandes, ojala que ganen el Nacional\u00bb, indic\u00f3 Salinas.<br \/>\n<strong>Roberto Gonz\u00e1lez Short<\/strong><\/p>\n<figure id=\"attachment_88289\" aria-describedby=\"caption-attachment-88289\" style=\"width: 579px\" class=\"wp-caption alignnone\"><img data-recalc-dims=\"1\" loading=\"lazy\" decoding=\"async\" class=\"size-full wp-image-88289\" src=\"https:\/\/i0.wp.com\/www.eltrabajo.cl\/2017\/wp-content\/uploads\/2018\/09\/Campeones3.jpg?resize=579%2C771\" alt=\"TREMENDO HUASO CON SU CHINA.- As\u00ed lucen Antonio e Isabel cuando desarrollan su baile, regalones, imponentes y muy profesionales.\" width=\"579\" height=\"771\" srcset=\"https:\/\/i0.wp.com\/eltrabajo.cl\/portal\/wp-content\/uploads\/2018\/09\/Campeones3.jpg?w=579&amp;ssl=1 579w, https:\/\/i0.wp.com\/eltrabajo.cl\/portal\/wp-content\/uploads\/2018\/09\/Campeones3.jpg?resize=113%2C150&amp;ssl=1 113w, https:\/\/i0.wp.com\/eltrabajo.cl\/portal\/wp-content\/uploads\/2018\/09\/Campeones3.jpg?resize=225%2C300&amp;ssl=1 225w, https:\/\/i0.wp.com\/eltrabajo.cl\/portal\/wp-content\/uploads\/2018\/09\/Campeones3.jpg?resize=400%2C533&amp;ssl=1 400w\" sizes=\"auto, (max-width: 579px) 100vw, 579px\" \/><figcaption id=\"caption-attachment-88289\" class=\"wp-caption-text\">TREMENDO HUASO CON SU CHINA.- As\u00ed lucen Antonio e Isabel cuando desarrollan su baile, regalones, imponentes y muy profesionales.<\/figcaption><\/figure>\n<figure id=\"attachment_88287\" aria-describedby=\"caption-attachment-88287\" style=\"width: 580px\" class=\"wp-caption alignnone\"><img data-recalc-dims=\"1\" loading=\"lazy\" decoding=\"async\" class=\"size-full wp-image-88287\" src=\"https:\/\/i0.wp.com\/www.eltrabajo.cl\/2017\/wp-content\/uploads\/2018\/09\/Campeones_Patricio-Freire.jpg?resize=580%2C524\" alt=\"Patricio Freire, alcalde de San Felipe.\" width=\"580\" height=\"524\" srcset=\"https:\/\/i0.wp.com\/eltrabajo.cl\/portal\/wp-content\/uploads\/2018\/09\/Campeones_Patricio-Freire.jpg?w=580&amp;ssl=1 580w, https:\/\/i0.wp.com\/eltrabajo.cl\/portal\/wp-content\/uploads\/2018\/09\/Campeones_Patricio-Freire.jpg?resize=166%2C150&amp;ssl=1 166w, https:\/\/i0.wp.com\/eltrabajo.cl\/portal\/wp-content\/uploads\/2018\/09\/Campeones_Patricio-Freire.jpg?resize=300%2C271&amp;ssl=1 300w, https:\/\/i0.wp.com\/eltrabajo.cl\/portal\/wp-content\/uploads\/2018\/09\/Campeones_Patricio-Freire.jpg?resize=400%2C361&amp;ssl=1 400w\" sizes=\"auto, (max-width: 580px) 100vw, 580px\" \/><figcaption id=\"caption-attachment-88287\" class=\"wp-caption-text\">Patricio Freire, alcalde de San Felipe.<\/figcaption><\/figure>\n<figure id=\"attachment_88286\" aria-describedby=\"caption-attachment-88286\" style=\"width: 580px\" class=\"wp-caption alignnone\"><img data-recalc-dims=\"1\" loading=\"lazy\" decoding=\"async\" class=\"size-full wp-image-88286\" src=\"https:\/\/i0.wp.com\/www.eltrabajo.cl\/2017\/wp-content\/uploads\/2018\/09\/Campeones_Luisa-Salinas.jpg?resize=580%2C537\" alt=\"Luisa Salinas, amiga personal de los campeones y cultora de la cueca en Aconcagua.\" width=\"580\" height=\"537\" srcset=\"https:\/\/i0.wp.com\/eltrabajo.cl\/portal\/wp-content\/uploads\/2018\/09\/Campeones_Luisa-Salinas.jpg?w=580&amp;ssl=1 580w, https:\/\/i0.wp.com\/eltrabajo.cl\/portal\/wp-content\/uploads\/2018\/09\/Campeones_Luisa-Salinas.jpg?resize=162%2C150&amp;ssl=1 162w, https:\/\/i0.wp.com\/eltrabajo.cl\/portal\/wp-content\/uploads\/2018\/09\/Campeones_Luisa-Salinas.jpg?resize=300%2C278&amp;ssl=1 300w, https:\/\/i0.wp.com\/eltrabajo.cl\/portal\/wp-content\/uploads\/2018\/09\/Campeones_Luisa-Salinas.jpg?resize=400%2C370&amp;ssl=1 400w\" sizes=\"auto, (max-width: 580px) 100vw, 580px\" \/><figcaption id=\"caption-attachment-88286\" class=\"wp-caption-text\">Luisa Salinas, amiga personal de los campeones y cultora de la cueca en Aconcagua.<\/figcaption><\/figure>\n<figure id=\"attachment_88284\" aria-describedby=\"caption-attachment-88284\" style=\"width: 580px\" class=\"wp-caption alignnone\"><img data-recalc-dims=\"1\" loading=\"lazy\" decoding=\"async\" class=\"size-full wp-image-88284\" src=\"https:\/\/i0.wp.com\/www.eltrabajo.cl\/2017\/wp-content\/uploads\/2018\/09\/Campeones_Antonio-Lepe.jpg?resize=580%2C545\" alt=\"Antonio Lepe, campe\u00f3n regional de Cueca Adulto Mayor.\" width=\"580\" height=\"545\" srcset=\"https:\/\/i0.wp.com\/eltrabajo.cl\/portal\/wp-content\/uploads\/2018\/09\/Campeones_Antonio-Lepe.jpg?w=580&amp;ssl=1 580w, https:\/\/i0.wp.com\/eltrabajo.cl\/portal\/wp-content\/uploads\/2018\/09\/Campeones_Antonio-Lepe.jpg?resize=160%2C150&amp;ssl=1 160w, https:\/\/i0.wp.com\/eltrabajo.cl\/portal\/wp-content\/uploads\/2018\/09\/Campeones_Antonio-Lepe.jpg?resize=300%2C282&amp;ssl=1 300w, https:\/\/i0.wp.com\/eltrabajo.cl\/portal\/wp-content\/uploads\/2018\/09\/Campeones_Antonio-Lepe.jpg?resize=400%2C376&amp;ssl=1 400w\" sizes=\"auto, (max-width: 580px) 100vw, 580px\" \/><figcaption id=\"caption-attachment-88284\" class=\"wp-caption-text\">Antonio Lepe, campe\u00f3n regional de Cueca Adulto Mayor.<\/figcaption><\/figure>\n<figure id=\"attachment_88285\" aria-describedby=\"caption-attachment-88285\" style=\"width: 580px\" class=\"wp-caption alignnone\"><img data-recalc-dims=\"1\" loading=\"lazy\" decoding=\"async\" class=\"size-full wp-image-88285\" src=\"https:\/\/i0.wp.com\/www.eltrabajo.cl\/2017\/wp-content\/uploads\/2018\/09\/Campeones_Isabel-Castro.jpg?resize=580%2C671\" alt=\"Isabel Castro, campeona regional de Cueca Adulto Mayor.\" width=\"580\" height=\"671\" srcset=\"https:\/\/i0.wp.com\/eltrabajo.cl\/portal\/wp-content\/uploads\/2018\/09\/Campeones_Isabel-Castro.jpg?w=580&amp;ssl=1 580w, https:\/\/i0.wp.com\/eltrabajo.cl\/portal\/wp-content\/uploads\/2018\/09\/Campeones_Isabel-Castro.jpg?resize=130%2C150&amp;ssl=1 130w, https:\/\/i0.wp.com\/eltrabajo.cl\/portal\/wp-content\/uploads\/2018\/09\/Campeones_Isabel-Castro.jpg?resize=259%2C300&amp;ssl=1 259w, https:\/\/i0.wp.com\/eltrabajo.cl\/portal\/wp-content\/uploads\/2018\/09\/Campeones_Isabel-Castro.jpg?resize=400%2C463&amp;ssl=1 400w\" sizes=\"auto, (max-width: 580px) 100vw, 580px\" \/><figcaption id=\"caption-attachment-88285\" class=\"wp-caption-text\">Isabel Castro, campeona regional de Cueca Adulto Mayor.<\/figcaption><\/figure>\n","protected":false},"excerpt":{"rendered":"<p>Bailarines sanfelipe\u00f1os nos representar\u00e1n en el Nacional de Tom\u00e9: Una muy grata noticia es la que se gener\u00f3 en toda la V Regi\u00f3n a ra\u00edz del electrizante triunfo obtenido por la pareja&#8230;<\/p>\n","protected":false},"author":1,"featured_media":88288,"comment_status":"closed","ping_status":"open","sticky":false,"template":"","format":"standard","meta":{"advanced_seo_description":"","jetpack_seo_html_title":"","jetpack_seo_noindex":false,"_jetpack_memberships_contains_paid_content":false,"footnotes":""},"categories":[15],"tags":[],"class_list":["post-88283","post","type-post","status-publish","format-standard","has-post-thumbnail","hentry","category-comunidad"],"jetpack_featured_media_url":"https:\/\/i0.wp.com\/eltrabajo.cl\/portal\/wp-content\/uploads\/2018\/09\/Campeones1-1.jpg?fit=580%2C399&ssl=1","jetpack_sharing_enabled":true,"jetpack_likes_enabled":true,"jetpack-related-posts":[],"_links":{"self":[{"href":"https:\/\/eltrabajo.cl\/portal\/wp-json\/wp\/v2\/posts\/88283","targetHints":{"allow":["GET"]}}],"collection":[{"href":"https:\/\/eltrabajo.cl\/portal\/wp-json\/wp\/v2\/posts"}],"about":[{"href":"https:\/\/eltrabajo.cl\/portal\/wp-json\/wp\/v2\/types\/post"}],"author":[{"embeddable":true,"href":"https:\/\/eltrabajo.cl\/portal\/wp-json\/wp\/v2\/users\/1"}],"replies":[{"embeddable":true,"href":"https:\/\/eltrabajo.cl\/portal\/wp-json\/wp\/v2\/comments?post=88283"}],"version-history":[{"count":0,"href":"https:\/\/eltrabajo.cl\/portal\/wp-json\/wp\/v2\/posts\/88283\/revisions"}],"wp:featuredmedia":[{"embeddable":true,"href":"https:\/\/eltrabajo.cl\/portal\/wp-json\/wp\/v2\/media\/88288"}],"wp:attachment":[{"href":"https:\/\/eltrabajo.cl\/portal\/wp-json\/wp\/v2\/media?parent=88283"}],"wp:term":[{"taxonomy":"category","embeddable":true,"href":"https:\/\/eltrabajo.cl\/portal\/wp-json\/wp\/v2\/categories?post=88283"},{"taxonomy":"post_tag","embeddable":true,"href":"https:\/\/eltrabajo.cl\/portal\/wp-json\/wp\/v2\/tags?post=88283"}],"curies":[{"name":"wp","href":"https:\/\/api.w.org\/{rel}","templated":true}]}}