{"id":88297,"date":"2018-09-13T05:03:18","date_gmt":"2018-09-13T09:03:18","guid":{"rendered":"http:\/\/www.eltrabajo.cl\/2017\/?p=88297"},"modified":"2018-09-13T05:03:18","modified_gmt":"2018-09-13T09:03:18","slug":"gobierno-anuncia-que-el-peaje-las-vegas-vuelve-a-2-100-en-60-dias-mas","status":"publish","type":"post","link":"https:\/\/eltrabajo.cl\/portal\/gobierno-anuncia-que-el-peaje-las-vegas-vuelve-a-2-100-en-60-dias-mas\/","title":{"rendered":"Gobierno anuncia que el peaje Las Vegas vuelve a $2.100 en 60 d\u00edas m\u00e1s"},"content":{"rendered":"<figure id=\"attachment_88299\" aria-describedby=\"caption-attachment-88299\" style=\"width: 580px\" class=\"wp-caption alignnone\"><img data-recalc-dims=\"1\" loading=\"lazy\" decoding=\"async\" class=\"size-full wp-image-88299\" src=\"https:\/\/i0.wp.com\/www.eltrabajo.cl\/2017\/wp-content\/uploads\/2018\/09\/marcha-peaje.jpg?resize=580%2C399\" alt=\"Las marchas por la dignidad realizadas en agosto surtieron un efecto solo parcial, ya que la soluci\u00f3n planteada por las autoridades result\u00f3 totalmente confusa, no resuelve nada en lo inmediato y deja la duda sobre futuros nuevos cobros a lo largo de la ruta a la costa. \" width=\"580\" height=\"399\" srcset=\"https:\/\/i0.wp.com\/eltrabajo.cl\/portal\/wp-content\/uploads\/2018\/09\/marcha-peaje.jpg?w=580&amp;ssl=1 580w, https:\/\/i0.wp.com\/eltrabajo.cl\/portal\/wp-content\/uploads\/2018\/09\/marcha-peaje.jpg?resize=200%2C138&amp;ssl=1 200w, https:\/\/i0.wp.com\/eltrabajo.cl\/portal\/wp-content\/uploads\/2018\/09\/marcha-peaje.jpg?resize=300%2C206&amp;ssl=1 300w, https:\/\/i0.wp.com\/eltrabajo.cl\/portal\/wp-content\/uploads\/2018\/09\/marcha-peaje.jpg?resize=218%2C150&amp;ssl=1 218w, https:\/\/i0.wp.com\/eltrabajo.cl\/portal\/wp-content\/uploads\/2018\/09\/marcha-peaje.jpg?resize=400%2C275&amp;ssl=1 400w\" sizes=\"auto, (max-width: 580px) 100vw, 580px\" \/><figcaption id=\"caption-attachment-88299\" class=\"wp-caption-text\">Las marchas por la dignidad realizadas en agosto surtieron un efecto solo parcial, ya que la soluci\u00f3n planteada por las autoridades result\u00f3 totalmente confusa, no resuelve nada en lo inmediato y deja la duda sobre futuros nuevos cobros a lo largo de la ruta a la costa.<\/figcaption><\/figure>\n<p><span style=\"color: #ff0000;\"><strong>Presentan confusa, lenta e insuficiente soluci\u00f3n:<\/strong><\/span><\/p>\n<ul>\n<li><strong>Aconcag\u00fcinos deben permanecer alertas porque medida contemplar\u00eda aumentar cobros con incorporaci\u00f3n de m\u00e1s peajes, esta vez mediante TAG, en el resto de la ruta, sin que al parecer disminuya el valor en Las Vegas.<\/strong><\/li>\n<\/ul>\n<p>En lo que result\u00f3 ser una confusa medida que no soluciona nada en lo inmediato, y que por el contrario siembra un manto de dudas sobre futuros aumentos de peajes con la incorporaci\u00f3n de nuevos cobros a lo largo de la ruta, la ma\u00f1ana de ayer el subsecretario de Obras P\u00fablicas, Lucas Palacios, se reuni\u00f3 con autoridades del Valle de Aconcagua para informales sobre el retorno a la normalidad en el cobro del peaje Las Vegas que tendr\u00e1 lugar reci\u00e9n en 60 d\u00edas m\u00e1s, luego que de forma intempestiva e irregular subiera dr\u00e1sticamente de $ 2.100 a $ 2.800.<br \/>\nEste hecho gener\u00f3 que en dos ocasiones la ciudadan\u00eda indignada se manifestara en la misma ruta cortando el tr\u00e1nsito, manifestaci\u00f3n que dio pie a la reuni\u00f3n que se llev\u00f3 a cabo ayer en la ma\u00f1ana, donde la soluci\u00f3n prometida parece m\u00e1s bien una amenaza.<br \/>\nEl Subsecretario Lucas Palacios destac\u00f3 el trabajo realizado con la cocesionaria; \u201ctrabajo que ha sido muy complejo, donde se nos permite bajar (volver a lo que era) el peaje a $ 2.100 (dos mil cien pesos) de aqu\u00ed a sesenta d\u00edas (11 de noviembre). Eso es una buena noticia porque era justamente lo que nos estaba pidiendo la comunidad de disminuir ese peaje, a cambio de eso en un periodo de diez meses vamos a poner portales TAG que nos van a permitir segmentar mucho mejor lo que es el pago por kil\u00f3metro utilizado, de tal manera que incluso el pago utilizado en las personas que usen un espacio menor de la carretera va a tener que solamente pagar aquel espacio que usa y eso es una buena noticia. Lo otro que conversamos fue que no quisi\u00e9ramos \u2018peajizar\u2019 (sic) la problem\u00e1tica que tiene Aconcagua, porque esto ha sido un detonante para poder fijarnos en otros problemas que tiene aqu\u00ed la provincia y que son relevantes, por ejemplo buscamos una alternativa con todo este tema del peaje por la ruta cinco antigua, se dice que efectivamente era una alternativa a la ruta cinco actual que todos conocemos, y la verdad que no lo es porque est\u00e1 en muy mal estado. Lo que hemos visto despu\u00e9s de esa visita es c\u00f3mo poder arreglar ese camino en el m\u00e1s corto plazo, dado que est\u00e1 muy peligroso\u201d, se\u00f1al\u00f3.<br \/>\nEn la reuni\u00f3n participaron parlamentarios de Chile Vamos, concejales de San Felipe y Catemu, el Intendente, representantes de movimientos ciudadanos tanto de Llay Llay como del Valle de Aconcagua. No obstante, el anuncio dej\u00f3 m\u00e1s dudas que certezas respecto al valor final que tendr\u00e1 para los aconcag\u00fcinos el viaje a la capital regional, que hoy por hoy bordea los 15 mil pesos y que podr\u00eda subir con el reciente anuncio del subsecretario.<\/p>\n<figure id=\"attachment_88298\" aria-describedby=\"caption-attachment-88298\" style=\"width: 580px\" class=\"wp-caption alignnone\"><img data-recalc-dims=\"1\" loading=\"lazy\" decoding=\"async\" class=\"size-full wp-image-88298\" src=\"https:\/\/i0.wp.com\/www.eltrabajo.cl\/2017\/wp-content\/uploads\/2018\/09\/Lucas.jpg?resize=580%2C600\" alt=\"Lucas Palacios, Subsecretario de Obras P\u00fablicas.\" width=\"580\" height=\"600\" srcset=\"https:\/\/i0.wp.com\/eltrabajo.cl\/portal\/wp-content\/uploads\/2018\/09\/Lucas.jpg?w=580&amp;ssl=1 580w, https:\/\/i0.wp.com\/eltrabajo.cl\/portal\/wp-content\/uploads\/2018\/09\/Lucas.jpg?resize=145%2C150&amp;ssl=1 145w, https:\/\/i0.wp.com\/eltrabajo.cl\/portal\/wp-content\/uploads\/2018\/09\/Lucas.jpg?resize=290%2C300&amp;ssl=1 290w, https:\/\/i0.wp.com\/eltrabajo.cl\/portal\/wp-content\/uploads\/2018\/09\/Lucas.jpg?resize=400%2C414&amp;ssl=1 400w\" sizes=\"auto, (max-width: 580px) 100vw, 580px\" \/><figcaption id=\"caption-attachment-88298\" class=\"wp-caption-text\">Lucas Palacios, Subsecretario de Obras P\u00fablicas.<\/figcaption><\/figure>\n","protected":false},"excerpt":{"rendered":"<p>Presentan confusa, lenta e insuficiente soluci\u00f3n: Aconcag\u00fcinos deben permanecer alertas porque medida contemplar\u00eda aumentar cobros con incorporaci\u00f3n de m\u00e1s peajes, esta vez mediante TAG, en el resto de la ruta, sin que&#8230;<\/p>\n","protected":false},"author":1,"featured_media":88299,"comment_status":"closed","ping_status":"open","sticky":false,"template":"","format":"standard","meta":{"advanced_seo_description":"","jetpack_seo_html_title":"","jetpack_seo_noindex":false,"_jetpack_memberships_contains_paid_content":false,"footnotes":""},"categories":[1],"tags":[],"class_list":["post-88297","post","type-post","status-publish","format-standard","has-post-thumbnail","hentry","category-cronica"],"jetpack_featured_media_url":"https:\/\/i0.wp.com\/eltrabajo.cl\/portal\/wp-content\/uploads\/2018\/09\/marcha-peaje.jpg?fit=580%2C399&ssl=1","jetpack_sharing_enabled":true,"jetpack_likes_enabled":true,"jetpack-related-posts":[],"_links":{"self":[{"href":"https:\/\/eltrabajo.cl\/portal\/wp-json\/wp\/v2\/posts\/88297","targetHints":{"allow":["GET"]}}],"collection":[{"href":"https:\/\/eltrabajo.cl\/portal\/wp-json\/wp\/v2\/posts"}],"about":[{"href":"https:\/\/eltrabajo.cl\/portal\/wp-json\/wp\/v2\/types\/post"}],"author":[{"embeddable":true,"href":"https:\/\/eltrabajo.cl\/portal\/wp-json\/wp\/v2\/users\/1"}],"replies":[{"embeddable":true,"href":"https:\/\/eltrabajo.cl\/portal\/wp-json\/wp\/v2\/comments?post=88297"}],"version-history":[{"count":0,"href":"https:\/\/eltrabajo.cl\/portal\/wp-json\/wp\/v2\/posts\/88297\/revisions"}],"wp:featuredmedia":[{"embeddable":true,"href":"https:\/\/eltrabajo.cl\/portal\/wp-json\/wp\/v2\/media\/88299"}],"wp:attachment":[{"href":"https:\/\/eltrabajo.cl\/portal\/wp-json\/wp\/v2\/media?parent=88297"}],"wp:term":[{"taxonomy":"category","embeddable":true,"href":"https:\/\/eltrabajo.cl\/portal\/wp-json\/wp\/v2\/categories?post=88297"},{"taxonomy":"post_tag","embeddable":true,"href":"https:\/\/eltrabajo.cl\/portal\/wp-json\/wp\/v2\/tags?post=88297"}],"curies":[{"name":"wp","href":"https:\/\/api.w.org\/{rel}","templated":true}]}}