{"id":88310,"date":"2018-09-14T05:01:42","date_gmt":"2018-09-14T09:01:42","guid":{"rendered":"http:\/\/www.eltrabajo.cl\/2017\/?p=88310"},"modified":"2018-09-14T05:01:42","modified_gmt":"2018-09-14T09:01:42","slug":"invitan-a-protestar-por-respuesta-de-autoridades-sobre-rebaja-del-peaje","status":"publish","type":"post","link":"https:\/\/eltrabajo.cl\/portal\/invitan-a-protestar-por-respuesta-de-autoridades-sobre-rebaja-del-peaje\/","title":{"rendered":"Invitan a protestar por respuesta de autoridades sobre rebaja del peaje"},"content":{"rendered":"<figure id=\"attachment_88311\" aria-describedby=\"caption-attachment-88311\" style=\"width: 580px\" class=\"wp-caption alignnone\"><img data-recalc-dims=\"1\" loading=\"lazy\" decoding=\"async\" class=\"size-full wp-image-88311\" src=\"https:\/\/i0.wp.com\/www.eltrabajo.cl\/2017\/wp-content\/uploads\/2018\/09\/Vocero-Cristian-Cortez.jpg?resize=580%2C400\" alt=\"Izquierda a derecha Cristian Cortez, vocero, junto al concejal de Catemu Jos\u00e9 Vergara.\" width=\"580\" height=\"400\" srcset=\"https:\/\/i0.wp.com\/eltrabajo.cl\/portal\/wp-content\/uploads\/2018\/09\/Vocero-Cristian-Cortez.jpg?w=580&amp;ssl=1 580w, https:\/\/i0.wp.com\/eltrabajo.cl\/portal\/wp-content\/uploads\/2018\/09\/Vocero-Cristian-Cortez.jpg?resize=200%2C138&amp;ssl=1 200w, https:\/\/i0.wp.com\/eltrabajo.cl\/portal\/wp-content\/uploads\/2018\/09\/Vocero-Cristian-Cortez.jpg?resize=300%2C207&amp;ssl=1 300w, https:\/\/i0.wp.com\/eltrabajo.cl\/portal\/wp-content\/uploads\/2018\/09\/Vocero-Cristian-Cortez.jpg?resize=218%2C150&amp;ssl=1 218w, https:\/\/i0.wp.com\/eltrabajo.cl\/portal\/wp-content\/uploads\/2018\/09\/Vocero-Cristian-Cortez.jpg?resize=400%2C276&amp;ssl=1 400w\" sizes=\"auto, (max-width: 580px) 100vw, 580px\" \/><figcaption id=\"caption-attachment-88311\" class=\"wp-caption-text\">Izquierda a derecha Cristian Cortez, vocero, junto al concejal de Catemu Jos\u00e9 Vergara.<\/figcaption><\/figure>\n<p><span style=\"color: #ff0000;\"><strong>Movimiento ciudadano por Llay Llay:<\/strong><\/span><\/p>\n<p>No gust\u00f3 mucho la respuesta del subsecretario de OO.PP., Lucas Palacios, sobre la rebaja del valor del peaje, porque seg\u00fan el vocero del Movimiento Ciudadano por Llay Llay, Cristian Cortez, la respuesta dada por el subsecretario fue para tranquilizar porque no hay nada seguro sobre la rebaja en el valor del peaje Las Vegas, porque de acuerdo a la ley en enero la concesionaria debiera subir el valor.<br \/>\n\u201cUna respuesta solo para tranquilizar, no tenemos nada seguro, ni el mismo subsecretario estaba consciente que en enero-diciembre nos suben los peajes otra vez; no nos pueden ahora bajar a dos mil cien pesos, nos subieron a dos mil ochocientos en menos de una semana y nos quieren bajar en menos de sesenta d\u00edas a dos mil cien, donde la gente va a seguir perdiendo y en diciembre va a tener que volver a pagar dos mil doscientos, dos mil trescientos pesos de acuerdo al IPC, y el porcentaje de p\u00e9rdida que tenga la concesionaria, entonces no tenemos nada claro en com\u00fan, esperemos que de aqu\u00ed a sesenta d\u00edas se rebaje y que nosotros vamos a seguir con la nueva parada esperando la respuesta del subsecretario\u201d, se\u00f1al\u00f3 Cortez.<br \/>\n<strong>&#8211; \u00bfQu\u00e9 va a pasar en este caso?<\/strong><br \/>\n&#8211; Nosotros el viernes (hoy) vamos a seguir igual con la marcha a las 17:00 horas, una protesta pac\u00edfica en el peaje y ver qu\u00e9 es lo que quiere la gente, yo solamente voy a llevar la voz de que se escuch\u00f3 y se trajo, ellos van a plantear si seguimos o no en esto.<br \/>\nLa reuni\u00f3n se realiz\u00f3 este mi\u00e9rcoles, donde Palacios inform\u00f3 que en sesenta d\u00edas m\u00e1s el valor del peaje vuelve a $ 2.100 que era el valor que ped\u00eda la gente y estaba siendo cobrado por la concesionaria.<br \/>\nEl vocero reiter\u00f3 la invitaci\u00f3n para hoy a las 17:00 horas en el peaje a realizar una protesta pac\u00edfica.<\/p>\n","protected":false},"excerpt":{"rendered":"<p>Movimiento ciudadano por Llay Llay: No gust\u00f3 mucho la respuesta del subsecretario de OO.PP., Lucas Palacios, sobre la rebaja del valor del peaje, porque seg\u00fan el vocero del Movimiento Ciudadano por Llay&#8230;<\/p>\n","protected":false},"author":1,"featured_media":88311,"comment_status":"closed","ping_status":"open","sticky":false,"template":"","format":"standard","meta":{"advanced_seo_description":"","jetpack_seo_html_title":"","jetpack_seo_noindex":false,"_jetpack_memberships_contains_paid_content":false,"footnotes":""},"categories":[15],"tags":[],"class_list":["post-88310","post","type-post","status-publish","format-standard","has-post-thumbnail","hentry","category-comunidad"],"jetpack_featured_media_url":"https:\/\/i0.wp.com\/eltrabajo.cl\/portal\/wp-content\/uploads\/2018\/09\/Vocero-Cristian-Cortez.jpg?fit=580%2C400&ssl=1","jetpack_sharing_enabled":true,"jetpack_likes_enabled":true,"jetpack-related-posts":[],"_links":{"self":[{"href":"https:\/\/eltrabajo.cl\/portal\/wp-json\/wp\/v2\/posts\/88310","targetHints":{"allow":["GET"]}}],"collection":[{"href":"https:\/\/eltrabajo.cl\/portal\/wp-json\/wp\/v2\/posts"}],"about":[{"href":"https:\/\/eltrabajo.cl\/portal\/wp-json\/wp\/v2\/types\/post"}],"author":[{"embeddable":true,"href":"https:\/\/eltrabajo.cl\/portal\/wp-json\/wp\/v2\/users\/1"}],"replies":[{"embeddable":true,"href":"https:\/\/eltrabajo.cl\/portal\/wp-json\/wp\/v2\/comments?post=88310"}],"version-history":[{"count":0,"href":"https:\/\/eltrabajo.cl\/portal\/wp-json\/wp\/v2\/posts\/88310\/revisions"}],"wp:featuredmedia":[{"embeddable":true,"href":"https:\/\/eltrabajo.cl\/portal\/wp-json\/wp\/v2\/media\/88311"}],"wp:attachment":[{"href":"https:\/\/eltrabajo.cl\/portal\/wp-json\/wp\/v2\/media?parent=88310"}],"wp:term":[{"taxonomy":"category","embeddable":true,"href":"https:\/\/eltrabajo.cl\/portal\/wp-json\/wp\/v2\/categories?post=88310"},{"taxonomy":"post_tag","embeddable":true,"href":"https:\/\/eltrabajo.cl\/portal\/wp-json\/wp\/v2\/tags?post=88310"}],"curies":[{"name":"wp","href":"https:\/\/api.w.org\/{rel}","templated":true}]}}