{"id":88313,"date":"2018-09-14T05:02:10","date_gmt":"2018-09-14T09:02:10","guid":{"rendered":"http:\/\/www.eltrabajo.cl\/2017\/?p=88313"},"modified":"2018-09-14T05:02:10","modified_gmt":"2018-09-14T09:02:10","slug":"investigan-por-delito-de-connotacion-sexual-a-obispo-de-aconcagua","status":"publish","type":"post","link":"https:\/\/eltrabajo.cl\/portal\/investigan-por-delito-de-connotacion-sexual-a-obispo-de-aconcagua\/","title":{"rendered":"Denuncia en contra de obispo Contreras es una burla"},"content":{"rendered":"<figure id=\"attachment_88315\" aria-describedby=\"caption-attachment-88315\" style=\"width: 580px\" class=\"wp-caption alignnone\"><img data-recalc-dims=\"1\" loading=\"lazy\" decoding=\"async\" class=\"size-full wp-image-88315\" src=\"https:\/\/i0.wp.com\/www.eltrabajo.cl\/2017\/wp-content\/uploads\/2018\/09\/Obispo_Cristian-Contreras.jpg?resize=580%2C399\" alt=\"Monse\u00f1or Cristian Contreras Molina, obispo de Aconcagua. (Archivo).\" width=\"580\" height=\"399\" srcset=\"https:\/\/i0.wp.com\/eltrabajo.cl\/portal\/wp-content\/uploads\/2018\/09\/Obispo_Cristian-Contreras.jpg?w=580&amp;ssl=1 580w, https:\/\/i0.wp.com\/eltrabajo.cl\/portal\/wp-content\/uploads\/2018\/09\/Obispo_Cristian-Contreras.jpg?resize=200%2C138&amp;ssl=1 200w, https:\/\/i0.wp.com\/eltrabajo.cl\/portal\/wp-content\/uploads\/2018\/09\/Obispo_Cristian-Contreras.jpg?resize=300%2C206&amp;ssl=1 300w, https:\/\/i0.wp.com\/eltrabajo.cl\/portal\/wp-content\/uploads\/2018\/09\/Obispo_Cristian-Contreras.jpg?resize=218%2C150&amp;ssl=1 218w, https:\/\/i0.wp.com\/eltrabajo.cl\/portal\/wp-content\/uploads\/2018\/09\/Obispo_Cristian-Contreras.jpg?resize=400%2C275&amp;ssl=1 400w\" sizes=\"auto, (max-width: 580px) 100vw, 580px\" \/><figcaption id=\"caption-attachment-88315\" class=\"wp-caption-text\">Monse\u00f1or Cristian Contreras Molina, obispo de Aconcagua. (Archivo).<\/figcaption><\/figure>\n<p>&nbsp;<\/p>\n<p>En nuestra edici\u00f3n impresa de hoy viernes 14 de septiembre, en titular principal de portada, informamos sobre la compleja situaci\u00f3n que vive el obispo Cristian Contreras Molina, acusado de un delito de connotaci\u00f3n \u00a0sexual. La informaci\u00f3n se basa en una publicaci\u00f3n del diario La Tercera, lo que da pie a una entrevista realizada al obispo por el periodista Eugenio Cornejo en radio Aconcagua. En la edici\u00f3n del d\u00eda de hoy del diario La Tercera, se da a conocer la versi\u00f3n del denunciante, en la cual no se aprecia ning\u00fan indicio de hecho delictual alguno que merezca ser investigado, raz\u00f3n por la cual decidimos bajar la informaci\u00f3n que public\u00e1ramos en nuestro portal eltrabajo.cl, realizar esta aclaraci\u00f3n y agregar la versi\u00f3n del denunciante para que el p\u00fablico pueda juzgar.<\/p>\n<p>He aqu\u00ed la curiosa denuncia:<\/p>\n<p>&nbsp;<\/p>\n<p><em><span style=\"color: #ff0000;\"><strong>Tocaciones y masajes<\/strong><\/span><\/em><\/p>\n<p><em>L.A.C.C. se\u00f1al\u00f3 que el obispo de San Felipe, Cristi\u00e1n Contreras Molina, hace aproximadamente 10 a\u00f1os lleg\u00f3 hasta su casa, la que es de propiedad de obispado. Seg\u00fan dijo, el sacerdote pas\u00f3 a buscarlo en su auto y se dirigieron a las dependencias del obispado. Indic\u00f3 que Contreras le se\u00f1al\u00f3 que esto deb\u00eda ser un secreto entre ambos.<\/em><\/p>\n<p><em>Denunci\u00f3 que el prelado lo invitaba a estar en el sal\u00f3n del obispado, en donde -seg\u00fan este relato- le tocaba su cuerpo mientras \u00e9l (la presunta v\u00edctima) estaba sentado en un sill\u00f3n. Despu\u00e9s, se\u00f1al\u00f3, lo iba a dejar a su casa. Y agreg\u00f3 que esto se habr\u00eda repetido por cerca de un mes. El denunciante tambi\u00e9n sostuvo que el prelado le regalaba abarrotes a su familia, por lo cual se sent\u00eda en deuda con \u00e9l.<\/em><\/p>\n<p><em>En una ocasi\u00f3n, seg\u00fan manifest\u00f3 L.A.C.C., Contreras lo habr\u00eda llevado a su pieza y le dijo que le hiciera masajes para aminorar su dolor de espalda. El sacerdote, relat\u00f3 el denunciante, se acost\u00f3 en su cama. En ese contexto, asegur\u00f3 la presunta v\u00edctima, empez\u00f3 a hacerle masajes al obispo. De acuerdo a esta versi\u00f3n, fue en ese momento cuando se dio cuenta de lo que quer\u00eda el religioso. Luego de ese momento, L.A.C.C. dijo que el prelado no se le acerc\u00f3 m\u00e1s.<\/em><\/p>\n<p>&nbsp;<\/p>\n<p>A continuaci\u00f3n la publicaci\u00f3n original que ocup\u00f3 nuestro titular de portada el d\u00eda de hoy:<\/p>\n<p>&nbsp;<\/p>\n<p><span style=\"color: #ff0000;\"><strong>Monse\u00f1or Cristian Contreras en tela de juicio:<\/strong><\/span><\/p>\n<p><strong>Investigan por delito de connotaci\u00f3n sexual a Obispo de Aconcagua<\/strong><\/p>\n<p>El Obispo de Aconcagua, Monse\u00f1or Cristian Contreras Molina, en conversaci\u00f3n con Radio Aconcagua dijo sentirse muy triste por la informaci\u00f3n aparecida ayer en el diario La Tercera, donde se se\u00f1ala que est\u00e1 siendo investigado por el Ministerio P\u00fablico debido a una denuncia por el delito de connotaci\u00f3n sexual interpuesta por una persona de iniciales L.A.C.C.<br \/>\n\u201cLa primera informaci\u00f3n que tuve fue ayer (mi\u00e9rcoles) mientras estaba en una reuni\u00f3n en la Fundaci\u00f3n Teresa de Los Andes y llam\u00f3 una periodista al encargado de comunicaciones del Obispado para decirle que quer\u00edan hablar conmigo para saber si yo ten\u00eda informaci\u00f3n de lo que estaba hablando, me pill\u00f3 tan de sorpresa porque no tengo ninguna informaci\u00f3n\u201d, indic\u00f3.<br \/>\nConsultado por una supuesta casa arrendada por el Obispado, en la cual seg\u00fan el denunciante se habr\u00eda cometido el delito de \u00edndole sexual, dijo que no entend\u00eda porque la casa donde vive es de propiedad del Obispado; \u201cno es arrendada, no conozco otra casa del mismo que sea arrendada ni aqu\u00ed ni en Santiago, casa habitaci\u00f3n tiendo a pensar que esa supuesta persona cree que la casa donde yo vivo es arrendada, pero estoy tratando de interpretar la situaci\u00f3n, que yo sepa tenemos una sola casa arrendada que est\u00e1 ah\u00ed en la calle donde est\u00e1 la parroquia Andacollo, creo que he ido una vez a esa casa, est\u00e1 arrendada hace muchos a\u00f1os a unos profesores, esa es la casa que se arrienda aqu\u00ed\u201d, se\u00f1ala monse\u00f1or.<br \/>\nEn ese contexto aclara que a la casa donde \u00e9l vive nunca han entrado menores de edad porque en su domicilio no atiende p\u00fablico; \u201csi hubiese entrado alg\u00fan menor, ser\u00eda con su padre, su madre; precisamente yo me fui del Obispado porque era una casa demasiado grande y adem\u00e1s quer\u00eda vivir en un lugar que me permitiera m\u00e1s tranquilidad, de no estar atendiendo tel\u00e9fono a cada momento\u201d, indic\u00f3.<br \/>\nReconoce estar impactado por la informaci\u00f3n, porque es una persona p\u00fablica que se debe a la gente: \u201cEstoy sujeto al escrutinio p\u00fablico, lo que s\u00ed puedo decir es que estoy disponible para corresponder al ministerio p\u00fablico cuando me lo requiera\u201d, indic\u00f3.<br \/>\nVuelve a reiterar que se enter\u00f3 este mi\u00e9rcoles de la denuncia cuando llamaron al encargado de comunicaciones del Obispado y al momento de leer el art\u00edculo en la prensa (La Tercera).<br \/>\nConsultado por la intencionalidad de esta denuncia, indic\u00f3 que \u201cno puedo interpretar, no ser\u00eda muy aventurado sin saber de qu\u00e9 se trata\u2026 interpretar\u201d, finaliz\u00f3.<br \/>\nLa denuncia fue puesta por una persona de iniciales L.A.C.C. en la fiscal\u00eda local de San Felipe, y desde este lugar fue derivada al fiscal Emiliano Arias de la Sexta Regi\u00f3n.<\/p>\n<p><span style=\"color: #ff0000;\"><strong>LO QUE DICE LA TERCERA<\/strong><\/span><br \/>\n\u201cEl primero, prelado en la Regi\u00f3n de Valpara\u00edso, es Cristi\u00e1n Enrique Contreras Molina. La causa en su contra, caratulada por \u2018delitos contra el orden de las familias, la moralidad p\u00fablica y contra la integridad sexual\u2019, se abri\u00f3 el 28 de junio tras una denuncia presentada por L.A.C.C., y se le asign\u00f3 al fiscal de San Felipe, Alejandro Bustos. Luego, el 6 de septiembre, el caso fue remitido al fiscal regional de Rancagua, Emiliano Arias. Este \u00faltimo, seg\u00fan las directrices de la Fiscal\u00eda Nacional, est\u00e1 facultado para indagar casos contra sacerdotes que no necesariamente sean de su regi\u00f3n.<br \/>\n\u201cEn esta denuncia contra Contreras, L.A.C.C. dijo que el obispo hace aproximadamente 10 a\u00f1os se present\u00f3 en su casa, propiedad que arrienda al obispado. El prelado -seg\u00fan la denuncia- lo habr\u00eda llevado hasta su residencia, lugar en que habr\u00edan ocurrido los hechos, que seg\u00fan su interpretaci\u00f3n corresponder\u00edan a actos de connotaci\u00f3n sexual. Asegur\u00f3 que esto se repiti\u00f3 por un mes y que en esa oportunidad no sopes\u00f3 lo ocurrido. Se\u00f1al\u00f3 que luego de estos episodios no tuvo m\u00e1s contacto con el sacerdote.<br \/>\n\u201cDesde la di\u00f3cesis de San Felipe aseguraron que el prelado \u2018manifiesta que no ha recibido ninguna noticia sobre una supuesta denuncia en su contra\u2019. Contreras Molina tiene denuncias previas. En 2013, el Vaticano envi\u00f3 a dos sacerdotes de la Congregaci\u00f3n de la Doctrina de la Fe a Chile a investigar los presuntos abusos sexuales contra menores cometidos por el entonces jefe de la Iglesia de Aconcagua. Esta indagatoria termin\u00f3 sin sanciones para el sacerdote\u201d.<\/p>\n<figure id=\"attachment_88314\" aria-describedby=\"caption-attachment-88314\" style=\"width: 580px\" class=\"wp-caption alignnone\"><img data-recalc-dims=\"1\" loading=\"lazy\" decoding=\"async\" class=\"size-full wp-image-88314\" src=\"https:\/\/i0.wp.com\/www.eltrabajo.cl\/2017\/wp-content\/uploads\/2018\/09\/obispo-la-tercera.jpg?resize=580%2C399\" alt=\"La publicaci\u00f3n de La Tercera pone en tela de juicio al obispo Cristian Contreras.\" width=\"580\" height=\"399\" srcset=\"https:\/\/i0.wp.com\/eltrabajo.cl\/portal\/wp-content\/uploads\/2018\/09\/obispo-la-tercera.jpg?w=580&amp;ssl=1 580w, https:\/\/i0.wp.com\/eltrabajo.cl\/portal\/wp-content\/uploads\/2018\/09\/obispo-la-tercera.jpg?resize=200%2C138&amp;ssl=1 200w, https:\/\/i0.wp.com\/eltrabajo.cl\/portal\/wp-content\/uploads\/2018\/09\/obispo-la-tercera.jpg?resize=300%2C206&amp;ssl=1 300w, https:\/\/i0.wp.com\/eltrabajo.cl\/portal\/wp-content\/uploads\/2018\/09\/obispo-la-tercera.jpg?resize=218%2C150&amp;ssl=1 218w, https:\/\/i0.wp.com\/eltrabajo.cl\/portal\/wp-content\/uploads\/2018\/09\/obispo-la-tercera.jpg?resize=400%2C275&amp;ssl=1 400w\" sizes=\"auto, (max-width: 580px) 100vw, 580px\" \/><figcaption id=\"caption-attachment-88314\" class=\"wp-caption-text\">La publicaci\u00f3n de La Tercera pone en tela de juicio al obispo Cristian Contreras.<\/figcaption><\/figure>\n","protected":false},"excerpt":{"rendered":"<p>&nbsp; En nuestra edici\u00f3n impresa de hoy viernes 14 de septiembre, en titular principal de portada, informamos sobre la compleja situaci\u00f3n que vive el obispo Cristian Contreras Molina, acusado de un delito&#8230;<\/p>\n","protected":false},"author":1,"featured_media":88315,"comment_status":"closed","ping_status":"open","sticky":false,"template":"","format":"standard","meta":{"advanced_seo_description":"","jetpack_seo_html_title":"","jetpack_seo_noindex":false,"_jetpack_memberships_contains_paid_content":false,"footnotes":""},"categories":[1],"tags":[],"class_list":["post-88313","post","type-post","status-publish","format-standard","has-post-thumbnail","hentry","category-cronica"],"jetpack_featured_media_url":"https:\/\/i0.wp.com\/eltrabajo.cl\/portal\/wp-content\/uploads\/2018\/09\/Obispo_Cristian-Contreras.jpg?fit=580%2C399&ssl=1","jetpack_sharing_enabled":true,"jetpack_likes_enabled":true,"jetpack-related-posts":[],"_links":{"self":[{"href":"https:\/\/eltrabajo.cl\/portal\/wp-json\/wp\/v2\/posts\/88313","targetHints":{"allow":["GET"]}}],"collection":[{"href":"https:\/\/eltrabajo.cl\/portal\/wp-json\/wp\/v2\/posts"}],"about":[{"href":"https:\/\/eltrabajo.cl\/portal\/wp-json\/wp\/v2\/types\/post"}],"author":[{"embeddable":true,"href":"https:\/\/eltrabajo.cl\/portal\/wp-json\/wp\/v2\/users\/1"}],"replies":[{"embeddable":true,"href":"https:\/\/eltrabajo.cl\/portal\/wp-json\/wp\/v2\/comments?post=88313"}],"version-history":[{"count":0,"href":"https:\/\/eltrabajo.cl\/portal\/wp-json\/wp\/v2\/posts\/88313\/revisions"}],"wp:featuredmedia":[{"embeddable":true,"href":"https:\/\/eltrabajo.cl\/portal\/wp-json\/wp\/v2\/media\/88315"}],"wp:attachment":[{"href":"https:\/\/eltrabajo.cl\/portal\/wp-json\/wp\/v2\/media?parent=88313"}],"wp:term":[{"taxonomy":"category","embeddable":true,"href":"https:\/\/eltrabajo.cl\/portal\/wp-json\/wp\/v2\/categories?post=88313"},{"taxonomy":"post_tag","embeddable":true,"href":"https:\/\/eltrabajo.cl\/portal\/wp-json\/wp\/v2\/tags?post=88313"}],"curies":[{"name":"wp","href":"https:\/\/api.w.org\/{rel}","templated":true}]}}