{"id":88320,"date":"2018-09-21T05:00:18","date_gmt":"2018-09-21T09:00:18","guid":{"rendered":"http:\/\/www.eltrabajo.cl\/2017\/?p=88320"},"modified":"2018-09-21T05:00:18","modified_gmt":"2018-09-21T09:00:18","slug":"heroica-protesta-de-vecinos-de-llay-llay-contra-alza-del-peaje-las-vegas","status":"publish","type":"post","link":"https:\/\/eltrabajo.cl\/portal\/heroica-protesta-de-vecinos-de-llay-llay-contra-alza-del-peaje-las-vegas\/","title":{"rendered":"Heroica protesta de vecinos de Llay Llay contra alza del peaje Las Vegas"},"content":{"rendered":"<figure id=\"attachment_88323\" aria-describedby=\"caption-attachment-88323\" style=\"width: 580px\" class=\"wp-caption alignnone\"><img data-recalc-dims=\"1\" loading=\"lazy\" decoding=\"async\" class=\"size-full wp-image-88323\" src=\"https:\/\/i0.wp.com\/www.eltrabajo.cl\/2017\/wp-content\/uploads\/2018\/09\/Peaje-4.jpg?resize=580%2C400\" alt=\"La gente colgando lienzos con leyendas alusivas a la manifestaci\u00f3n. (Cedida)\" width=\"580\" height=\"400\" srcset=\"https:\/\/i0.wp.com\/eltrabajo.cl\/portal\/wp-content\/uploads\/2018\/09\/Peaje-4.jpg?w=580&amp;ssl=1 580w, https:\/\/i0.wp.com\/eltrabajo.cl\/portal\/wp-content\/uploads\/2018\/09\/Peaje-4.jpg?resize=200%2C138&amp;ssl=1 200w, https:\/\/i0.wp.com\/eltrabajo.cl\/portal\/wp-content\/uploads\/2018\/09\/Peaje-4.jpg?resize=300%2C207&amp;ssl=1 300w, https:\/\/i0.wp.com\/eltrabajo.cl\/portal\/wp-content\/uploads\/2018\/09\/Peaje-4.jpg?resize=218%2C150&amp;ssl=1 218w, https:\/\/i0.wp.com\/eltrabajo.cl\/portal\/wp-content\/uploads\/2018\/09\/Peaje-4.jpg?resize=400%2C276&amp;ssl=1 400w\" sizes=\"auto, (max-width: 580px) 100vw, 580px\" \/><figcaption id=\"caption-attachment-88323\" class=\"wp-caption-text\">La gente colgando lienzos con leyendas alusivas a la manifestaci\u00f3n. (Cedida)<\/figcaption><\/figure>\n<p><span style=\"color: #ff0000;\"><strong>Trece personas fueron detenidas por Carabineros:<\/strong><\/span><\/p>\n<ul>\n<li><strong>Critican a Gobernador por enviar a Fuerzas Especiales a disolver manifestaci\u00f3n, como asimismo a alcaldes de la zona que aplaudieron la soluci\u00f3n anunciada por OO.PP.<\/strong><\/li>\n<\/ul>\n<p>El viernes reci\u00e9n pasado, a las 17:00 horas y tal como estaba planificado, se llev\u00f3 a cabo la protesta contra el alza del peaje Las Vegas. En la manifestaci\u00f3n, seg\u00fan sus organizadores, participaron alrededor de ciento cincuenta personas, quienes cada cinco minutos cortaban el tr\u00e1nsito.<br \/>\nLa manifestaci\u00f3n fue convocada por el \u2018Movimiento Ciudadanos por Llay Llay\u2019 y \u2018No M\u00e1s Abuso de Tag y Peaje\u2019, donde su vocero Cristian Cortez, dijo que la marcha se hizo pac\u00edficamente: \u201cLamentablemente el gobernador hab\u00eda enviado a Fuerzas Especiales para detener lo que \u00edbamos a hacer, partimos pac\u00edficamente cortando la carretera cada cinco minutos, cort\u00e1bamos y nos sal\u00edamos, hasta que lleg\u00f3 personal de Fuerzas Especiales tratando de sacarnos lo antes posible con fuerza desmedida, hubo medios nacionales donde se puede ver c\u00f3mo llegaron atacando a la gente y llev\u00e1ndosela de inmediato, por \u00faltimo debieron haberle pedido que salieran, sino que usaron la fuerza\u201d, se\u00f1al\u00f3.<br \/>\n<strong>&#8211; \u00bfCu\u00e1ntas personas fueron detenidas, entre ellas t\u00fa?<\/strong><br \/>\n&#8211; Claro, fuimos trece personas detenidas; doce hombres y una mujer, doce pasamos a San Felipe y la mujer la dejaron ac\u00e1 en la comisar\u00eda de Llay Llay.<br \/>\n<strong>&#8211; \u00bfPasaron al tribunal?<\/strong><br \/>\n&#8211; Ese d\u00eda esperamos, lleg\u00f3 una abogada que nos fue a acompa\u00f1ar, que nos ayud\u00f3, nos dijeron que \u00edbamos a pasar a control despu\u00e9s, supuestamente como no hab\u00eda fiscal fin de semana largo, nos hicieron esperar y nos soltaron como a las diez y media de la noche esperando una citaci\u00f3n de fiscal\u00eda.<br \/>\n<strong>&#8211; \u00bfC\u00f3mo califican ustedes la protesta del d\u00eda viernes?<\/strong><br \/>\n&#8211; Exitosa por la gente que fue, fue solamente de Llay Llay, Catemu gente tambi\u00e9n de Santiago que nos vino a apoyar, de \u2018No m\u00e1s abuso de Tag y Peaje\u2019, de Hijuelas, no fue muy buena en general la convocatoria, ojala la gente hubiese asistido en masa, pero bien, somos los que estamos luchando, somos los que estamos disconformes y como sucede en todos lados, la gente no sale hasta subirse al carro de la victoria.<br \/>\n<strong>&#8211; O hasta cuando les afecta derechamente el bolsillo.<\/strong><br \/>\n&#8211; A todos nos afecta el bolsillo, lamentablemente la gente todav\u00eda tiene miedo de salir, no siente que todos tenemos derecho de salir a luchar cuando nos afecta al bolsillo\u2026 personalmente, y cuando nos pasan a llevar. Lo m\u00e1s lamentable es que los alcaldes de la regi\u00f3n no pudieron hacer nada m\u00e1s, si lo \u00fanico que hicieron fue aplaudir la medida que trajo el subsecretario que nos bajaran en sesenta d\u00edas, fue ah\u00ed donde la comunidad estuvo disconforme, lamentablemente estas protestas son gracias a la comunidad de Llay Llay, la provincia de Aconcagua, alrededores, ellos fueron los que levantaron la voz y se sumaron las autoridades, las autoridades despu\u00e9s tomaron la decisi\u00f3n por ellos de decir: \u2018s\u00ed, est\u00e1 bien la respuesta\u2019, sin consultarle a nadie.<br \/>\n<strong>&#8211; \u00bfHubo alguna autoridad ese d\u00eda protestando? <\/strong><br \/>\n&#8211; No\u2026 ninguna autoridad ese d\u00eda, nadie, ni concejales ni el alcalde de Llay Llay, porque ellos estaban contentos con la medida, por eso nosotros como ciudadanos estamos disconformes con el trabajo que ellos han tenido en este tipo de cosas. Supuestamente se hab\u00eda hablado esto antes, ya esta repuesta ven\u00eda entre cuatro paredes. Lamentablemente las autoridades en conjunto estaban unidas porque ellas estaban peleando la regionalizaci\u00f3n de Aconcagua, entonces se tir\u00f3 para abajo en s\u00ed las protestas que se hicieron con respecto al alza, muy contentos\u2026 claro en sesenta d\u00edas, pero la gente sigue transitando a Vi\u00f1a, Valpara\u00edso, la gente que est\u00e1 obligada a ir al m\u00e9dico\u2026 la comunidad no estaba conforme, me contaron que a eso de las seis y media de la tarde lleg\u00f3 el Gobernador al peaje, por lo que me dicen ya que yo estaba detenido, diciendo que nosotros no \u00e9ramos un ente v\u00e1lido de la comunidad de Llay Llay y de la provincia de Aconcagua, no s\u00e9 por qu\u00e9 dijo eso si \u00e9ramos personas naturales dentro de la comunidad protestando.<br \/>\n<strong>&#8211; \u00bfUstedes van a seguir movilizados mientras no se baje el valor del peaje en Las Vegas?<\/strong><br \/>\n&#8211; S\u00ed, nosotros vamos a seguir movilizados, este movimiento no va a parar y no va a ser solamente por el peaje, nosotros estamos cansados de este abuso que tiene el Estado con respecto a los ciudadanos comunes, ya que las concesionarias tienen que terminar sus contratos ahora y ya sabemos que van a defender los contratos de concesi\u00f3n. En sesenta d\u00edas m\u00e1s se baja el peaje, pero nos van a colocar p\u00f3rticos, somos los que m\u00e1s vamos a sufrir, bajaron un peaje para colocar m\u00e1s p\u00f3rticos y al final la gente va a estar pagando lo mismo o m\u00e1s para movilizarse dentro de la regi\u00f3n.<br \/>\nEntre los manifestantes, dijo el vocero, hab\u00edan hartas mujeres, profesores y gente que ocupa a diario el peaje.<\/p>\n<figure id=\"attachment_88321\" aria-describedby=\"caption-attachment-88321\" style=\"width: 580px\" class=\"wp-caption alignnone\"><img data-recalc-dims=\"1\" loading=\"lazy\" decoding=\"async\" class=\"size-full wp-image-88321\" src=\"https:\/\/i0.wp.com\/www.eltrabajo.cl\/2017\/wp-content\/uploads\/2018\/09\/Peaje-2.jpg?resize=580%2C400\" alt=\"Las personas manifestando durante la tarde del viernes. (Cedida)\" width=\"580\" height=\"400\" srcset=\"https:\/\/i0.wp.com\/eltrabajo.cl\/portal\/wp-content\/uploads\/2018\/09\/Peaje-2.jpg?w=580&amp;ssl=1 580w, https:\/\/i0.wp.com\/eltrabajo.cl\/portal\/wp-content\/uploads\/2018\/09\/Peaje-2.jpg?resize=200%2C138&amp;ssl=1 200w, https:\/\/i0.wp.com\/eltrabajo.cl\/portal\/wp-content\/uploads\/2018\/09\/Peaje-2.jpg?resize=300%2C207&amp;ssl=1 300w, https:\/\/i0.wp.com\/eltrabajo.cl\/portal\/wp-content\/uploads\/2018\/09\/Peaje-2.jpg?resize=218%2C150&amp;ssl=1 218w, https:\/\/i0.wp.com\/eltrabajo.cl\/portal\/wp-content\/uploads\/2018\/09\/Peaje-2.jpg?resize=400%2C276&amp;ssl=1 400w\" sizes=\"auto, (max-width: 580px) 100vw, 580px\" \/><figcaption id=\"caption-attachment-88321\" class=\"wp-caption-text\">Las personas manifestando durante la tarde del viernes. (Cedida)<\/figcaption><\/figure>\n<figure id=\"attachment_88322\" aria-describedby=\"caption-attachment-88322\" style=\"width: 580px\" class=\"wp-caption alignnone\"><img data-recalc-dims=\"1\" loading=\"lazy\" decoding=\"async\" class=\"size-full wp-image-88322\" src=\"https:\/\/i0.wp.com\/www.eltrabajo.cl\/2017\/wp-content\/uploads\/2018\/09\/Peaje-3.jpg?resize=580%2C400\" alt=\"La prensa nacional registr\u00f3 el enfrentamiento con Carabineros. (Cedida)\" width=\"580\" height=\"400\" srcset=\"https:\/\/i0.wp.com\/eltrabajo.cl\/portal\/wp-content\/uploads\/2018\/09\/Peaje-3.jpg?w=580&amp;ssl=1 580w, https:\/\/i0.wp.com\/eltrabajo.cl\/portal\/wp-content\/uploads\/2018\/09\/Peaje-3.jpg?resize=200%2C138&amp;ssl=1 200w, https:\/\/i0.wp.com\/eltrabajo.cl\/portal\/wp-content\/uploads\/2018\/09\/Peaje-3.jpg?resize=300%2C207&amp;ssl=1 300w, https:\/\/i0.wp.com\/eltrabajo.cl\/portal\/wp-content\/uploads\/2018\/09\/Peaje-3.jpg?resize=218%2C150&amp;ssl=1 218w, https:\/\/i0.wp.com\/eltrabajo.cl\/portal\/wp-content\/uploads\/2018\/09\/Peaje-3.jpg?resize=400%2C276&amp;ssl=1 400w\" sizes=\"auto, (max-width: 580px) 100vw, 580px\" \/><figcaption id=\"caption-attachment-88322\" class=\"wp-caption-text\">La prensa nacional registr\u00f3 el enfrentamiento con Carabineros. (Cedida)<\/figcaption><\/figure>\n<figure id=\"attachment_88324\" aria-describedby=\"caption-attachment-88324\" style=\"width: 580px\" class=\"wp-caption alignnone\"><img data-recalc-dims=\"1\" loading=\"lazy\" decoding=\"async\" class=\"size-full wp-image-88324\" src=\"https:\/\/i0.wp.com\/www.eltrabajo.cl\/2017\/wp-content\/uploads\/2018\/09\/Peaje-5.jpg?resize=580%2C400\" alt=\"Los manifestantes frente a frente con Carabineros. (Cedida)\" width=\"580\" height=\"400\" srcset=\"https:\/\/i0.wp.com\/eltrabajo.cl\/portal\/wp-content\/uploads\/2018\/09\/Peaje-5.jpg?w=580&amp;ssl=1 580w, https:\/\/i0.wp.com\/eltrabajo.cl\/portal\/wp-content\/uploads\/2018\/09\/Peaje-5.jpg?resize=200%2C138&amp;ssl=1 200w, https:\/\/i0.wp.com\/eltrabajo.cl\/portal\/wp-content\/uploads\/2018\/09\/Peaje-5.jpg?resize=300%2C207&amp;ssl=1 300w, https:\/\/i0.wp.com\/eltrabajo.cl\/portal\/wp-content\/uploads\/2018\/09\/Peaje-5.jpg?resize=218%2C150&amp;ssl=1 218w, https:\/\/i0.wp.com\/eltrabajo.cl\/portal\/wp-content\/uploads\/2018\/09\/Peaje-5.jpg?resize=400%2C276&amp;ssl=1 400w\" sizes=\"auto, (max-width: 580px) 100vw, 580px\" \/><figcaption id=\"caption-attachment-88324\" class=\"wp-caption-text\">Los manifestantes frente a frente con Carabineros. (Cedida)<\/figcaption><\/figure>\n<figure id=\"attachment_88325\" aria-describedby=\"caption-attachment-88325\" style=\"width: 578px\" class=\"wp-caption alignnone\"><img data-recalc-dims=\"1\" loading=\"lazy\" decoding=\"async\" class=\"size-full wp-image-88325\" src=\"https:\/\/i0.wp.com\/www.eltrabajo.cl\/2017\/wp-content\/uploads\/2018\/09\/Peaje.jpg?resize=578%2C314\" alt=\"Ac\u00e1 est\u00e1n los que se han denominado los guerreros integrantes del Movimiento Social en Defensa de Llay Llay y de No + Abuso de Tag y Peajes. (Cedida)\" width=\"578\" height=\"314\" srcset=\"https:\/\/i0.wp.com\/eltrabajo.cl\/portal\/wp-content\/uploads\/2018\/09\/Peaje.jpg?w=578&amp;ssl=1 578w, https:\/\/i0.wp.com\/eltrabajo.cl\/portal\/wp-content\/uploads\/2018\/09\/Peaje.jpg?resize=200%2C109&amp;ssl=1 200w, https:\/\/i0.wp.com\/eltrabajo.cl\/portal\/wp-content\/uploads\/2018\/09\/Peaje.jpg?resize=300%2C163&amp;ssl=1 300w, https:\/\/i0.wp.com\/eltrabajo.cl\/portal\/wp-content\/uploads\/2018\/09\/Peaje.jpg?resize=276%2C150&amp;ssl=1 276w, https:\/\/i0.wp.com\/eltrabajo.cl\/portal\/wp-content\/uploads\/2018\/09\/Peaje.jpg?resize=400%2C217&amp;ssl=1 400w\" sizes=\"auto, (max-width: 578px) 100vw, 578px\" \/><figcaption id=\"caption-attachment-88325\" class=\"wp-caption-text\">Ac\u00e1 est\u00e1n los que se han denominado los guerreros integrantes del Movimiento Social en Defensa de Llay Llay y de No + Abuso de Tag y Peajes. (Cedida)<\/figcaption><\/figure>\n","protected":false},"excerpt":{"rendered":"<p>Trece personas fueron detenidas por Carabineros: Critican a Gobernador por enviar a Fuerzas Especiales a disolver manifestaci\u00f3n, como asimismo a alcaldes de la zona que aplaudieron la soluci\u00f3n anunciada por OO.PP. El&#8230;<\/p>\n","protected":false},"author":1,"featured_media":88322,"comment_status":"closed","ping_status":"open","sticky":false,"template":"","format":"standard","meta":{"advanced_seo_description":"","jetpack_seo_html_title":"","jetpack_seo_noindex":false,"_jetpack_memberships_contains_paid_content":false,"footnotes":""},"categories":[1],"tags":[],"class_list":["post-88320","post","type-post","status-publish","format-standard","has-post-thumbnail","hentry","category-cronica"],"jetpack_featured_media_url":"https:\/\/i0.wp.com\/eltrabajo.cl\/portal\/wp-content\/uploads\/2018\/09\/Peaje-3.jpg?fit=580%2C400&ssl=1","jetpack_sharing_enabled":true,"jetpack_likes_enabled":true,"jetpack-related-posts":[],"_links":{"self":[{"href":"https:\/\/eltrabajo.cl\/portal\/wp-json\/wp\/v2\/posts\/88320","targetHints":{"allow":["GET"]}}],"collection":[{"href":"https:\/\/eltrabajo.cl\/portal\/wp-json\/wp\/v2\/posts"}],"about":[{"href":"https:\/\/eltrabajo.cl\/portal\/wp-json\/wp\/v2\/types\/post"}],"author":[{"embeddable":true,"href":"https:\/\/eltrabajo.cl\/portal\/wp-json\/wp\/v2\/users\/1"}],"replies":[{"embeddable":true,"href":"https:\/\/eltrabajo.cl\/portal\/wp-json\/wp\/v2\/comments?post=88320"}],"version-history":[{"count":0,"href":"https:\/\/eltrabajo.cl\/portal\/wp-json\/wp\/v2\/posts\/88320\/revisions"}],"wp:featuredmedia":[{"embeddable":true,"href":"https:\/\/eltrabajo.cl\/portal\/wp-json\/wp\/v2\/media\/88322"}],"wp:attachment":[{"href":"https:\/\/eltrabajo.cl\/portal\/wp-json\/wp\/v2\/media?parent=88320"}],"wp:term":[{"taxonomy":"category","embeddable":true,"href":"https:\/\/eltrabajo.cl\/portal\/wp-json\/wp\/v2\/categories?post=88320"},{"taxonomy":"post_tag","embeddable":true,"href":"https:\/\/eltrabajo.cl\/portal\/wp-json\/wp\/v2\/tags?post=88320"}],"curies":[{"name":"wp","href":"https:\/\/api.w.org\/{rel}","templated":true}]}}