{"id":88327,"date":"2018-09-21T05:01:31","date_gmt":"2018-09-21T09:01:31","guid":{"rendered":"http:\/\/www.eltrabajo.cl\/2017\/?p=88327"},"modified":"2018-09-21T05:01:31","modified_gmt":"2018-09-21T09:01:31","slug":"intensas-lluvias-obligaron-a-reprogramar-fiestas-patrias-en-rinconada-de-los-andes","status":"publish","type":"post","link":"https:\/\/eltrabajo.cl\/portal\/intensas-lluvias-obligaron-a-reprogramar-fiestas-patrias-en-rinconada-de-los-andes\/","title":{"rendered":"Intensas lluvias obligaron a reprogramar Fiestas Patrias en Rinconada de Los Andes"},"content":{"rendered":"<figure id=\"attachment_88328\" aria-describedby=\"caption-attachment-88328\" style=\"width: 580px\" class=\"wp-caption alignnone\"><img data-recalc-dims=\"1\" loading=\"lazy\" decoding=\"async\" class=\"size-full wp-image-88328\" src=\"https:\/\/i0.wp.com\/www.eltrabajo.cl\/2017\/wp-content\/uploads\/2018\/09\/rinconada-posterga-3.jpg?resize=580%2C400\" alt=\"El alcalde Pedro Caballer\u00eda se constituy\u00f3 en el lugar, comprobando la imposibilidad de seguir adelante con los festejos.\" width=\"580\" height=\"400\" srcset=\"https:\/\/i0.wp.com\/eltrabajo.cl\/portal\/wp-content\/uploads\/2018\/09\/rinconada-posterga-3.jpg?w=580&amp;ssl=1 580w, https:\/\/i0.wp.com\/eltrabajo.cl\/portal\/wp-content\/uploads\/2018\/09\/rinconada-posterga-3.jpg?resize=200%2C138&amp;ssl=1 200w, https:\/\/i0.wp.com\/eltrabajo.cl\/portal\/wp-content\/uploads\/2018\/09\/rinconada-posterga-3.jpg?resize=300%2C207&amp;ssl=1 300w, https:\/\/i0.wp.com\/eltrabajo.cl\/portal\/wp-content\/uploads\/2018\/09\/rinconada-posterga-3.jpg?resize=218%2C150&amp;ssl=1 218w, https:\/\/i0.wp.com\/eltrabajo.cl\/portal\/wp-content\/uploads\/2018\/09\/rinconada-posterga-3.jpg?resize=400%2C276&amp;ssl=1 400w\" sizes=\"auto, (max-width: 580px) 100vw, 580px\" \/><figcaption id=\"caption-attachment-88328\" class=\"wp-caption-text\">El alcalde Pedro Caballer\u00eda se constituy\u00f3 en el lugar, comprobando la imposibilidad de seguir adelante con los festejos.<\/figcaption><\/figure>\n<p><span style=\"color: #ff0000;\"><strong>RINCONADA<\/strong>.-<\/span> Bastaron s\u00f3lo cuatro horas de intensas lluvias para suspender las actividades dieciocheras que se ten\u00edan programadas para este 18 y 19 de septiembre en Rinconada de Los Andes. Sin embargo el Municipio confirm\u00f3 que se retomar\u00e1n los festejos a contar de hoy viernes 21 con fondas, ramadas y el show del Grupo Alegr\u00eda, principal carta musical en la comuna andina para estas fechas.<br \/>\nFueron alrededor de 10 mil\u00edmetros los que cayeron durante la madrugada de este 18 de septiembre en Rinconada, los que ocasionaron la suspensi\u00f3n de funcionamiento de fondas y ramadas debido al barro y anegamiento de los locales ubicados en el sector de la piscina municipal. Sin embargo, y gracias a la confirmaci\u00f3n por parte de la Gobernaci\u00f3n de Los Andes, las actividades dieciocheras se trasladaron para este fin de semana, de acuerdo a lo que inform\u00f3 el alcalde Pedro Caballer\u00eda.<br \/>\nEn virtud de las condiciones clim\u00e1ticas sufridas el martes 18 de septiembre, \u201ccomo Municipio estamos realizando las gestiones para retomar las actividades dieciocheras a contar de este d\u00eda viernes, en el mismo lugar, en la misma explanada donde se han realizado los d\u00edas anteriores las actividades\u201d, confirm\u00f3 la m\u00e1xima autoridad comunal.<br \/>\nEntre las actividades reprogramadas se encuentra el concierto del Grupo Alegr\u00eda, quienes se presentar\u00e1n este s\u00e1bado a contar de las 20 horas en el mismo sector que result\u00f3 afectado por las lluvias, el que fue intervenido durante estos d\u00edas para evitar cualquier inconveniente en lo que ya se comienza a denominar \u201c18 chico\u201d en Rinconada.<br \/>\nEl alcalde Caballer\u00eda adem\u00e1s confirm\u00f3 para el domingo 23 de septiembre la realizaci\u00f3n del D\u00eda de la Familia, en la explanada de la piscina municipal, y las premiaciones correspondientes al tradicional Campeonato de Fiestas Patrias de Rinconada, el que se llevar\u00e1 a cabo en las canchas del Club Deportivo Cat\u00f3lica de la comuna, actividad que congrega a gran cantidad de personas.<br \/>\n\u201cAdem\u00e1s, las finales del Campeonato de F\u00fatbol, en sus series adultas, se realizar\u00e1n tambi\u00e9n este domingo a contar de las 10:00 horas en el Estadio del Club Deportivo Cat\u00f3lica. Estamos realizando las coordinaciones con la Gobernaci\u00f3n de Los Andes y Carabineros para prorrogar los permisos que ten\u00edamos hasta el d\u00eda 19 de septiembre\u201d, concluy\u00f3 el edil rinconadino.<br \/>\nA contar de hoy viernes y desde las 16 horas, el recinto de la piscina municipal de Rinconada abrir\u00e1 sus puertas con el objetivo de que fonderos y locatarios tengan a su disposici\u00f3n un d\u00eda m\u00e1s de ventas, para as\u00ed aminorar los efectos del frente de mal tiempo que golpe\u00f3 en pleno las celebraciones en el Valle de Aconcagua.<\/p>\n<figure id=\"attachment_88329\" aria-describedby=\"caption-attachment-88329\" style=\"width: 580px\" class=\"wp-caption alignnone\"><img data-recalc-dims=\"1\" loading=\"lazy\" decoding=\"async\" class=\"size-full wp-image-88329\" src=\"https:\/\/i0.wp.com\/www.eltrabajo.cl\/2017\/wp-content\/uploads\/2018\/09\/rinconada-posterga-2.jpg?resize=580%2C399\" alt=\"Un gran barrial se form\u00f3 con los 10 mil\u00edmetros de lluvia que hab\u00edan ca\u00eddo hasta el martes 18 de septiembre, lo que oblig\u00f3 a postergar las celebraciones hasta este fin de semana.\" width=\"580\" height=\"399\" srcset=\"https:\/\/i0.wp.com\/eltrabajo.cl\/portal\/wp-content\/uploads\/2018\/09\/rinconada-posterga-2.jpg?w=580&amp;ssl=1 580w, https:\/\/i0.wp.com\/eltrabajo.cl\/portal\/wp-content\/uploads\/2018\/09\/rinconada-posterga-2.jpg?resize=200%2C138&amp;ssl=1 200w, https:\/\/i0.wp.com\/eltrabajo.cl\/portal\/wp-content\/uploads\/2018\/09\/rinconada-posterga-2.jpg?resize=300%2C206&amp;ssl=1 300w, https:\/\/i0.wp.com\/eltrabajo.cl\/portal\/wp-content\/uploads\/2018\/09\/rinconada-posterga-2.jpg?resize=218%2C150&amp;ssl=1 218w, https:\/\/i0.wp.com\/eltrabajo.cl\/portal\/wp-content\/uploads\/2018\/09\/rinconada-posterga-2.jpg?resize=400%2C275&amp;ssl=1 400w\" sizes=\"auto, (max-width: 580px) 100vw, 580px\" \/><figcaption id=\"caption-attachment-88329\" class=\"wp-caption-text\">Un gran barrial se form\u00f3 con los 10 mil\u00edmetros de lluvia que hab\u00edan ca\u00eddo hasta el martes 18 de septiembre, lo que oblig\u00f3 a postergar las celebraciones hasta este fin de semana.<\/figcaption><\/figure>\n","protected":false},"excerpt":{"rendered":"<p>RINCONADA.- Bastaron s\u00f3lo cuatro horas de intensas lluvias para suspender las actividades dieciocheras que se ten\u00edan programadas para este 18 y 19 de septiembre en Rinconada de Los Andes. Sin embargo el&#8230;<\/p>\n","protected":false},"author":1,"featured_media":88329,"comment_status":"closed","ping_status":"open","sticky":false,"template":"","format":"standard","meta":{"advanced_seo_description":"","jetpack_seo_html_title":"","jetpack_seo_noindex":false,"_jetpack_memberships_contains_paid_content":false,"footnotes":""},"categories":[1],"tags":[],"class_list":["post-88327","post","type-post","status-publish","format-standard","has-post-thumbnail","hentry","category-cronica"],"jetpack_featured_media_url":"https:\/\/i0.wp.com\/eltrabajo.cl\/portal\/wp-content\/uploads\/2018\/09\/rinconada-posterga-2.jpg?fit=580%2C399&ssl=1","jetpack_sharing_enabled":true,"jetpack_likes_enabled":true,"jetpack-related-posts":[],"_links":{"self":[{"href":"https:\/\/eltrabajo.cl\/portal\/wp-json\/wp\/v2\/posts\/88327","targetHints":{"allow":["GET"]}}],"collection":[{"href":"https:\/\/eltrabajo.cl\/portal\/wp-json\/wp\/v2\/posts"}],"about":[{"href":"https:\/\/eltrabajo.cl\/portal\/wp-json\/wp\/v2\/types\/post"}],"author":[{"embeddable":true,"href":"https:\/\/eltrabajo.cl\/portal\/wp-json\/wp\/v2\/users\/1"}],"replies":[{"embeddable":true,"href":"https:\/\/eltrabajo.cl\/portal\/wp-json\/wp\/v2\/comments?post=88327"}],"version-history":[{"count":0,"href":"https:\/\/eltrabajo.cl\/portal\/wp-json\/wp\/v2\/posts\/88327\/revisions"}],"wp:featuredmedia":[{"embeddable":true,"href":"https:\/\/eltrabajo.cl\/portal\/wp-json\/wp\/v2\/media\/88329"}],"wp:attachment":[{"href":"https:\/\/eltrabajo.cl\/portal\/wp-json\/wp\/v2\/media?parent=88327"}],"wp:term":[{"taxonomy":"category","embeddable":true,"href":"https:\/\/eltrabajo.cl\/portal\/wp-json\/wp\/v2\/categories?post=88327"},{"taxonomy":"post_tag","embeddable":true,"href":"https:\/\/eltrabajo.cl\/portal\/wp-json\/wp\/v2\/tags?post=88327"}],"curies":[{"name":"wp","href":"https:\/\/api.w.org\/{rel}","templated":true}]}}