{"id":88331,"date":"2018-09-21T05:02:10","date_gmt":"2018-09-21T09:02:10","guid":{"rendered":"http:\/\/www.eltrabajo.cl\/2017\/?p=88331"},"modified":"2018-09-21T05:02:10","modified_gmt":"2018-09-21T09:02:10","slug":"asi-se-vivio-la-larga-semana-de-descanso-y-fiestas-patria-en-san-felipe","status":"publish","type":"post","link":"https:\/\/eltrabajo.cl\/portal\/asi-se-vivio-la-larga-semana-de-descanso-y-fiestas-patria-en-san-felipe\/","title":{"rendered":"As\u00ed se vivi\u00f3 la larga semana de descanso y Fiestas Patria en San Felipe"},"content":{"rendered":"<figure id=\"attachment_88332\" aria-describedby=\"caption-attachment-88332\" style=\"width: 580px\" class=\"wp-caption alignnone\"><img data-recalc-dims=\"1\" loading=\"lazy\" decoding=\"async\" class=\"size-full wp-image-88332\" src=\"https:\/\/i0.wp.com\/www.eltrabajo.cl\/2017\/wp-content\/uploads\/2018\/09\/Patrias1.jpg?resize=580%2C400\" alt=\"As\u00ed arrancaron.- Este es el momento en que la Ramada Oficial de las Fiestas Patrias de San Felipe fue inaugurada en la medialuna del Club de Huasos de Bellavista.\" width=\"580\" height=\"400\" srcset=\"https:\/\/i0.wp.com\/eltrabajo.cl\/portal\/wp-content\/uploads\/2018\/09\/Patrias1.jpg?w=580&amp;ssl=1 580w, https:\/\/i0.wp.com\/eltrabajo.cl\/portal\/wp-content\/uploads\/2018\/09\/Patrias1.jpg?resize=200%2C138&amp;ssl=1 200w, https:\/\/i0.wp.com\/eltrabajo.cl\/portal\/wp-content\/uploads\/2018\/09\/Patrias1.jpg?resize=300%2C207&amp;ssl=1 300w, https:\/\/i0.wp.com\/eltrabajo.cl\/portal\/wp-content\/uploads\/2018\/09\/Patrias1.jpg?resize=218%2C150&amp;ssl=1 218w, https:\/\/i0.wp.com\/eltrabajo.cl\/portal\/wp-content\/uploads\/2018\/09\/Patrias1.jpg?resize=400%2C276&amp;ssl=1 400w\" sizes=\"auto, (max-width: 580px) 100vw, 580px\" \/><figcaption id=\"caption-attachment-88332\" class=\"wp-caption-text\">As\u00ed arrancaron.- Este es el momento en que la Ramada Oficial de las Fiestas Patrias de San Felipe fue inaugurada en la medialuna del Club de Huasos de Bellavista.<\/figcaption><\/figure>\n<p><span style=\"color: #ff0000;\"><strong>Cueca, asados, Te Deum y un largo descanso:<\/strong><\/span><\/p>\n<p>Una de las jornadas de descanso m\u00e1s largas de los \u00faltimos tiempos es de la que en Chile disfrutamos este a\u00f1o, unas Fiestas Patrias llenas de much\u00edsimas ramadas y esquinazos en todas las comunas del pa\u00eds y por ende, tambi\u00e9n del Valle de Aconcagua. Es por ello que en Diario El Trabajo hoy compartimos con nuestros lectores un amplio resumen gr\u00e1fico con miras a ilustrar algunas de estas actividades folcl\u00f3ricas desarrolladas en nuestra provincia.<br \/>\nPese a que desde principios de mes las actividades propias de nuestras Fiestas Patrias iniciaron al interior de las escuelas e instituciones como clubes del Adulto Mayor y empresas particulares, la Ramada Oficial fue inaugurada la noche del domingo 16 de septiembre en la Medialuna del Club de Huasos de Bellavista, sitial al que llegaron decenas de invitados especiales, entre ellos el Concejo Municipal en pleno, as\u00ed como varios consejeros regionales, adem\u00e1s el Senador Juan Ignacio Latorre, quien prefiri\u00f3 vivir ese d\u00eda la jornada en nuestra comuna y no en otras a las que fue invitado.<br \/>\n<strong>Roberto Gonz\u00e1lez Short<\/strong><\/p>\n<figure id=\"attachment_88333\" aria-describedby=\"caption-attachment-88333\" style=\"width: 580px\" class=\"wp-caption alignnone\"><img data-recalc-dims=\"1\" loading=\"lazy\" decoding=\"async\" class=\"size-full wp-image-88333\" src=\"https:\/\/i0.wp.com\/www.eltrabajo.cl\/2017\/wp-content\/uploads\/2018\/09\/Patrias4.jpg?resize=580%2C400\" alt=\"TEMPLO BEL\u00c9N.- Tambi\u00e9n los evang\u00e9licos tuvieron su pausa en el r\u00edgido protocolo religioso, desarrollando junto a las autoridades su propio Te Deum.\" width=\"580\" height=\"400\" srcset=\"https:\/\/i0.wp.com\/eltrabajo.cl\/portal\/wp-content\/uploads\/2018\/09\/Patrias4.jpg?w=580&amp;ssl=1 580w, https:\/\/i0.wp.com\/eltrabajo.cl\/portal\/wp-content\/uploads\/2018\/09\/Patrias4.jpg?resize=200%2C138&amp;ssl=1 200w, https:\/\/i0.wp.com\/eltrabajo.cl\/portal\/wp-content\/uploads\/2018\/09\/Patrias4.jpg?resize=300%2C207&amp;ssl=1 300w, https:\/\/i0.wp.com\/eltrabajo.cl\/portal\/wp-content\/uploads\/2018\/09\/Patrias4.jpg?resize=218%2C150&amp;ssl=1 218w, https:\/\/i0.wp.com\/eltrabajo.cl\/portal\/wp-content\/uploads\/2018\/09\/Patrias4.jpg?resize=400%2C276&amp;ssl=1 400w\" sizes=\"auto, (max-width: 580px) 100vw, 580px\" \/><figcaption id=\"caption-attachment-88333\" class=\"wp-caption-text\">TEMPLO BEL\u00c9N.- Tambi\u00e9n los evang\u00e9licos tuvieron su pausa en el r\u00edgido protocolo religioso, desarrollando junto a las autoridades su propio Te Deum.<\/figcaption><\/figure>\n<figure id=\"attachment_88334\" aria-describedby=\"caption-attachment-88334\" style=\"width: 580px\" class=\"wp-caption alignnone\"><img data-recalc-dims=\"1\" loading=\"lazy\" decoding=\"async\" class=\"size-full wp-image-88334\" src=\"https:\/\/i0.wp.com\/www.eltrabajo.cl\/2017\/wp-content\/uploads\/2018\/09\/Patrias5.jpg?resize=580%2C400\" alt=\"TREMENDO CARNAVAL.- Intensa fue la jornada en Bellavista, lugar en donde se concentr\u00f3 la acci\u00f3n en estas Fiestas Patrias, ya que el desfile principal del 18 fue cancelado a ra\u00edz del mal clima.\" width=\"580\" height=\"400\" srcset=\"https:\/\/i0.wp.com\/eltrabajo.cl\/portal\/wp-content\/uploads\/2018\/09\/Patrias5.jpg?w=580&amp;ssl=1 580w, https:\/\/i0.wp.com\/eltrabajo.cl\/portal\/wp-content\/uploads\/2018\/09\/Patrias5.jpg?resize=200%2C138&amp;ssl=1 200w, https:\/\/i0.wp.com\/eltrabajo.cl\/portal\/wp-content\/uploads\/2018\/09\/Patrias5.jpg?resize=300%2C207&amp;ssl=1 300w, https:\/\/i0.wp.com\/eltrabajo.cl\/portal\/wp-content\/uploads\/2018\/09\/Patrias5.jpg?resize=218%2C150&amp;ssl=1 218w, https:\/\/i0.wp.com\/eltrabajo.cl\/portal\/wp-content\/uploads\/2018\/09\/Patrias5.jpg?resize=400%2C276&amp;ssl=1 400w\" sizes=\"auto, (max-width: 580px) 100vw, 580px\" \/><figcaption id=\"caption-attachment-88334\" class=\"wp-caption-text\">TREMENDO CARNAVAL.- Intensa fue la jornada en Bellavista, lugar en donde se concentr\u00f3 la acci\u00f3n en estas Fiestas Patrias, ya que el desfile principal del 18 fue cancelado a ra\u00edz del mal clima.<\/figcaption><\/figure>\n","protected":false},"excerpt":{"rendered":"<p>Cueca, asados, Te Deum y un largo descanso: Una de las jornadas de descanso m\u00e1s largas de los \u00faltimos tiempos es de la que en Chile disfrutamos este a\u00f1o, unas Fiestas Patrias&#8230;<\/p>\n","protected":false},"author":1,"featured_media":88334,"comment_status":"closed","ping_status":"open","sticky":false,"template":"","format":"standard","meta":{"advanced_seo_description":"","jetpack_seo_html_title":"","jetpack_seo_noindex":false,"_jetpack_memberships_contains_paid_content":false,"footnotes":""},"categories":[15],"tags":[],"class_list":["post-88331","post","type-post","status-publish","format-standard","has-post-thumbnail","hentry","category-comunidad"],"jetpack_featured_media_url":"https:\/\/i0.wp.com\/eltrabajo.cl\/portal\/wp-content\/uploads\/2018\/09\/Patrias5.jpg?fit=580%2C400&ssl=1","jetpack_sharing_enabled":true,"jetpack_likes_enabled":true,"jetpack-related-posts":[],"_links":{"self":[{"href":"https:\/\/eltrabajo.cl\/portal\/wp-json\/wp\/v2\/posts\/88331","targetHints":{"allow":["GET"]}}],"collection":[{"href":"https:\/\/eltrabajo.cl\/portal\/wp-json\/wp\/v2\/posts"}],"about":[{"href":"https:\/\/eltrabajo.cl\/portal\/wp-json\/wp\/v2\/types\/post"}],"author":[{"embeddable":true,"href":"https:\/\/eltrabajo.cl\/portal\/wp-json\/wp\/v2\/users\/1"}],"replies":[{"embeddable":true,"href":"https:\/\/eltrabajo.cl\/portal\/wp-json\/wp\/v2\/comments?post=88331"}],"version-history":[{"count":0,"href":"https:\/\/eltrabajo.cl\/portal\/wp-json\/wp\/v2\/posts\/88331\/revisions"}],"wp:featuredmedia":[{"embeddable":true,"href":"https:\/\/eltrabajo.cl\/portal\/wp-json\/wp\/v2\/media\/88334"}],"wp:attachment":[{"href":"https:\/\/eltrabajo.cl\/portal\/wp-json\/wp\/v2\/media?parent=88331"}],"wp:term":[{"taxonomy":"category","embeddable":true,"href":"https:\/\/eltrabajo.cl\/portal\/wp-json\/wp\/v2\/categories?post=88331"},{"taxonomy":"post_tag","embeddable":true,"href":"https:\/\/eltrabajo.cl\/portal\/wp-json\/wp\/v2\/tags?post=88331"}],"curies":[{"name":"wp","href":"https:\/\/api.w.org\/{rel}","templated":true}]}}